

{"id":33473,"date":"2022-06-16T05:00:43","date_gmt":"2022-06-16T08:00:43","guid":{"rendered":"http:\/\/portalfloresnoar.com\/floresnoar\/?p=33473"},"modified":"2022-06-16T09:47:18","modified_gmt":"2022-06-16T12:47:18","slug":"artigo-os-florais-da-lua","status":"publish","type":"post","link":"https:\/\/portalfloresnoar.com\/floresnoar\/artigo-os-florais-da-lua\/","title":{"rendered":"[ARTIGO] Os Florais da Lua"},"content":{"rendered":"<p><img decoding=\"async\" loading=\"lazy\" class=\"aligncenter wp-image-33468\" src=\"http:\/\/portalfloresnoar.com\/floresnoar\/wp-content\/uploads\/2018\/06\/capacitacao-ginecologia-natural-anna-sazanoff-4.jpg\" alt=\"\" width=\"690\" height=\"460\" srcset=\"https:\/\/portalfloresnoar.com\/floresnoar\/wp-content\/uploads\/2018\/06\/capacitacao-ginecologia-natural-anna-sazanoff-4.jpg 960w, https:\/\/portalfloresnoar.com\/floresnoar\/wp-content\/uploads\/2018\/06\/capacitacao-ginecologia-natural-anna-sazanoff-4-300x200.jpg 300w, https:\/\/portalfloresnoar.com\/floresnoar\/wp-content\/uploads\/2018\/06\/capacitacao-ginecologia-natural-anna-sazanoff-4-768x512.jpg 768w, https:\/\/portalfloresnoar.com\/floresnoar\/wp-content\/uploads\/2018\/06\/capacitacao-ginecologia-natural-anna-sazanoff-4-700x467.jpg 700w\" sizes=\"(max-width: 690px) 100vw, 690px\" \/><\/p>\n<p>| <em><a href=\"http:\/\/saberesdamaeterra.com.br\" target=\"_blank\" rel=\"noopener\">Por Anna Sazanoff <\/a><\/em>|<\/p>\n<p>Os Florais da Lua surgiram do olhar amoroso sobre todas as fases do ciclo mensal e da vida da mulher, que requerem uma outra maneira de lidar com as mudan\u00e7as que vivemos todos os meses e na vida.<\/p>\n<p>Nada na natureza \u00e9 est\u00e1tico, ou acontece fora de uma sinfonia maior. Tudo \u00e9 c\u00edclico e de uma sabedoria estrondosa que, \u00e0s vezes, distra\u00eddos, n\u00e3o conseguimos perceber. Tratar de qualquer desarmonia f\u00edsica e emocional das mulheres sem se atentar a essa natureza c\u00edclica \u00e9 um desperd\u00edcio de energia.<\/p>\n<p>A cada 28 dias, se observarmos atentas o que a natureza est\u00e1 nos mostrando, conseguimos perceber onde mora a raiz da desarmonia. Por isso os Florais poder\u00e3o apoiar lindamente esse processo.<\/p>\n<p>Os Florais da Lua s\u00e3o compostos por 13 florais, a grande maioria de plantas brasileiras que abundam em nossa flora, ou da selva peruana ou dos Andes. \u00c9 dito que todas as medicinas que precisamos est\u00e3o num di\u00e2metro de 20 metros ao nosso redor.<\/p>\n<p>Se prestarmos aten\u00e7\u00e3o nas plantas que est\u00e3o nos nosso quintais e vizinhan\u00e7a e tivermos a curiosidade de pesquisar suas propriedades medicinais vamos nos surpreender. Tamb\u00e9m tive o cuidado de respeitar os ciclos das plantas, ou seja, s\u00f3 utiliza-las no preparo do floral no momento em que est\u00e3o plenas e cheias de vitalidade, na m\u00e1xima pot\u00eancia de sua medicina. E ao mesmo tempo escolher a lua de acordo com as potencialidades que queria imprimir a cada floral. A esta\u00e7\u00e3o do ano, a fase da lua, a luz do dia, as cores do c\u00e9u, os dias de chuva, os per\u00edodos do dia, algumas noites, a sequencia das plantas, tudo foi intu\u00eddo e cuidado com muito carinho.<\/p>\n<p>Alguns florais vieram em sonho, outros com um olhar embasbacado com a beleza gritante de algumas plantas pedindo para virarem floral, outras como um sussurro, que enquanto eu n\u00e3o colhesse a planta e transformasse em floral n\u00e3o sairia da minha cabe\u00e7a\u2026Intuitivo, sereno, feminino, misterioso, luminoso como a lua.<\/p>\n<p>Um processo que a mente, a racionalidade, a linearidade jamais entenderiam. E sinto que \u00e9 ai que realmente mora a beleza dos florais. Na sua natureza \u00fanica, como a nossa.<\/p>\n<h4><\/h4>\n","protected":false},"excerpt":{"rendered":"<p>| Por Anna Sazanoff | Os Florais da Lua surgiram do olhar amoroso sobre todas as fases do ciclo mensal e da vida da mulher, que requerem uma outra maneira de lidar com as mudan\u00e7as que vivemos todos os meses e na vida. Nada na natureza \u00e9 est\u00e1tico, ou acontece fora de uma sinfonia maior. [&hellip;]<\/p>\n","protected":false},"author":1,"featured_media":33468,"comment_status":"open","ping_status":"open","sticky":false,"template":"","format":"standard","meta":{"om_disable_all_campaigns":false,"_monsterinsights_skip_tracking":false,"_monsterinsights_sitenote_active":false,"_monsterinsights_sitenote_note":"","_monsterinsights_sitenote_category":0,"footnotes":""},"categories":[10],"tags":[70,701,126,435],"acf":[],"publishpress_future_action":{"enabled":false,"date":"1969-12-31 21:00:00","action":"","terms":[],"taxonomy":"","browser_timezone_offset":0},"_links":{"self":[{"href":"https:\/\/portalfloresnoar.com\/floresnoar\/wp-json\/wp\/v2\/posts\/33473"}],"collection":[{"href":"https:\/\/portalfloresnoar.com\/floresnoar\/wp-json\/wp\/v2\/posts"}],"about":[{"href":"https:\/\/portalfloresnoar.com\/floresnoar\/wp-json\/wp\/v2\/types\/post"}],"author":[{"embeddable":true,"href":"https:\/\/portalfloresnoar.com\/floresnoar\/wp-json\/wp\/v2\/users\/1"}],"replies":[{"embeddable":true,"href":"https:\/\/portalfloresnoar.com\/floresnoar\/wp-json\/wp\/v2\/comments?post=33473"}],"version-history":[{"count":0,"href":"https:\/\/portalfloresnoar.com\/floresnoar\/wp-json\/wp\/v2\/posts\/33473\/revisions"}],"wp:featuredmedia":[{"embeddable":true,"href":"https:\/\/portalfloresnoar.com\/floresnoar\/wp-json\/wp\/v2\/media\/33468"}],"wp:attachment":[{"href":"https:\/\/portalfloresnoar.com\/floresnoar\/wp-json\/wp\/v2\/media?parent=33473"}],"wp:term":[{"taxonomy":"category","embeddable":true,"href":"https:\/\/portalfloresnoar.com\/floresnoar\/wp-json\/wp\/v2\/categories?post=33473"},{"taxonomy":"post_tag","embeddable":true,"href":"https:\/\/portalfloresnoar.com\/floresnoar\/wp-json\/wp\/v2\/tags?post=33473"}],"curies":[{"name":"wp","href":"https:\/\/api.w.org\/{rel}","templated":true}]}}