

{"id":33408,"date":"2018-04-19T09:04:58","date_gmt":"2018-04-19T12:04:58","guid":{"rendered":"http:\/\/portalfloresnoar.com\/floresnoar\/?p=33408"},"modified":"2018-07-09T19:54:49","modified_gmt":"2018-07-09T22:54:49","slug":"agenda-pe-iniciando-no-sagrado-feminino-com-a-terapeuta-dani-lins-a-partir-de-7-de-julho-no-recife","status":"publish","type":"post","link":"https:\/\/portalfloresnoar.com\/floresnoar\/agenda-pe-iniciando-no-sagrado-feminino-com-a-terapeuta-dani-lins-a-partir-de-7-de-julho-no-recife\/","title":{"rendered":"[AGENDA PE] &#8216;Iniciando no Sagrado Feminino&#8217; com a terapeuta Dani Lins, a partir de 7 de julho, no Recife"},"content":{"rendered":"<p><img decoding=\"async\" loading=\"lazy\" class=\"aligncenter wp-image-33410\" src=\"http:\/\/portalfloresnoar.com\/floresnoar\/wp-content\/uploads\/2018\/06\/iniciando-no-sagrado-feminino-recife.jpg\" alt=\"\" width=\"615\" height=\"614\" srcset=\"https:\/\/portalfloresnoar.com\/floresnoar\/wp-content\/uploads\/2018\/06\/iniciando-no-sagrado-feminino-recife.jpg 690w, https:\/\/portalfloresnoar.com\/floresnoar\/wp-content\/uploads\/2018\/06\/iniciando-no-sagrado-feminino-recife-150x150.jpg 150w, https:\/\/portalfloresnoar.com\/floresnoar\/wp-content\/uploads\/2018\/06\/iniciando-no-sagrado-feminino-recife-300x300.jpg 300w, https:\/\/portalfloresnoar.com\/floresnoar\/wp-content\/uploads\/2018\/06\/iniciando-no-sagrado-feminino-recife-100x100.jpg 100w\" sizes=\"(max-width: 615px) 100vw, 615px\" \/><\/p>\n<p>A terapeuta, doula e Moon Mother Dani Lins facilita a partir do dia 7 de julho, na Casa Astral, no Recife, as viv\u00eancias &#8216;Iniciando no Sagrado Feminino&#8217;. Ser\u00e3o quatro encontros, voltados para meninas ap\u00f3s a menarca (1\u00aa menstrua\u00e7\u00e3o) e que t\u00eam at\u00e9 17 anos completos.<\/p>\n<p>Nas viv\u00eancias, as adolescentes aprender\u00e3o a anatomia e fisiologia da menstrua\u00e7\u00e3o, a identificar os arqu\u00e9tipos do ciclo menstrual, a criar sua Mandala Lunar, a como usar BioAbsorvente, iniciar na Ginecologia Natural e, por fim, poder vivenciar o Rito de Passagem.<\/p>\n<p>&#8220;Este \u00e9 um convite para todas as meninas que foram aben\u00e7oadas pela Lua. A primeira menstrua\u00e7\u00e3o (menarca) n\u00e3o marca apenas mudan\u00e7as fisiol\u00f3gicas no corpo da mulher, mas tamb\u00e9m mudan\u00e7as sociais e energ\u00e9ticas. \u00c9 uma profunda transforma\u00e7\u00e3o que na maioria das vezes s\u00e3o ignoradas ou vivenciadas em solid\u00e3o. Apesar da menstrua\u00e7\u00e3o n\u00e3o ser mais um grande mist\u00e9rio, muitas de n\u00f3s n\u00e3o temos mais informa\u00e7\u00f5es al\u00e9m das quest\u00f5es biol\u00f3gicas, muitas de n\u00f3s estamos desconectadas e raivosas com nossos ciclos. Este curso intenciona mergulhar no nosso \u00fatero buscando entender que o sangue menstrual \u00e9 parte natural de n\u00f3s, a aprender a nos cuidar de forma natural, a entender nossos processos mais profundos&#8221;, declara Dani Lins.<\/p>\n<p><strong><span style=\"letter-spacing: 0em;\">CRONOGRAMA<\/span><\/strong><br \/>\n1\u00ba encontro &#8211; Conhecendo nosso corpo;<br \/>\n2\u00ba encontro &#8211; Descobrindo as Deusas interiores;<br \/>\n3\u00ba encontro &#8211; Ginecologia natural: Menina\/mulher medicina;<br \/>\n4\u00ba encontro &#8211; Ritual da Menarca (Com a presen\u00e7a das m\u00e3es ou representantes)<\/p>\n<p><strong>Datas:<\/strong> 7, 14, 21, 28\/07 (s\u00e1bados de julho)<br \/>\n<strong>Hor\u00e1rio:<\/strong> Tr\u00eas primeiros encontros das 9h ao meio dia e o \u00faltimo encontro das 14 \u00e0s 18h<br \/>\n<strong>Local:<\/strong> Casa Astral &#8211; Rua Joaquim Xavier de Andrade, 104 &#8211; Po\u00e7o da Panela, Recife<br \/>\n<strong>Terapeuta:<\/strong> Dani Lins &#8211; Fisioterapeuta, Doula, Moon Mother e Atriz\/Pesquisadora<br \/>\n<strong>P\u00fablico alvo:<\/strong> Adolescentes que j\u00e1 passaram pela menarca (1\u00aa menstrua\u00e7\u00e3o) e t\u00eam at\u00e9 17 anos completos.<br \/>\n<strong>Valor de troca:<\/strong> R$450,00* (Sendo 50% para validar a inscri\u00e7\u00e3o e 50% no in\u00edcio de Julho ou o pagamento pode ser realizado no cr\u00e9dito atrav\u00e9s do pagseguro)<\/p>\n<p><em>*No valor est\u00e1 incluso participa\u00e7\u00e3o em todos os encontros, um Kit Menarca Flor da Lua, um brinde surpresa e uma Ben\u00e7\u00e3o do \u00datero individual (em consult\u00f3rio, a agendar previamente).<\/em><\/p>\n<p><strong>Formul\u00e1rio de inscri\u00e7\u00e3o:<\/strong> <a href=\"https:\/\/docs.google.com\/forms\/d\/1d72SnfvkhVklCzHrFzA3X2GRK6f_3o-_q2H1YHxkwOo\/edit\" target=\"_blank\" rel=\"noopener\">https:\/\/docs.google.com\/forms\/d\/1d72SnfvkhVklCzHrFzA3X2GRK6f_3o-_q2H1YHxkwOo\/edit<\/a><\/p>\n<p><strong>MAIS INFORMA\u00c7\u00d5ES<\/strong><br \/>\n(81) 99956-3113<br \/>\nflordaluasaudedamulher@gmail.com<\/p>\n","protected":false},"excerpt":{"rendered":"<p>A terapeuta, doula e Moon Mother Dani Lins facilita a partir do dia 7 de julho, na Casa Astral, no Recife, as viv\u00eancias &#8216;Iniciando no Sagrado Feminino&#8217;. Ser\u00e3o quatro encontros, voltados para meninas ap\u00f3s a menarca (1\u00aa menstrua\u00e7\u00e3o) e que t\u00eam at\u00e9 17 anos completos. Nas viv\u00eancias, as adolescentes aprender\u00e3o a anatomia e fisiologia da [&hellip;]<\/p>\n","protected":false},"author":1,"featured_media":33409,"comment_status":"open","ping_status":"open","sticky":false,"template":"","format":"standard","meta":{"om_disable_all_campaigns":false,"_monsterinsights_skip_tracking":false,"_monsterinsights_sitenote_active":false,"_monsterinsights_sitenote_note":"","_monsterinsights_sitenote_category":0,"footnotes":""},"categories":[8,214],"tags":[520,238,304],"acf":[],"publishpress_future_action":{"enabled":false,"date":"1969-12-31 21:00:00","action":"","terms":[],"taxonomy":"","browser_timezone_offset":0},"_links":{"self":[{"href":"https:\/\/portalfloresnoar.com\/floresnoar\/wp-json\/wp\/v2\/posts\/33408"}],"collection":[{"href":"https:\/\/portalfloresnoar.com\/floresnoar\/wp-json\/wp\/v2\/posts"}],"about":[{"href":"https:\/\/portalfloresnoar.com\/floresnoar\/wp-json\/wp\/v2\/types\/post"}],"author":[{"embeddable":true,"href":"https:\/\/portalfloresnoar.com\/floresnoar\/wp-json\/wp\/v2\/users\/1"}],"replies":[{"embeddable":true,"href":"https:\/\/portalfloresnoar.com\/floresnoar\/wp-json\/wp\/v2\/comments?post=33408"}],"version-history":[{"count":0,"href":"https:\/\/portalfloresnoar.com\/floresnoar\/wp-json\/wp\/v2\/posts\/33408\/revisions"}],"wp:featuredmedia":[{"embeddable":true,"href":"https:\/\/portalfloresnoar.com\/floresnoar\/wp-json\/wp\/v2\/media\/33409"}],"wp:attachment":[{"href":"https:\/\/portalfloresnoar.com\/floresnoar\/wp-json\/wp\/v2\/media?parent=33408"}],"wp:term":[{"taxonomy":"category","embeddable":true,"href":"https:\/\/portalfloresnoar.com\/floresnoar\/wp-json\/wp\/v2\/categories?post=33408"},{"taxonomy":"post_tag","embeddable":true,"href":"https:\/\/portalfloresnoar.com\/floresnoar\/wp-json\/wp\/v2\/tags?post=33408"}],"curies":[{"name":"wp","href":"https:\/\/api.w.org\/{rel}","templated":true}]}}