

{"id":33318,"date":"2018-04-12T09:12:13","date_gmt":"2018-04-12T12:12:13","guid":{"rendered":"http:\/\/portalfloresnoar.com\/floresnoar\/?p=33318"},"modified":"2018-06-19T10:52:05","modified_gmt":"2018-06-19T13:52:05","slug":"agenda-pe-encontro-vivencial-os-ambientes-e-a-autorrealizacao-neste-sabado-no-recife","status":"publish","type":"post","link":"https:\/\/portalfloresnoar.com\/floresnoar\/agenda-pe-encontro-vivencial-os-ambientes-e-a-autorrealizacao-neste-sabado-no-recife\/","title":{"rendered":"[AGENDA PE] Encontro vivencial &#8216;A Harmoniza\u00e7\u00e3o dos Ambientes e a Autorrealiza\u00e7\u00e3o&#8217;, dia 16\/6\/2018, no Recife"},"content":{"rendered":"<p>&nbsp;<\/p>\n<p><img decoding=\"async\" loading=\"lazy\" class=\"aligncenter wp-image-33349\" src=\"http:\/\/portalfloresnoar.com\/floresnoar\/wp-content\/uploads\/2018\/06\/feng-shui-no-recife.jpg\" alt=\"\" width=\"640\" height=\"640\" srcset=\"https:\/\/portalfloresnoar.com\/floresnoar\/wp-content\/uploads\/2018\/06\/feng-shui-no-recife.jpg 650w, https:\/\/portalfloresnoar.com\/floresnoar\/wp-content\/uploads\/2018\/06\/feng-shui-no-recife-150x150.jpg 150w, https:\/\/portalfloresnoar.com\/floresnoar\/wp-content\/uploads\/2018\/06\/feng-shui-no-recife-300x300.jpg 300w, https:\/\/portalfloresnoar.com\/floresnoar\/wp-content\/uploads\/2018\/06\/feng-shui-no-recife-100x100.jpg 100w\" sizes=\"(max-width: 640px) 100vw, 640px\" \/><\/p>\n<p>O Reflorescer promove no pr\u00f3ximo s\u00e1bado (16 de junho), das 15h \u00e0s 19h, o encontro vivencial &#8220;Os Ambientes e a Autorrealiza\u00e7\u00e3o&#8221;. A viv\u00eancia acontece no Equilibre Pr\u00e1ticas Sist\u00eamicas, localizado no bairro das Gra\u00e7as, no Recife.<\/p>\n<p>Com o objetivo de promover a Qualidade de Vida e a Autorrealiza\u00e7\u00e3o atrav\u00e9s do autoconhecimento e da harmoniza\u00e7\u00e3o dos ambientes &#8211; cuidando da morada interior e exterior -, o encontro celebra a chegada do Solst\u00edcio de Inverno e ser\u00e1 voltado a todas as pessoas que buscam harmonia e prosperidade em seus ambientes de moradia e trabalho.<\/p>\n<p>Para cada fase da rela\u00e7\u00e3o da Terra com o Sol &#8211; Solst\u00edcios e Equin\u00f3cios, a compreens\u00e3o de algumas a\u00e7\u00f5es s\u00e3o necess\u00e1rias, ou seja, o que \u00e9 bom para uma \u00e9poca, pode ser desfavor\u00e1vel em outra. As pr\u00e1ticas sazonais s\u00e3o muito mais do que simbolismos, s\u00e3o uma forma de revivermos a ordem natural da vida, aumentar nossa consci\u00eancia ecol\u00f3gica e promover mudan\u00e7as reafirmando o nosso compromisso com a vida. Na comemora\u00e7\u00e3o do inverno, \u00e9 importante que cada pessoa possa observar o que n\u00e3o seja mais necess\u00e1rio (seja alguma emo\u00e7\u00e3o, padr\u00e3o ou h\u00e1bito, objetos&#8230;), conectando-se assim com o seu interior, agradecendo, liberando e se preparando para um novo &#8216;Reflorescer'&#8221;, declara Prem Achala, facilitadora da viv\u00eancia.<\/p>\n<p>FACILITADORA<br \/>\n<strong>Prem Achala<\/strong> \u00c9 terapeuta de Ambientes, consultora e difusora do Feng Shui, psicoterapeuta, reikiana, consteladora Sist\u00eamica Familiar, idealizadora e guardi\u00e3 do Projeto Reflorescer &#8211; Qualidade de Vida, Autorrealiza\u00e7\u00e3o.<\/p>\n<p>CONTE\u00daDO<br \/>\n&#8211; A Sabedoria do Ancestral Feng Shui<br \/>\n&#8211; As energias Yin e Yang e os Princ\u00edpios Feminino e Masculino<br \/>\n&#8211; O Bagu\u00e1 e a for\u00e7a dos s\u00edmbolos<br \/>\n&#8211; A Constela\u00e7\u00e3o e as Leis Sist\u00eamica &#8211; &#8220;As Ordens do Amor&#8221;<br \/>\n&#8211; A Conex\u00e3o com a ancestralidade, a ess\u00eancia, o equil\u00edbrio e a harmonia sist\u00eamica<br \/>\n&#8211; Um olhar para a Morada Interior e Exterior e o Solst\u00edcio de Inverno<br \/>\n&#8211; A expans\u00e3o e a Autorrealiza\u00e7\u00e3o<\/p>\n<p><strong>Encontro vivencial &#8216;Os Ambientes e a Autorrealiza\u00e7\u00e3o&#8217;<\/strong><br \/>\n<strong>Dia:<\/strong> 16\/06\/2018 (s\u00e1bado)<br \/>\n<strong>Hor\u00e1rio:<\/strong> 15 \u00e0s 19h<br \/>\n<strong>Local:<\/strong> Equilibre &#8211; Pr\u00e1ticas Sist\u00eamicas: Rua An\u00edbal Falc\u00e3o, 151 &#8211; Gra\u00e7as &#8211; Recife (Pr\u00f3ximo \u00e0 Igreja das Gra\u00e7as).<br \/>\n<strong>Contribui\u00e7\u00e3o sugerida:<\/strong> R$ 50,00 (para dep\u00f3sito\/transfer\u00eancia, gentileza entrar em contato).<\/p>\n<p><em><strong>Obs.:<\/strong> Solicite a ficha de inscri\u00e7\u00e3o atrav\u00e9s do <strong>WhatsApp:<\/strong> (81) 9.9969-0239 ou pelo<strong> E-mail:<\/strong> reflorescer7@gmail.com<\/em><\/p>\n<p><em>Vagas Limitadas!<\/em><\/p>\n","protected":false},"excerpt":{"rendered":"<p>&nbsp; O Reflorescer promove no pr\u00f3ximo s\u00e1bado (16 de junho), das 15h \u00e0s 19h, o encontro vivencial &#8220;Os Ambientes e a Autorrealiza\u00e7\u00e3o&#8221;. A viv\u00eancia acontece no Equilibre Pr\u00e1ticas Sist\u00eamicas, localizado no bairro das Gra\u00e7as, no Recife. Com o objetivo de promover a Qualidade de Vida e a Autorrealiza\u00e7\u00e3o atrav\u00e9s do autoconhecimento e da harmoniza\u00e7\u00e3o dos [&hellip;]<\/p>\n","protected":false},"author":1,"featured_media":0,"comment_status":"open","ping_status":"open","sticky":false,"template":"","format":"standard","meta":{"om_disable_all_campaigns":false,"_monsterinsights_skip_tracking":false,"_monsterinsights_sitenote_active":false,"_monsterinsights_sitenote_note":"","_monsterinsights_sitenote_category":0,"footnotes":""},"categories":[8,214],"tags":[143,304],"acf":[],"publishpress_future_action":{"enabled":false,"date":"1969-12-31 21:00:00","action":"","terms":[],"taxonomy":"","browser_timezone_offset":0},"_links":{"self":[{"href":"https:\/\/portalfloresnoar.com\/floresnoar\/wp-json\/wp\/v2\/posts\/33318"}],"collection":[{"href":"https:\/\/portalfloresnoar.com\/floresnoar\/wp-json\/wp\/v2\/posts"}],"about":[{"href":"https:\/\/portalfloresnoar.com\/floresnoar\/wp-json\/wp\/v2\/types\/post"}],"author":[{"embeddable":true,"href":"https:\/\/portalfloresnoar.com\/floresnoar\/wp-json\/wp\/v2\/users\/1"}],"replies":[{"embeddable":true,"href":"https:\/\/portalfloresnoar.com\/floresnoar\/wp-json\/wp\/v2\/comments?post=33318"}],"version-history":[{"count":0,"href":"https:\/\/portalfloresnoar.com\/floresnoar\/wp-json\/wp\/v2\/posts\/33318\/revisions"}],"wp:attachment":[{"href":"https:\/\/portalfloresnoar.com\/floresnoar\/wp-json\/wp\/v2\/media?parent=33318"}],"wp:term":[{"taxonomy":"category","embeddable":true,"href":"https:\/\/portalfloresnoar.com\/floresnoar\/wp-json\/wp\/v2\/categories?post=33318"},{"taxonomy":"post_tag","embeddable":true,"href":"https:\/\/portalfloresnoar.com\/floresnoar\/wp-json\/wp\/v2\/tags?post=33318"}],"curies":[{"name":"wp","href":"https:\/\/api.w.org\/{rel}","templated":true}]}}