

{"id":33253,"date":"2018-03-04T10:06:08","date_gmt":"2018-03-04T13:06:08","guid":{"rendered":"http:\/\/portalfloresnoar.com\/floresnoar\/?p=33253"},"modified":"2018-06-07T15:15:37","modified_gmt":"2018-06-07T18:15:37","slug":"agenda-pe-palestra-aberta-sobre-a-formacao-em-pesquisa-de-materiais-expressivos-nesta-quarta-no-gerar","status":"publish","type":"post","link":"https:\/\/portalfloresnoar.com\/floresnoar\/agenda-pe-palestra-aberta-sobre-a-formacao-em-pesquisa-de-materiais-expressivos-nesta-quarta-no-gerar\/","title":{"rendered":"[AGENDA PE] Palestra aberta sobre a Forma\u00e7\u00e3o em Pesquisa de Materiais Expressivos, nesta quarta, no Gerar"},"content":{"rendered":"<p><img decoding=\"async\" loading=\"lazy\" class=\"aligncenter wp-image-31248\" src=\"http:\/\/portalfloresnoar.com\/floresnoar\/wp-content\/uploads\/2017\/10\/consultoria-materiais-expressivos-1.jpg\" alt=\"\" width=\"614\" height=\"347\" srcset=\"https:\/\/portalfloresnoar.com\/floresnoar\/wp-content\/uploads\/2017\/10\/consultoria-materiais-expressivos-1.jpg 720w, https:\/\/portalfloresnoar.com\/floresnoar\/wp-content\/uploads\/2017\/10\/consultoria-materiais-expressivos-1-300x170.jpg 300w, https:\/\/portalfloresnoar.com\/floresnoar\/wp-content\/uploads\/2017\/10\/consultoria-materiais-expressivos-1-700x396.jpg 700w\" sizes=\"(max-width: 614px) 100vw, 614px\" \/><\/p>\n<p>Na pr\u00f3xima quarta-feira (6\/6), \u00e0s 19h, o Espa\u00e7o Gerar promove uma palestra aberta sobre a <a href=\"https:\/\/portalfloresnoar.com\/floresnoar\/agenda-pe-formacao-em-pesquisa-de-materiais-expressivos-tem-inicio-dia-26-de-maio-no-espaco-gerar\/\" target=\"_blank\" rel=\"noopener\">Forma\u00e7\u00e3o em Pesquisa de Materiais Expressivos<\/a>. A palestra \u00e9 uma \u00f3tima oportunidade para quem deseja conhecer melhor a proposta da Forma\u00e7\u00e3o,\u00a0que tem in\u00edcio neste m\u00eas.<\/p>\n<p>A Forma\u00e7\u00e3o em Pesquisa de Materiais Expressivos acontecer\u00e1 em 12 m\u00f3dulos, com aulas mensais e encontros de supervis\u00e3o. O curso tamb\u00e9m inclui duas horas de consultoria por m\u00f3dulo. No total, cada m\u00f3dulo possui carga hor\u00e1ria de 13 horas. O primeiro m\u00f3dulo acontece no dia 9 de junho s\u00e1bado).<\/p>\n<p>No curso ser\u00e3o experimentados diversos materiais expressivos, como: papel, tintas, tecidos, fios, linhas, materiais org\u00e2nicos, l\u00e1pis diversos, arames, colas, massa de modelar, glitter, carimbos, reciclados, barro, miniaturas, madeira e novas tecnologias, entre outros materiais.<\/p>\n<p><em><strong><a href=\"https:\/\/portalfloresnoar.com\/floresnoar\/agenda-pe-formacao-em-pesquisa-de-materiais-expressivos-tem-inicio-dia-26-de-maio-no-espaco-gerar\/\" target=\"_blank\" rel=\"noopener\">Confira AQUI todas as informa\u00e7\u00f5es sobre a Forma\u00e7\u00e3o em Pesquisa de Materiais Expressivos!<\/a><\/strong><\/em><\/p>\n<p><strong>PALESTRA ABERTA<\/strong><br \/>\n<strong>Data:<\/strong> 6 de junho de 2018<br \/>\n<strong>Hora:<\/strong> 19h<br \/>\n<strong>Local:<\/strong> Gerar Arteterapia e Bem-Estar &#8211; Rua Jorge de Albuquerque, 103, Casa Forte, Recife\/PE<br \/>\n<a href=\"http:\/\/www.gerararteterapiaebemestar.com\/\" target=\"_blank\" rel=\"noopener\">http:\/\/www.gerararteterapiaebemestar.com\/<\/a><\/p>\n<p><strong>Confirme sua presen\u00e7a atrav\u00e9s dos telefones:<\/strong><br \/>\n(81) 3268-1749<br \/>\n(81) 9.9760-6383 (WhatsApp)<\/p>\n","protected":false},"excerpt":{"rendered":"<p>Na pr\u00f3xima quarta-feira (6\/6), \u00e0s 19h, o Espa\u00e7o Gerar promove uma palestra aberta sobre a Forma\u00e7\u00e3o em Pesquisa de Materiais Expressivos. A palestra \u00e9 uma \u00f3tima oportunidade para quem deseja conhecer melhor a proposta da Forma\u00e7\u00e3o,\u00a0que tem in\u00edcio neste m\u00eas. A Forma\u00e7\u00e3o em Pesquisa de Materiais Expressivos acontecer\u00e1 em 12 m\u00f3dulos, com aulas mensais e [&hellip;]<\/p>\n","protected":false},"author":1,"featured_media":31248,"comment_status":"open","ping_status":"open","sticky":false,"template":"","format":"standard","meta":{"om_disable_all_campaigns":false,"_monsterinsights_skip_tracking":false,"_monsterinsights_sitenote_active":false,"_monsterinsights_sitenote_note":"","_monsterinsights_sitenote_category":0,"footnotes":""},"categories":[8,214],"tags":[34,257,670,672],"acf":[],"publishpress_future_action":{"enabled":false,"date":"1969-12-31 21:00:00","action":"","terms":[],"taxonomy":"","browser_timezone_offset":0},"_links":{"self":[{"href":"https:\/\/portalfloresnoar.com\/floresnoar\/wp-json\/wp\/v2\/posts\/33253"}],"collection":[{"href":"https:\/\/portalfloresnoar.com\/floresnoar\/wp-json\/wp\/v2\/posts"}],"about":[{"href":"https:\/\/portalfloresnoar.com\/floresnoar\/wp-json\/wp\/v2\/types\/post"}],"author":[{"embeddable":true,"href":"https:\/\/portalfloresnoar.com\/floresnoar\/wp-json\/wp\/v2\/users\/1"}],"replies":[{"embeddable":true,"href":"https:\/\/portalfloresnoar.com\/floresnoar\/wp-json\/wp\/v2\/comments?post=33253"}],"version-history":[{"count":0,"href":"https:\/\/portalfloresnoar.com\/floresnoar\/wp-json\/wp\/v2\/posts\/33253\/revisions"}],"wp:featuredmedia":[{"embeddable":true,"href":"https:\/\/portalfloresnoar.com\/floresnoar\/wp-json\/wp\/v2\/media\/31248"}],"wp:attachment":[{"href":"https:\/\/portalfloresnoar.com\/floresnoar\/wp-json\/wp\/v2\/media?parent=33253"}],"wp:term":[{"taxonomy":"category","embeddable":true,"href":"https:\/\/portalfloresnoar.com\/floresnoar\/wp-json\/wp\/v2\/categories?post=33253"},{"taxonomy":"post_tag","embeddable":true,"href":"https:\/\/portalfloresnoar.com\/floresnoar\/wp-json\/wp\/v2\/tags?post=33253"}],"curies":[{"name":"wp","href":"https:\/\/api.w.org\/{rel}","templated":true}]}}