

{"id":33204,"date":"2018-02-28T16:10:23","date_gmt":"2018-02-28T19:10:23","guid":{"rendered":"http:\/\/portalfloresnoar.com\/floresnoar\/?p=33204"},"modified":"2018-05-31T13:55:16","modified_gmt":"2018-05-31T16:55:16","slug":"agenda-pe-vivencia-maternagem-a-luz-da-comunicacao-nao-violenta-dias-2-e-3-de-junho-com-maristela-lima","status":"publish","type":"post","link":"https:\/\/portalfloresnoar.com\/floresnoar\/agenda-pe-vivencia-maternagem-a-luz-da-comunicacao-nao-violenta-dias-2-e-3-de-junho-com-maristela-lima\/","title":{"rendered":"[AGENDA PE] Viv\u00eancia &#8216;Maternagem \u00e0 luz da comunica\u00e7\u00e3o n\u00e3o-violenta&#8217;, dias 2 e 3 de junho, com Maristela Lima"},"content":{"rendered":"<p><img decoding=\"async\" loading=\"lazy\" class=\"aligncenter wp-image-33206\" src=\"http:\/\/portalfloresnoar.com\/floresnoar\/wp-content\/uploads\/2018\/05\/maternagem.jpeg\" alt=\"\" width=\"548\" height=\"775\" srcset=\"https:\/\/portalfloresnoar.com\/floresnoar\/wp-content\/uploads\/2018\/05\/maternagem.jpeg 600w, https:\/\/portalfloresnoar.com\/floresnoar\/wp-content\/uploads\/2018\/05\/maternagem-212x300.jpeg 212w, https:\/\/portalfloresnoar.com\/floresnoar\/wp-content\/uploads\/2018\/05\/maternagem-495x700.jpeg 495w\" sizes=\"(max-width: 548px) 100vw, 548px\" \/><\/p>\n<p>Se voc\u00ea deseja conhecer ferramentas e receber informa\u00e7\u00f5es sobre como transformar a rela\u00e7\u00e3o consigo mesma, com seus filhos e com o mundo a sua volta, o projeto Cultivando o Cuidado, da especialista curitibana em Comunica\u00e7\u00e3o N\u00e3o-Violenta Maristela Lima, pousar\u00e1 no Recife e em Olinda,\u00a0nos dia 2 e 3 de junho, respectivamente, para uma breve jornada com a viv\u00eancia Maternagem \u00e0 luz da Comunica\u00e7\u00e3o N\u00e3o-Violenta.<\/p>\n<p>\u201cEsta viv\u00eancia \u00e9 um momento de trocas, partilhas e experi\u00eancias transformadoras. Uma ocasi\u00e3o para olhar para a rela\u00e7\u00e3o com as crian\u00e7as e com sua crian\u00e7a interna, ouvindo seu cora\u00e7\u00e3o e o cora\u00e7\u00e3o de outras mulheres, tamb\u00e9m m\u00e3es, tamb\u00e9m humanas como voc\u00ea. Uma ocasi\u00e3o para conhecer ferramentas empoderadoras para apoi\u00e1-la em seu caminho rumo a uma maternagem mais plena e consciente. Tudo isso num espa\u00e7o seguro e acolhedor, para que cada mulher possa se expressar em sua verdade, receber e dar empatia, fortalecendo a sororidade e criando possibilidades de aumentar sua rede de apoio\u201d, diz Maristela Lima.<\/p>\n<p>A base deste trabalho \u00e9 a Comunica\u00e7\u00e3o N\u00e3o-Violenta, abordagem desenvolvida pelo psic\u00f3logo norte-americano Marshall Rosenberg h\u00e1 mais de 50 anos, que vem sendo usada ao redor do mundo para promover a compet\u00eancia relacional e a resili\u00eancia emocional necess\u00e1rias para nutrir e restaurar as conex\u00f5es humanas, resgatando o poder do di\u00e1logo e da empatia, mesmo perante comportamentos e situa\u00e7\u00f5es desafiadoras.<\/p>\n<p>Maristela afirma ainda que \u201cestar entre mulheres \u00e9 muito potente! M\u00e3es precisam da companhia umas das outras. Para lembrar que quest\u00f5es como medos, experi\u00eancias, dores e alegrias que trazem em seu cora\u00e7\u00e3o fazem parte da maternagem e que todas passamos por processos semelhantes. Ao nos reconhecermos umas nas outras, nos libertamos do peso de nos imaginarmos s\u00f3s, pois nos lembramos de nossa humanidade compartilhada.\u201d<\/p>\n<p>FACILITADORA<br \/>\nMaristela Lima pesquisa, pratica e partilha a Comunica\u00e7\u00e3o N\u00e3o-Violenta h\u00e1 8 anos. Desde que se tornou m\u00e3e, o foco de sua investiga\u00e7\u00e3o tem sido a rela\u00e7\u00e3o m\u00e3e-filho e o auto-cuidado na rela\u00e7\u00e3o de maternagem. \u00c9 criadora do projeto Cultivando o Cuidado &#8211; apoio, empatia e empoderamento materno, resultado de todo este caminho de aprendizagem, aliado \u00e0s suas experi\u00eancias como terapeuta e educadora.<\/p>\n<p>SERVI\u00c7O<br \/>\n<strong>Maternagem \u00e0 luz da Comunica\u00e7\u00e3o N\u00e3o-Violenta | Viv\u00eancia com Maristela Lima<\/strong><br \/>\n<strong>Quando:<\/strong>\u00a02 de junho de 2018 (S\u00e1bado) | das 9h \u00e0s 17h<br \/>\n<strong>Onde:<\/strong> Casa Fl\u00f4 | Rua Joaquim Xavier de Andrade, n\u00ba151 &#8211; Po\u00e7o da Panela, Recife &#8211; PE<\/p>\n<p><strong>Quando:<\/strong> 3 de junho de 2018 (Domingo) | das 9h \u00e0s 17h<br \/>\n<strong>Onde:<\/strong> Espa\u00e7o Lumiar | R. Bar\u00e3o de S\u00e3o Borja, n\u00ba 491 &#8211; Jardim Fragoso, Olinda &#8211; PE<\/p>\n<p><em>Escolha sua melhor data e local!<\/em><\/p>\n<p><strong>Contribui\u00e7\u00e3o Financeira:<\/strong><br \/>\nlote 1: R$ 189,00 &#8211; At\u00e9 20\/05 &#8211; Esgotado<\/p>\n<p>lote 2: R$ 234,00 &#8211; At\u00e9 25\/05 -Esgotado<\/p>\n<p>lote 3: R$ 270,00 &#8211; At\u00e9 01\/06<\/p>\n<p><em><strong>ATEN\u00c7\u00c3O:<\/strong> Leitoras do Portal Flores no Ar ter\u00e3o um desconto especial! \u00c9 s\u00f3 entrar em contato com a produ\u00e7\u00e3o da viv\u00eancia (nos contatos abaixo), se identificando como leitora do nosso Portal<\/em> ;)<\/p>\n<p><strong>Inscri\u00e7\u00f5es atrav\u00e9s deste link:<\/strong> https:\/\/goo.gl\/forms\/EraBxMktOHDjOcz03<\/p>\n<p><strong>Evento no Facebook:<\/strong> https:\/\/www.facebook.com\/events\/436732830085050\/<\/p>\n<p><strong>Mais informa\u00e7\u00f5es<\/strong><br \/>\n81 982500243 &#8211; Brisa Ang\u00e9lica<br \/>\n81 995348348 &#8211; Juanna Silvestre<\/p>\n<p><strong>Cultivando o Cuidado nas Redes<\/strong><br \/>\n<strong>Facebook:<\/strong> <a href=\"https:\/\/www.facebook.com\/cultivandocuidado\" target=\"_blank\" rel=\"noopener\">facebook.com\/cultivandocuidado<\/a><br \/>\n<strong>Instagram:<\/strong> @cultivandocuidado<\/p>\n","protected":false},"excerpt":{"rendered":"<p>Se voc\u00ea deseja conhecer ferramentas e receber informa\u00e7\u00f5es sobre como transformar a rela\u00e7\u00e3o consigo mesma, com seus filhos e com o mundo a sua volta, o projeto Cultivando o Cuidado, da especialista curitibana em Comunica\u00e7\u00e3o N\u00e3o-Violenta Maristela Lima, pousar\u00e1 no Recife e em Olinda,\u00a0nos dia 2 e 3 de junho, respectivamente, para uma breve jornada [&hellip;]<\/p>\n","protected":false},"author":1,"featured_media":33207,"comment_status":"open","ping_status":"open","sticky":false,"template":"","format":"standard","meta":{"om_disable_all_campaigns":false,"_monsterinsights_skip_tracking":false,"_monsterinsights_sitenote_active":false,"_monsterinsights_sitenote_note":"","_monsterinsights_sitenote_category":0,"footnotes":""},"categories":[8,214],"tags":[274,696,22,304],"acf":[],"publishpress_future_action":{"enabled":false,"date":"1969-12-31 21:00:00","action":"","terms":[],"taxonomy":"","browser_timezone_offset":0},"_links":{"self":[{"href":"https:\/\/portalfloresnoar.com\/floresnoar\/wp-json\/wp\/v2\/posts\/33204"}],"collection":[{"href":"https:\/\/portalfloresnoar.com\/floresnoar\/wp-json\/wp\/v2\/posts"}],"about":[{"href":"https:\/\/portalfloresnoar.com\/floresnoar\/wp-json\/wp\/v2\/types\/post"}],"author":[{"embeddable":true,"href":"https:\/\/portalfloresnoar.com\/floresnoar\/wp-json\/wp\/v2\/users\/1"}],"replies":[{"embeddable":true,"href":"https:\/\/portalfloresnoar.com\/floresnoar\/wp-json\/wp\/v2\/comments?post=33204"}],"version-history":[{"count":0,"href":"https:\/\/portalfloresnoar.com\/floresnoar\/wp-json\/wp\/v2\/posts\/33204\/revisions"}],"wp:featuredmedia":[{"embeddable":true,"href":"https:\/\/portalfloresnoar.com\/floresnoar\/wp-json\/wp\/v2\/media\/33207"}],"wp:attachment":[{"href":"https:\/\/portalfloresnoar.com\/floresnoar\/wp-json\/wp\/v2\/media?parent=33204"}],"wp:term":[{"taxonomy":"category","embeddable":true,"href":"https:\/\/portalfloresnoar.com\/floresnoar\/wp-json\/wp\/v2\/categories?post=33204"},{"taxonomy":"post_tag","embeddable":true,"href":"https:\/\/portalfloresnoar.com\/floresnoar\/wp-json\/wp\/v2\/tags?post=33204"}],"curies":[{"name":"wp","href":"https:\/\/api.w.org\/{rel}","templated":true}]}}