

{"id":33183,"date":"2018-07-11T12:46:46","date_gmt":"2018-07-11T15:46:46","guid":{"rendered":"http:\/\/portalfloresnoar.com\/floresnoar\/?p=33183"},"modified":"2019-02-04T16:05:49","modified_gmt":"2019-02-04T19:05:49","slug":"agenda-pe-acompanhamento-ayurvedico-com-a-terapeuta-alexandra-de-sousa-no-recife","status":"publish","type":"post","link":"https:\/\/portalfloresnoar.com\/floresnoar\/agenda-pe-acompanhamento-ayurvedico-com-a-terapeuta-alexandra-de-sousa-no-recife\/","title":{"rendered":"[AGENDA PE] Acompanhamento Ayurv\u00e9dico com a terapeuta Alexandra de Sousa no Recife"},"content":{"rendered":"<figure id=\"attachment_33187\" aria-describedby=\"caption-attachment-33187\" style=\"width: 651px\" class=\"wp-caption aligncenter\"><img decoding=\"async\" loading=\"lazy\" class=\"wp-image-33187 \" src=\"http:\/\/portalfloresnoar.com\/floresnoar\/wp-content\/uploads\/2018\/05\/terapia-ayurvedica-recife.jpg\" alt=\"\" width=\"651\" height=\"332\" srcset=\"https:\/\/portalfloresnoar.com\/floresnoar\/wp-content\/uploads\/2018\/05\/terapia-ayurvedica-recife.jpg 720w, https:\/\/portalfloresnoar.com\/floresnoar\/wp-content\/uploads\/2018\/05\/terapia-ayurvedica-recife-300x153.jpg 300w, https:\/\/portalfloresnoar.com\/floresnoar\/wp-content\/uploads\/2018\/05\/terapia-ayurvedica-recife-700x357.jpg 700w\" sizes=\"(max-width: 651px) 100vw, 651px\" \/><figcaption id=\"caption-attachment-33187\" class=\"wp-caption-text\">Procedimento terap\u00eautico Greeva Basti. O objetivo da aplica\u00e7\u00e3o do Basti em um paciente \u00e9 o de represar \u00f3leo medicado para al\u00edvio de dores e libera\u00e7\u00e3o do fluxo energ\u00e9tico.<\/figcaption><\/figure>\n<p>A terapeuta Ayurv\u00e9dica Alexandra de Sousa oferece Acompanhamento Ayurv\u00e9dico para Qualidade de Vida, com foco na alimenta\u00e7\u00e3o, uso de ervas e pr\u00e1ticas de autocuidados. Os atendimentos s\u00e3o realizados em seu consult\u00f3rio, localizado no bairro de Boa Viagem, no Recife.<\/p>\n<p>&#8220;O Ayurveda n\u00e3o enxerga o ser humano apenas como um grupo espec\u00edfico de processos bioqu\u00edmicos, nem o v\u00ea como um produto das circunst\u00e2ncias sociais. Embora, claro, todos esses fatores sejam relevantes, para esse sistema milenar de cura, a alma do homem est\u00e1 ligada \u00e0 mente e ao corpo, mas sem se limitar a eles, uma vez que formam, em conjunto, um instrumento pelo qual a alma se manifesta&#8221;, declara Alexandra. Ela explica que, com base nisso, a ci\u00eancia ayurv\u00e9dica tem m\u00e9todos espec\u00edficos para trabalhar com cada um desses aspectos, melhorar o desenvolvimento espiritual e promover o bem-estar da mente.<\/p>\n<p>&#8220;As nossas impress\u00f5es diante do mundo e o modo como as digerimos, a nossa alimenta\u00e7\u00e3o, o uso que podemos fazer de ervas, cores, aromas e mantras, por exemplo, s\u00e3o importantes instrumentos para mudar a nossa consci\u00eancia e nos levar a um estado de mais harmonia conosco e com o mundo. Al\u00e9m disso, est\u00e3o, tamb\u00e9m, como parte importante deste tipo de tratamento ayurv\u00e9dico, a comunica\u00e7\u00e3o e, portanto, o aconselhamento visando uma reeduca\u00e7\u00e3o comportamental a partir de modifica\u00e7\u00f5es do padr\u00e3o mental. Estes, inclusive, s\u00e3o, provavelmente, os instrumentos mais importantes e, no todo, significam, na verdade, um caminho de estudos e prescri\u00e7\u00f5es para a a\u00e7\u00e3o, onde o paciente se coloca mais como estudante de si mesmo e o terapeuta como um facilitador para o acesso a esse universo particular e profundo.&#8221;<\/p>\n<p>A terapeuta alerta que os desequil\u00edbrios f\u00edsicos e psicol\u00f3gicos fortalecem-se uns aos outros, como a rotina de alimenta\u00e7\u00e3o e pr\u00e1tica de exerc\u00edcios refletindo as condi\u00e7\u00f5es de nossa mente. Os psicol\u00f3gicos, vale lembrar, envolvem problemas sociais e pessoais, como dificuldades com a profiss\u00e3o e nos relacionamentos. Al\u00e9m disso, as condi\u00e7\u00f5es espirituais s\u00e3o as principais fontes do sofrimento mental, pois s\u00f3 a nossa consci\u00eancia superior tem o poder de levar a paz \u00e0 mente, mut\u00e1vel e inst\u00e1vel por natureza. Desta forma, na pr\u00e1tica, o trabalho de acompanhamento ayurv\u00e9dico para qualidade de vida se estrutura a partir de quatro \u00e1reas fundamentais:<\/p>\n<p><em>Fatores f\u00edsicos \u2013 alimenta\u00e7\u00e3o, uso de ervas, autocuidados como automassagem e atividades em geral;<\/em><\/p>\n<p><em>Fatores Psicol\u00f3gicos \u2013 impress\u00f5es, emo\u00e7\u00f5es, pensamentos;<\/em><\/p>\n<p><em>Fatores Sociais \u2013 trabalho, lazer, relacionamentos afetivos;<\/em><\/p>\n<p><em>Fatores Espirituais \u2013 respira\u00e7\u00e3o, yoga, medita\u00e7\u00e3o.<\/em><\/p>\n<p>Assim sendo, os tratamentos ayurv\u00e9dicos propostos nessa metodologia ocupam-se de equilibrar os humores biol\u00f3gicos (vata, pitta e kapha), fortalecer a energia vital em suas principais formas, harmonizar a mente e os sentidos e ampliar o n\u00edvel de consci\u00eancia, seguindo configura\u00e7\u00f5es pr\u00e9 determinadas e protocolos individualizados.<\/p>\n<p><strong><img decoding=\"async\" loading=\"lazy\" class=\"wp-image-33186 alignleft\" src=\"http:\/\/portalfloresnoar.com\/floresnoar\/wp-content\/uploads\/2018\/05\/terapeuta-alexandra-de-souza.jpg\" alt=\"\" width=\"205\" height=\"218\" srcset=\"https:\/\/portalfloresnoar.com\/floresnoar\/wp-content\/uploads\/2018\/05\/terapeuta-alexandra-de-souza.jpg 400w, https:\/\/portalfloresnoar.com\/floresnoar\/wp-content\/uploads\/2018\/05\/terapeuta-alexandra-de-souza-281x300.jpg 281w\" sizes=\"(max-width: 205px) 100vw, 205px\" \/><\/strong><\/p>\n<p>&nbsp;<\/p>\n<p><strong>Alexandra de Sousa<\/strong>\u00a0 \u00e9 terapeuta Ayurv\u00e9dica, com atua\u00e7\u00e3o cl\u00ednica na cidade do Recife, formada pela Associa\u00e7\u00e3o Brasileira de Ayurveda \u2013 ABRA e com forma\u00e7\u00e3o internacional pelo Arya Vaidya Pharmacy Training Academy &#8211; AVP, em sistema de imers\u00e3o em Coimbatore, sul da \u00cdndia, em janeiro de 2018.<\/p>\n<p><strong>TABELA MULHER<\/strong><\/p>\n<p><strong>Formato 1<\/strong> &#8211; R$ 420,00 (Parcelamento em at\u00e9 2 vezes)<br \/>\n&#8211; 1 sess\u00e3o \u2013 Diagn\u00f3stico \u2013 dura\u00e7\u00e3o de at\u00e9 2 horas;<br \/>\n&#8211; 1 sess\u00e3o \u2013 Terap\u00eautica \u2013 dura\u00e7\u00e3o de at\u00e9 1h30minutos;<br \/>\n&#8211; Plano de Recomenda\u00e7\u00f5es de Autocuidados para 28 dias \u2013 dois per\u00edodos de 14 dias;<br \/>\n&#8211; Acompanhamento online;<br \/>\n&#8211; Considera\u00e7\u00f5es e recomenda\u00e7\u00f5es gerais para manuten\u00e7\u00e3o de autocuidados \u2013 entregue online.<\/p>\n<p><strong>Formato 2<\/strong> \u2013 R$ 680,00 (Parcelamento em at\u00e9 3 vezes)<br \/>\n&#8211; 1 sess\u00e3o para Diagn\u00f3stico \u2013 dura\u00e7\u00e3o de at\u00e9 2 horas;<br \/>\n&#8211; 2 sess\u00f5es Terap\u00eauticas \u2013 dura\u00e7\u00e3o de at\u00e9 1h30 minutos;<br \/>\n&#8211; Plano de Recomenda\u00e7\u00f5es de Autocuidados para 42 dias \u2013 tr\u00eas per\u00edodos de 14 dias;<br \/>\n&#8211; Acompanhamento online;<br \/>\n&#8211; 1 sess\u00e3o de volta \u2013 dura\u00e7\u00e3o de at\u00e9 1h \u2013 no prazo de 1 m\u00eas ap\u00f3s a conclus\u00e3o dos 42 dias;<br \/>\n&#8211; Considera\u00e7\u00f5es e recomenda\u00e7\u00f5es gerais para manuten\u00e7\u00e3o de autocuidados \u2013 entregue presencialmente na sess\u00e3o de volta.<\/p>\n<p><strong>Formato 3<\/strong> \u2013 R$ 920,00 (Parcelamento em at\u00e9 4 vezes)<br \/>\n&#8211; 1 sess\u00e3o para Diagn\u00f3stico \u2013 dura\u00e7\u00e3o de at\u00e9 2 horas;<br \/>\n&#8211; 4 sess\u00f5es Terap\u00eauticas \u2013 dura\u00e7\u00e3o de at\u00e9 1h30minutos;<br \/>\n&#8211; Plano de Recomenda\u00e7\u00f5es de Autocuidados para 56 dias \u2013 quatro per\u00edodos de 14 dias;<br \/>\n&#8211; Acompanhamento online;<br \/>\n&#8211; 1 sess\u00e3o de volta \u2013 dura\u00e7\u00e3o de at\u00e9 1h \u2013 no prazo de 1 m\u00eas ap\u00f3s a conclus\u00e3o dos 42 dias;<br \/>\n&#8211; Considera\u00e7\u00f5es e recomenda\u00e7\u00f5es gerais para manuten\u00e7\u00e3o de autocuidados &#8211; entregue presencialmente na sess\u00e3o de volta.<\/p>\n<p><strong>Outros formatos:<\/strong><br \/>\n&#8211; Sess\u00e3o Avulsa para Diagn\u00f3stico &#8211; R$ 300,00 \u2013 dura\u00e7\u00e3o de at\u00e9 2 horas;<br \/>\n&#8211; Sess\u00e3o Terap\u00eautica Programada Avulsa \u2013 250,00 \u2013 dura\u00e7\u00e3o de at\u00e9 2 horas;<br \/>\n&#8211; Sess\u00e3o Avulsa de Aconselhamento para n\u00e3o pacientes \u2013 R$ 150,00 \u2013 dura\u00e7\u00e3o de at\u00e9 1hora;<br \/>\n&#8211; Sess\u00e3o Avulsa de Aconselhamento para pacientes em acompanhamento \u2013 R$ 100,00 \u2013 dura\u00e7\u00e3o de at\u00e9 1hora.<\/p>\n<p><strong>TABELA HOMEM<\/strong><\/p>\n<p><strong>Formato 1 &#8211;<\/strong> R$ 570,00 (parcelamento em at\u00e9 2 vezes)<br \/>\n&#8211; 1 sess\u00e3o \u2013 Diagn\u00f3stico \u2013 dura\u00e7\u00e3o de at\u00e9 2 horas;<br \/>\n&#8211; 1 sess\u00e3o \u2013 Terap\u00eautica \u2013 dura\u00e7\u00e3o de at\u00e9 1h30minutos;<br \/>\n&#8211; Plano de Recomenda\u00e7\u00f5es de Autocuidados para 28 dias \u2013 dois per\u00edodos de 14 dias;<br \/>\n&#8211; Acompanhamento online;<br \/>\n&#8211; Considera\u00e7\u00f5es e recomenda\u00e7\u00f5es gerais para manuten\u00e7\u00e3o de autocuidados \u2013 entregue online.<\/p>\n<p><strong>Formato 2<\/strong> \u2013 R$ 830,00 (parcelamento em at\u00e9 3 vezes)<br \/>\n&#8211; 1 sess\u00e3o para Diagn\u00f3stico \u2013 dura\u00e7\u00e3o de at\u00e9 2 horas;<br \/>\n&#8211; 2 sess\u00f5es Terap\u00eauticas \u2013 dura\u00e7\u00e3o de at\u00e9 1h30minutos;<br \/>\n&#8211; Plano de Recomenda\u00e7\u00f5es de Autocuidados para 42 dias \u2013 tr\u00eas per\u00edodos de 14 dias;<br \/>\n&#8211; Acompanhamento online;<br \/>\n&#8211; 1 sess\u00e3o de volta \u2013 dura\u00e7\u00e3o de at\u00e9 1h \u2013 no prazo de 1 m\u00eas ap\u00f3s a conclus\u00e3o dos 42 dias;<br \/>\n&#8211; Considera\u00e7\u00f5es e recomenda\u00e7\u00f5es gerais para manuten\u00e7\u00e3o de autocuidados \u2013 entregue presencialmente na sess\u00e3o de volta.<\/p>\n<p><strong>Formato 3<\/strong> \u2013 R$ 1.070,00 (parcelamento em at\u00e9 4 vezes)<br \/>\n&#8211; 1 sess\u00e3o para Diagn\u00f3stico \u2013 dura\u00e7\u00e3o de at\u00e9 2 horas;<br \/>\n&#8211; 4 sess\u00f5es Terap\u00eauticas \u2013 dura\u00e7\u00e3o de at\u00e9 1h30minutos;<br \/>\n&#8211; Plano de Recomenda\u00e7\u00f5es de Autocuidados para 56 dias \u2013 quatro per\u00edodos de 14 dias;<br \/>\n&#8211; Acompanhamento online;<br \/>\n&#8211; 1 sess\u00e3o de volta \u2013 dura\u00e7\u00e3o de at\u00e9 1h \u2013 no prazo de 1 m\u00eas ap\u00f3s a conclus\u00e3o dos 42 dias;<br \/>\n&#8211; Considera\u00e7\u00f5es e recomenda\u00e7\u00f5es gerais para manuten\u00e7\u00e3o de autocuidados &#8211; entregue presencialmente na sess\u00e3o de volta.<\/p>\n<p><strong>Outros formatos:<\/strong><br \/>\n&#8211; Sess\u00e3o Avulsa para Diagn\u00f3stico &#8211; R$ 450,00 \u2013 dura\u00e7\u00e3o de at\u00e9 2 horas;<br \/>\n&#8211; Sess\u00e3o Terap\u00eautica Programada Avulsa \u2013 400,00 \u2013 dura\u00e7\u00e3o de at\u00e9 2 horas;<br \/>\n&#8211; Sess\u00e3o Avulsa de Aconselhamento para n\u00e3o pacientes \u2013 R$ 225,00 \u2013 dura\u00e7\u00e3o de at\u00e9 1hora;<br \/>\n&#8211; Sess\u00e3o Avulsa de Aconselhamento para pacientes em acompanhamento \u2013 R$ 175,00 \u2013 dura\u00e7\u00e3o de at\u00e9 1hora.<\/p>\n<p><em><strong>Observa\u00e7\u00f5es:<\/strong><\/em><br \/>\n<em>&#8211; Os atendimentos presenciais s\u00e3o realizados apenas mediante agendamento pr\u00e9vio;<\/em><\/p>\n<p><em>&#8211; Para saber os dias e hor\u00e1rios de atendimentos basta entrar em contato por e-mail ou WhatsApp \u2013 indicados mais abaixo;<\/em><\/p>\n<p><em>&#8211; Condi\u00e7\u00f5es especiais para os pacotes extras de sess\u00f5es terap\u00eauticas:<\/em><br \/>\n<em> 4 a 6 sess\u00f5es \u2013 desc. 10% &#8211; dura\u00e7\u00e3o de at\u00e9 1h30min \u2013 parcelamento em at\u00e9 2 vezes<\/em><br \/>\n<em> 7 a 10 sess\u00f5es \u2013 desc. 15% &#8211; dura\u00e7\u00e3o de at\u00e9 1h30min \u2013 parcelamento em at\u00e9 4 vezes<\/em><\/p>\n<p><em>&#8211; Estes formatos podem ser alterados a qualquer momento.<\/em><\/p>\n<p>AGENDAMENTO E MAIS INFORMA\u00c7\u00d5ES<br \/>\n<strong>E-mail:<\/strong> alexandra@asousa.com.br<br \/>\n<strong>WhatsApp:<\/strong> (81) 99998-2933<\/p>\n","protected":false},"excerpt":{"rendered":"<p>A terapeuta Ayurv\u00e9dica Alexandra de Sousa oferece Acompanhamento Ayurv\u00e9dico para Qualidade de Vida, com foco na alimenta\u00e7\u00e3o, uso de ervas e pr\u00e1ticas de autocuidados. Os atendimentos s\u00e3o realizados em seu consult\u00f3rio, localizado no bairro de Boa Viagem, no Recife. &#8220;O Ayurveda n\u00e3o enxerga o ser humano apenas como um grupo espec\u00edfico de processos bioqu\u00edmicos, nem [&hellip;]<\/p>\n","protected":false},"author":1,"featured_media":33188,"comment_status":"open","ping_status":"open","sticky":false,"template":"","format":"standard","meta":{"om_disable_all_campaigns":false,"_monsterinsights_skip_tracking":false,"_monsterinsights_sitenote_active":false,"_monsterinsights_sitenote_note":"","_monsterinsights_sitenote_category":0,"footnotes":""},"categories":[8,214],"tags":[325,114,691],"acf":[],"publishpress_future_action":{"enabled":false,"date":"1969-12-31 21:00:00","action":"","terms":[],"taxonomy":"","browser_timezone_offset":0},"_links":{"self":[{"href":"https:\/\/portalfloresnoar.com\/floresnoar\/wp-json\/wp\/v2\/posts\/33183"}],"collection":[{"href":"https:\/\/portalfloresnoar.com\/floresnoar\/wp-json\/wp\/v2\/posts"}],"about":[{"href":"https:\/\/portalfloresnoar.com\/floresnoar\/wp-json\/wp\/v2\/types\/post"}],"author":[{"embeddable":true,"href":"https:\/\/portalfloresnoar.com\/floresnoar\/wp-json\/wp\/v2\/users\/1"}],"replies":[{"embeddable":true,"href":"https:\/\/portalfloresnoar.com\/floresnoar\/wp-json\/wp\/v2\/comments?post=33183"}],"version-history":[{"count":0,"href":"https:\/\/portalfloresnoar.com\/floresnoar\/wp-json\/wp\/v2\/posts\/33183\/revisions"}],"wp:featuredmedia":[{"embeddable":true,"href":"https:\/\/portalfloresnoar.com\/floresnoar\/wp-json\/wp\/v2\/media\/33188"}],"wp:attachment":[{"href":"https:\/\/portalfloresnoar.com\/floresnoar\/wp-json\/wp\/v2\/media?parent=33183"}],"wp:term":[{"taxonomy":"category","embeddable":true,"href":"https:\/\/portalfloresnoar.com\/floresnoar\/wp-json\/wp\/v2\/categories?post=33183"},{"taxonomy":"post_tag","embeddable":true,"href":"https:\/\/portalfloresnoar.com\/floresnoar\/wp-json\/wp\/v2\/tags?post=33183"}],"curies":[{"name":"wp","href":"https:\/\/api.w.org\/{rel}","templated":true}]}}