

{"id":33158,"date":"2018-03-23T15:51:50","date_gmt":"2018-03-23T18:51:50","guid":{"rendered":"http:\/\/portalfloresnoar.com\/floresnoar\/?p=33158"},"modified":"2018-06-13T20:45:29","modified_gmt":"2018-06-13T23:45:29","slug":"agenda-pe-espaco-igarape-oferece-vivencias-e-atendimentos-terapeuticos-no-bairro-do-espinheiro","status":"publish","type":"post","link":"https:\/\/portalfloresnoar.com\/floresnoar\/agenda-pe-espaco-igarape-oferece-vivencias-e-atendimentos-terapeuticos-no-bairro-do-espinheiro\/","title":{"rendered":"[AGENDA PE] Espa\u00e7o Igarap\u00e9 oferece viv\u00eancias e atendimentos terap\u00eauticos no bairro do Espinheiro"},"content":{"rendered":"<p><img decoding=\"async\" loading=\"lazy\" class=\"aligncenter size-full wp-image-33153\" src=\"http:\/\/portalfloresnoar.com\/floresnoar\/wp-content\/uploads\/2018\/05\/IGARAPE_ESPACO-TERAPEUTICO.jpg\" alt=\"\" width=\"650\" height=\"240\" srcset=\"https:\/\/portalfloresnoar.com\/floresnoar\/wp-content\/uploads\/2018\/05\/IGARAPE_ESPACO-TERAPEUTICO.jpg 650w, https:\/\/portalfloresnoar.com\/floresnoar\/wp-content\/uploads\/2018\/05\/IGARAPE_ESPACO-TERAPEUTICO-300x111.jpg 300w\" sizes=\"(max-width: 650px) 100vw, 650px\" \/><\/p>\n<p>O Igarap\u00e9 &#8211; espa\u00e7o terap\u00eautico localizado no bairro do Espinheiro, no Recife &#8211; oferece servi\u00e7os de Psicologia, Arteterapia, Constela\u00e7\u00e3o Familiar Sist\u00eamica e Psiquiatria, al\u00e9m de viv\u00eancias e grupos terap\u00eauticos e de estudos. O Igarap\u00e9 foi inaugurado em setembro de 2017, e conta com uma compromissada equipe de profissionais.<\/p>\n<p><strong>Endere\u00e7o:<\/strong> Rua Carneiro Vilela, 89 &#8211; Espinheiro, Recife\/PE<br \/>\n<strong>Telefone:<\/strong> (81) 30385447<br \/>\n<strong>E-mail:<\/strong> igarapepe@gmail.com<\/p>\n<p>CONFIRA ABAIXO AS ATIVIDADES DO IGARAP\u00c9 NOS MESES DE MAIO E JUNHO DE 2018:<\/p>\n<p><strong>26\/05 &#8211; OFICINA DE JARDINAGEM &#8211; Kokedama<\/strong><\/p>\n<p><img decoding=\"async\" loading=\"lazy\" class=\"aligncenter wp-image-33155\" src=\"http:\/\/portalfloresnoar.com\/floresnoar\/wp-content\/uploads\/2018\/05\/oficina-jardinagem-recife.jpg\" alt=\"\" width=\"500\" height=\"499\" srcset=\"https:\/\/portalfloresnoar.com\/floresnoar\/wp-content\/uploads\/2018\/05\/oficina-jardinagem-recife.jpg 600w, https:\/\/portalfloresnoar.com\/floresnoar\/wp-content\/uploads\/2018\/05\/oficina-jardinagem-recife-150x150.jpg 150w, https:\/\/portalfloresnoar.com\/floresnoar\/wp-content\/uploads\/2018\/05\/oficina-jardinagem-recife-300x300.jpg 300w, https:\/\/portalfloresnoar.com\/floresnoar\/wp-content\/uploads\/2018\/05\/oficina-jardinagem-recife-100x100.jpg 100w\" sizes=\"(max-width: 500px) 100vw, 500px\" \/><\/p>\n<p>Pensando no contato com a terra como recurso terap\u00eautico, a psic\u00f3loga Camila Leonel prop\u00f5e uma oficina de jardinagem com kokedamas e um caf\u00e9 da manh\u00e3, pra ativar os sentidos. Kokedama \u00e9 uma t\u00e9cnica japonesa semelhante ao bonsai, sendo uma alternativa de cultivo mais simples&#8230;um jardim a\u00e9reo. N\u00e3o precisa de conhecimento pr\u00e9vio para esta oficina. Crian\u00e7as, adultos e idosos&#8230;todo mundo junto, em contato com a terra e suas ra\u00edzes. Ser\u00e3o 3h de oficina (material incluso), onde cada participante montar\u00e1 seu arranjo de kokedama. As vagas s\u00e3o limitadas!<\/p>\n<p><em>Quando: 26 de Maio , das 9 \u00e0s 12h (s\u00e1bado)<\/em><br \/>\n<em> Inscri\u00e7\u00e3o: <a href=\"https:\/\/www.sympla.com.br\/oficina-de-jardinagem__281714\" target=\"_blank\" rel=\"noopener\">https:\/\/www.sympla.com.br\/oficina-de-jardinagem__281714<\/a><\/em><br \/>\n<em> Mais informa\u00e7\u00f5es: camilaleonel@gmail.com<\/em><\/p>\n<p><strong>30\/05 &#8211; Roda de conversa &#8216;A participa\u00e7\u00e3o da fam\u00edlia no cuidado em sa\u00fade mental&#8217;<\/strong><\/p>\n<p><img decoding=\"async\" loading=\"lazy\" class=\"aligncenter wp-image-33149\" src=\"http:\/\/portalfloresnoar.com\/floresnoar\/wp-content\/uploads\/2018\/05\/FAMILIA_SAUDE-MENTAL_RECIFE.jpg\" alt=\"\" width=\"500\" height=\"707\" srcset=\"https:\/\/portalfloresnoar.com\/floresnoar\/wp-content\/uploads\/2018\/05\/FAMILIA_SAUDE-MENTAL_RECIFE.jpg 600w, https:\/\/portalfloresnoar.com\/floresnoar\/wp-content\/uploads\/2018\/05\/FAMILIA_SAUDE-MENTAL_RECIFE-212x300.jpg 212w, https:\/\/portalfloresnoar.com\/floresnoar\/wp-content\/uploads\/2018\/05\/FAMILIA_SAUDE-MENTAL_RECIFE-495x700.jpg 495w\" sizes=\"(max-width: 500px) 100vw, 500px\" \/><\/p>\n<p>Roda de conversa com a psicologa e arteterapeuta J\u00falia Santos e o m\u00e9dico e residente em psiquiatria Aldemiro Aquino Filho. Entrada gratuita!<\/p>\n<p><em>Quando: 30 de maio de 2018, \u00e0s 18h30<\/em><br \/>\n<em> Mais informa\u00e7\u00f5es: igarapepe@gmail.com<\/em><\/p>\n<p><b>04\/06 &#8211; Constela\u00e7\u00e3o Familiar Sist\u00eamica\u00a0com Dione Barreto<\/b><\/p>\n<p><img decoding=\"async\" loading=\"lazy\" class=\"aligncenter wp-image-33148\" src=\"http:\/\/portalfloresnoar.com\/floresnoar\/wp-content\/uploads\/2018\/05\/CONSTELACAO-SISTEMICA_DIONE-BARRETO.jpg\" alt=\"\" width=\"501\" height=\"708\" srcset=\"https:\/\/portalfloresnoar.com\/floresnoar\/wp-content\/uploads\/2018\/05\/CONSTELACAO-SISTEMICA_DIONE-BARRETO.jpg 600w, https:\/\/portalfloresnoar.com\/floresnoar\/wp-content\/uploads\/2018\/05\/CONSTELACAO-SISTEMICA_DIONE-BARRETO-212x300.jpg 212w, https:\/\/portalfloresnoar.com\/floresnoar\/wp-content\/uploads\/2018\/05\/CONSTELACAO-SISTEMICA_DIONE-BARRETO-495x700.jpg 495w\" sizes=\"(max-width: 501px) 100vw, 501px\" \/><\/p>\n<p>A Constela\u00e7\u00e3o Familiar Sist\u00eamica \u00e9 uma pr\u00e1tica desenvolvida pelo psicoterapeuta alem\u00e3o Bert Hellinger (1925) e trabalha no \u00e2mbito das rela\u00e7\u00f5es pessoais, familiares e profissionais. Tem por objetivo liberar a pessoa de sentimentos, emo\u00e7\u00f5es e situa\u00e7\u00f5es dolorosas ou problem\u00e1ticas que tenham origem no passado e na repeti\u00e7\u00e3o de padr\u00f5es de comportamento. Para Hellinger, a fam\u00edlia \u00e9 um dos sistemas que mais influi em toda a nossa hist\u00f3ria de vida e tem suas pr\u00f3prias regras de sobreviv\u00eancia. A Constela\u00e7\u00e3o revela quais s\u00e3o as din\u00e2micas ocultas (quase sempre inconscientes) por tr\u00e1s das desordens sist\u00eamicas.<\/p>\n<p>Essa abordagem teve origem na pr\u00e1tica da Terapia Familiar Sist\u00eamica, mas atualmente \u00e9 poss\u00edvel realizar conex\u00f5es com outras abordagens, a exemplo de: Fenomenologia, Psicodrama, Teoria dos Campos Morfogen\u00e9ticos e Teoria dos Arqu\u00e9tipos. Sem desprezar o aspecto te\u00f3rico, sabe-se que Hellinger entendia a Constela\u00e7\u00e3o como uma abordagem notadamente pr\u00e1tica.<\/p>\n<p><em>Quando: 4 de junho, \u00e0s 19h<\/em><br \/>\n<em> Para inscri\u00e7\u00e3o na constela\u00e7\u00e3o e mais informa\u00e7\u00f5es: 999591364.<\/em><\/p>\n<p><strong>Grupo Te\u00f3rico-Vivencial &#8216;Mulheres que correm com os lobos&#8217;<\/strong><\/p>\n<p><img decoding=\"async\" loading=\"lazy\" class=\"aligncenter wp-image-33151\" src=\"http:\/\/portalfloresnoar.com\/floresnoar\/wp-content\/uploads\/2018\/05\/GRUPO-MULHERES-QUE-CORREM-COM-LOBOS-RECIFE.jpeg\" alt=\"\" width=\"501\" height=\"726\" srcset=\"https:\/\/portalfloresnoar.com\/floresnoar\/wp-content\/uploads\/2018\/05\/GRUPO-MULHERES-QUE-CORREM-COM-LOBOS-RECIFE.jpeg 700w, https:\/\/portalfloresnoar.com\/floresnoar\/wp-content\/uploads\/2018\/05\/GRUPO-MULHERES-QUE-CORREM-COM-LOBOS-RECIFE-207x300.jpeg 207w, https:\/\/portalfloresnoar.com\/floresnoar\/wp-content\/uploads\/2018\/05\/GRUPO-MULHERES-QUE-CORREM-COM-LOBOS-RECIFE-483x700.jpeg 483w\" sizes=\"(max-width: 501px) 100vw, 501px\" \/><\/p>\n<p>Encontros quinzenais de mulheres para ler e vivenciar juntas as tem\u00e1ticas do livro de Clarissa Pinkola \u00c9stes atrav\u00e9s de pr\u00e1ticas arteterap\u00eauticas.<\/p>\n<p>&nbsp;<\/p>\n<p><strong>Grupo Arteterap\u00eautico Adolescer<\/strong><\/p>\n<p><img decoding=\"async\" loading=\"lazy\" class=\"aligncenter wp-image-33150\" src=\"http:\/\/portalfloresnoar.com\/floresnoar\/wp-content\/uploads\/2018\/05\/GRUPO-ADOLESCER.jpeg\" alt=\"\" width=\"501\" height=\"501\" srcset=\"https:\/\/portalfloresnoar.com\/floresnoar\/wp-content\/uploads\/2018\/05\/GRUPO-ADOLESCER.jpeg 700w, https:\/\/portalfloresnoar.com\/floresnoar\/wp-content\/uploads\/2018\/05\/GRUPO-ADOLESCER-150x150.jpeg 150w, https:\/\/portalfloresnoar.com\/floresnoar\/wp-content\/uploads\/2018\/05\/GRUPO-ADOLESCER-300x300.jpeg 300w, https:\/\/portalfloresnoar.com\/floresnoar\/wp-content\/uploads\/2018\/05\/GRUPO-ADOLESCER-100x100.jpeg 100w\" sizes=\"(max-width: 501px) 100vw, 501px\" \/><\/p>\n<p>O Grupo Adolescer \u00e9 um espa\u00e7o de encontro e de viv\u00eancias em Arteterapia para as demandas da adolesc\u00eancia.<\/p>\n<p><strong><em><img decoding=\"async\" loading=\"lazy\" class=\"wp-image-33156 alignleft\" src=\"http:\/\/portalfloresnoar.com\/floresnoar\/wp-content\/uploads\/2018\/05\/igarape_psicologia-e-arteterapia.jpg\" alt=\"\" width=\"164\" height=\"164\" srcset=\"https:\/\/portalfloresnoar.com\/floresnoar\/wp-content\/uploads\/2018\/05\/igarape_psicologia-e-arteterapia.jpg 400w, https:\/\/portalfloresnoar.com\/floresnoar\/wp-content\/uploads\/2018\/05\/igarape_psicologia-e-arteterapia-150x150.jpg 150w, https:\/\/portalfloresnoar.com\/floresnoar\/wp-content\/uploads\/2018\/05\/igarape_psicologia-e-arteterapia-300x300.jpg 300w, https:\/\/portalfloresnoar.com\/floresnoar\/wp-content\/uploads\/2018\/05\/igarape_psicologia-e-arteterapia-100x100.jpg 100w\" sizes=\"(max-width: 164px) 100vw, 164px\" \/><\/em><\/strong><\/p>\n<p>&nbsp;<\/p>\n<p><strong><em>IGARAP\u00c9 &#8211; PSICOLOGIA E ARTETERAPIA<\/em><\/strong><br \/>\n<em><strong> Endere\u00e7o:<\/strong> Rua Carneiro Vilela, 89 &#8211; Espinheiro, Recife\/PE<\/em><br \/>\n<em><strong> Telefone:<\/strong> (81) 30385447<\/em><br \/>\n<em><strong> E-mail:<\/strong> igarapepe@gmail.com<\/em><\/p>\n","protected":false},"excerpt":{"rendered":"<p>O Igarap\u00e9 &#8211; espa\u00e7o terap\u00eautico localizado no bairro do Espinheiro, no Recife &#8211; oferece servi\u00e7os de Psicologia, Arteterapia, Constela\u00e7\u00e3o Familiar Sist\u00eamica e Psiquiatria, al\u00e9m de viv\u00eancias e grupos terap\u00eauticos e de estudos. O Igarap\u00e9 foi inaugurado em setembro de 2017, e conta com uma compromissada equipe de profissionais. Endere\u00e7o: Rua Carneiro Vilela, 89 &#8211; Espinheiro, [&hellip;]<\/p>\n","protected":false},"author":1,"featured_media":33152,"comment_status":"open","ping_status":"open","sticky":false,"template":"","format":"standard","meta":{"om_disable_all_campaigns":false,"_monsterinsights_skip_tracking":false,"_monsterinsights_sitenote_active":false,"_monsterinsights_sitenote_note":"","_monsterinsights_sitenote_category":0,"footnotes":""},"categories":[8,214],"tags":[34,325,531,243,695,81],"acf":[],"publishpress_future_action":{"enabled":false,"date":"1969-12-31 21:00:00","action":"","terms":[],"taxonomy":"","browser_timezone_offset":0},"_links":{"self":[{"href":"https:\/\/portalfloresnoar.com\/floresnoar\/wp-json\/wp\/v2\/posts\/33158"}],"collection":[{"href":"https:\/\/portalfloresnoar.com\/floresnoar\/wp-json\/wp\/v2\/posts"}],"about":[{"href":"https:\/\/portalfloresnoar.com\/floresnoar\/wp-json\/wp\/v2\/types\/post"}],"author":[{"embeddable":true,"href":"https:\/\/portalfloresnoar.com\/floresnoar\/wp-json\/wp\/v2\/users\/1"}],"replies":[{"embeddable":true,"href":"https:\/\/portalfloresnoar.com\/floresnoar\/wp-json\/wp\/v2\/comments?post=33158"}],"version-history":[{"count":0,"href":"https:\/\/portalfloresnoar.com\/floresnoar\/wp-json\/wp\/v2\/posts\/33158\/revisions"}],"wp:featuredmedia":[{"embeddable":true,"href":"https:\/\/portalfloresnoar.com\/floresnoar\/wp-json\/wp\/v2\/media\/33152"}],"wp:attachment":[{"href":"https:\/\/portalfloresnoar.com\/floresnoar\/wp-json\/wp\/v2\/media?parent=33158"}],"wp:term":[{"taxonomy":"category","embeddable":true,"href":"https:\/\/portalfloresnoar.com\/floresnoar\/wp-json\/wp\/v2\/categories?post=33158"},{"taxonomy":"post_tag","embeddable":true,"href":"https:\/\/portalfloresnoar.com\/floresnoar\/wp-json\/wp\/v2\/tags?post=33158"}],"curies":[{"name":"wp","href":"https:\/\/api.w.org\/{rel}","templated":true}]}}