

{"id":32950,"date":"2018-03-02T11:11:13","date_gmt":"2018-03-02T14:11:13","guid":{"rendered":"http:\/\/portalfloresnoar.com\/floresnoar\/?p=32950"},"modified":"2018-06-11T11:33:24","modified_gmt":"2018-06-11T14:33:24","slug":"agenda-pe-curso-de-reflexologia-podal-dias-9-e-10-de-junho-no-recife","status":"publish","type":"post","link":"https:\/\/portalfloresnoar.com\/floresnoar\/agenda-pe-curso-de-reflexologia-podal-dias-9-e-10-de-junho-no-recife\/","title":{"rendered":"[AGENDA PE] Curso de Reflexologia Podal dias 9 e 10 de junho no Recife"},"content":{"rendered":"<p><img decoding=\"async\" loading=\"lazy\" class=\"aligncenter wp-image-30425\" src=\"http:\/\/portalfloresnoar.com\/floresnoar\/wp-content\/uploads\/2017\/08\/curso-reflexologia-podal-recife_foto-flickr-free.jpg\" alt=\"\" width=\"626\" height=\"380\" srcset=\"https:\/\/portalfloresnoar.com\/floresnoar\/wp-content\/uploads\/2017\/08\/curso-reflexologia-podal-recife_foto-flickr-free.jpg 717w, https:\/\/portalfloresnoar.com\/floresnoar\/wp-content\/uploads\/2017\/08\/curso-reflexologia-podal-recife_foto-flickr-free-300x182.jpg 300w, https:\/\/portalfloresnoar.com\/floresnoar\/wp-content\/uploads\/2017\/08\/curso-reflexologia-podal-recife_foto-flickr-free-700x425.jpg 700w\" sizes=\"(max-width: 626px) 100vw, 626px\" \/><\/p>\n<p>O terapeuta Hol\u00edstico Jos\u00e9 Ham\u00edlton de Souza facilita nos dias 9 e 10 de junho de 2018, no Recife, o Curso de Reflexologia Podal.\u00a0 A reflexologia baseia-se no principio de que existem \u00e1reas, ou pontos reflexos nos p\u00e9s e nas m\u00e3os, que correspondem a cada \u00f3rg\u00e3o, gl\u00e2ndula e estrutura no corpo. Ao trabalhar nesses reflexos,\u00a0 se reduz a tens\u00e3o em todo o corpo.<\/p>\n<p>A Reflexologia Podal \u00e9 uma terapia complementar com fundamento de anatomia e fisiologia humana que previne e trata dos dist\u00farbios org\u00e2nicos e desequil\u00edbrio emocional atrav\u00e9s de est\u00edmulos por press\u00f5es em pontos espec\u00edficos de termina\u00e7\u00f5es nervosas em \u00e1reas, pontos e regi\u00f5es dos p\u00e9s. Ela baseia-se no principio de que existem \u00e1reas, ou pontos reflexos nos p\u00e9s e nas m\u00e3os que correspondem a cada \u00f3rg\u00e3o, gl\u00e2ndula e estrutura no corpo. Ao trabalhar nesses reflexos, \u00e9 reduzida a tens\u00e3o em todo o corpo.<\/p>\n<p>\u201cO tratamento s\u00f3 ter\u00e1 resultado satisfat\u00f3rio, se o paciente estiver consciente de sua participa\u00e7\u00e3o e colabora\u00e7\u00e3o.<br \/>\nDevemos trabalhar as condi\u00e7\u00f5es de desequil\u00edbrio. No caso de doen\u00e7as especificas, podemos trabalhar a partir de diagn\u00f3stico m\u00e9dico. Qualquer dist\u00farbio apresentado pelo paciente, serve como sinal de alerta. Um desequil\u00edbrio pode apresentar-se como um ponto de alerta para uma aten\u00e7\u00e3o ao sistema energ\u00e9tico\u201d, explica Jos\u00e9 Hamilton.<\/p>\n<p><strong>Benef\u00edcios da Reflexologia Podal<\/strong><br \/>\n\u2013 Relaxamento<br \/>\n\u2013 Redu\u00e7\u00e3o de tens\u00e3o<br \/>\n\u2013 Melhora da irriga\u00e7\u00e3o sangu\u00ednea<br \/>\n\u2013 Restabelece a harmonia entre todas as fun\u00e7\u00f5es do corpo combatendo o estresse<\/p>\n<p><strong>Contra-indica\u00e7\u00f5es<\/strong><br \/>\n\u2013 Doen\u00e7as infecciosas<br \/>\n\u2013 Inflama\u00e7\u00f5es: sistema linf\u00e1tico e nervoso<br \/>\n\u2013 Casos que haja indica\u00e7\u00e3o de cirurgia<br \/>\n\u2013 Gravidez de risco<br \/>\n\u2013 Osteoporose ou descalcifica\u00e7\u00e3o resultantes de acidentes e tumores<br \/>\n\u2013 Casos de depress\u00e3o cr\u00f4nica avan\u00e7ada<br \/>\n\u2013 Pacientes que usam medica\u00e7\u00e3o pesada para problemas psicol\u00f3gicos.<\/p>\n<p><strong>Conte\u00fado program\u00e1tico do curso<\/strong><br \/>\n\u2013 Abordagem e apresenta\u00e7\u00e3o das \u00e1reas reflexas do corpo, relacionadas a tratamentos de acordo com a patologia;<br \/>\n\u2013 Apresenta\u00e7\u00e3o e Zonas reflexas e mapas;<br \/>\n\u2013 Aspectos Org\u00e2nicos e Emocionais relacionados \u00e0 \u00e1rea da coluna vertebral;<br \/>\n\u2013 Diagnose pela voz;<br \/>\n\u2013 Exame corporal direcionado aos p\u00e9s;<br \/>\n\u2013 Estrutura \u00d3sseas dos p\u00e9s;<br \/>\n\u2013 Meridianos;<br \/>\n\u2013 Tratamentos e contra-indica\u00e7\u00f5es;<br \/>\n\u2013 Sequ\u00eancias e pr\u00e1ticas direcionadas ao tratamento;<br \/>\n\u2013 Apostila e Grava\u00e7\u00e3o de v\u00eddeo durante o curso;<br \/>\n\u2013 Pr\u00e1tica de calatonia(toques e polaridades, para um relaxamento profundo);<br \/>\n\u2013 Pr\u00e1tica de auto massagem;<br \/>\n<em>Obs: O aluno poder\u00e1 levar um parente ou amigo para atendimento no \u00faltimo dia do curso.<\/em><\/p>\n<p><strong>Jos\u00e9 Hamilton de Souza<\/strong>\u00a0\u00e9 terapeuta Hol\u00edstico e Master Reiki, formado pela Humaniversidade Hol\u00edstica-SP). Tem Forma\u00e7\u00e3o Internacional em Acupuntura pela escola de medicina chinesa EBRAMEC-SP); \u00e9 terapeuta Floral (Healingherbs Ltd England); Possui forma\u00e7\u00e3o em Massoterapia Ayurv\u00e9dica. Realiza atendimentos com: Shiatsu, Massagem Ayurv\u00e9dica, Bambuterapia, Cromoterapia, Auriculoterapia, Florais, Reflexologia podal e Quick Massage (Empresas e eventos). \u00c9 fundador da empresa Namkhamassoterapia.<\/p>\n<p><em><strong>Saiba mais sobre os atendimentos oferecidos por Jos\u00e9 Hamilton\u00a0<a href=\"http:\/\/portalfloresnoar.com\/floresnoar\/massoterapeuta-jose-hamilton-oferece-sessoes-de-shiatsu-massagem-ayurvedica-reflexologia-podal-e-bambuterapia\/\" target=\"_blank\" rel=\"noopener\">AQUI<\/a>!<\/strong><\/em><\/p>\n<p>SERVI\u00c7O<br \/>\n<strong>Curso de Reflexologia Podal<\/strong><br \/>\n<strong>Data:<\/strong> 9 e 10 de junho de 2018 (s\u00e1bado e domingo)<br \/>\n<strong>Hor\u00e1rio:<\/strong> S\u00e1bado, das 8h \u00e0s 17h | Domingo, das 8h \u00e0s 12h<br \/>\n<strong>Local:<\/strong> Rua Floriano Peixoto,85 \u2013 Sala 440 \u2013 4\u00ba andar<br \/>\n<strong>Valor:<\/strong> R$ 330,00<\/p>\n<p><em>Vagas limitadas!<\/em><\/p>\n","protected":false},"excerpt":{"rendered":"<p>O terapeuta Hol\u00edstico Jos\u00e9 Ham\u00edlton de Souza facilita nos dias 9 e 10 de junho de 2018, no Recife, o Curso de Reflexologia Podal.\u00a0 A reflexologia baseia-se no principio de que existem \u00e1reas, ou pontos reflexos nos p\u00e9s e nas m\u00e3os, que correspondem a cada \u00f3rg\u00e3o, gl\u00e2ndula e estrutura no corpo. Ao trabalhar nesses reflexos,\u00a0 [&hellip;]<\/p>\n","protected":false},"author":1,"featured_media":30425,"comment_status":"open","ping_status":"open","sticky":false,"template":"","format":"standard","meta":{"om_disable_all_campaigns":false,"_monsterinsights_skip_tracking":false,"_monsterinsights_sitenote_active":false,"_monsterinsights_sitenote_note":"","_monsterinsights_sitenote_category":0,"footnotes":""},"categories":[8,214],"tags":[167,82,360,134],"acf":[],"publishpress_future_action":{"enabled":false,"date":"1969-12-31 21:00:00","action":"","terms":[],"taxonomy":"","browser_timezone_offset":0},"_links":{"self":[{"href":"https:\/\/portalfloresnoar.com\/floresnoar\/wp-json\/wp\/v2\/posts\/32950"}],"collection":[{"href":"https:\/\/portalfloresnoar.com\/floresnoar\/wp-json\/wp\/v2\/posts"}],"about":[{"href":"https:\/\/portalfloresnoar.com\/floresnoar\/wp-json\/wp\/v2\/types\/post"}],"author":[{"embeddable":true,"href":"https:\/\/portalfloresnoar.com\/floresnoar\/wp-json\/wp\/v2\/users\/1"}],"replies":[{"embeddable":true,"href":"https:\/\/portalfloresnoar.com\/floresnoar\/wp-json\/wp\/v2\/comments?post=32950"}],"version-history":[{"count":0,"href":"https:\/\/portalfloresnoar.com\/floresnoar\/wp-json\/wp\/v2\/posts\/32950\/revisions"}],"wp:featuredmedia":[{"embeddable":true,"href":"https:\/\/portalfloresnoar.com\/floresnoar\/wp-json\/wp\/v2\/media\/30425"}],"wp:attachment":[{"href":"https:\/\/portalfloresnoar.com\/floresnoar\/wp-json\/wp\/v2\/media?parent=32950"}],"wp:term":[{"taxonomy":"category","embeddable":true,"href":"https:\/\/portalfloresnoar.com\/floresnoar\/wp-json\/wp\/v2\/categories?post=32950"},{"taxonomy":"post_tag","embeddable":true,"href":"https:\/\/portalfloresnoar.com\/floresnoar\/wp-json\/wp\/v2\/tags?post=32950"}],"curies":[{"name":"wp","href":"https:\/\/api.w.org\/{rel}","templated":true}]}}