

{"id":32879,"date":"2022-07-28T06:38:47","date_gmt":"2022-07-28T09:38:47","guid":{"rendered":"http:\/\/portalfloresnoar.com\/floresnoar\/?p=32879"},"modified":"2022-07-28T21:18:51","modified_gmt":"2022-07-29T00:18:51","slug":"entrevista-marina-monteiro-fala-sobre-a-terapia-com-obsidianas","status":"publish","type":"post","link":"https:\/\/portalfloresnoar.com\/floresnoar\/entrevista-marina-monteiro-fala-sobre-a-terapia-com-obsidianas\/","title":{"rendered":"[ENTREVISTA] Marina Monteiro fala sobre a Terapia com Obsidianas"},"content":{"rendered":"<p>|<em> Por Morgana Maria<\/em> |<\/p>\n<figure id=\"attachment_32882\" aria-describedby=\"caption-attachment-32882\" style=\"width: 300px\" class=\"wp-caption alignleft\"><img decoding=\"async\" loading=\"lazy\" class=\"wp-image-32882 size-full\" src=\"http:\/\/portalfloresnoar.com\/floresnoar\/wp-content\/uploads\/2018\/04\/Marina-Monteiro-obsidianas.jpg\" alt=\"\" width=\"300\" height=\"449\" srcset=\"https:\/\/portalfloresnoar.com\/floresnoar\/wp-content\/uploads\/2018\/04\/Marina-Monteiro-obsidianas.jpg 300w, https:\/\/portalfloresnoar.com\/floresnoar\/wp-content\/uploads\/2018\/04\/Marina-Monteiro-obsidianas-200x300.jpg 200w\" sizes=\"(max-width: 300px) 100vw, 300px\" \/><figcaption id=\"caption-attachment-32882\" class=\"wp-caption-text\">Marina Monteiro<\/figcaption><\/figure>\n<p><strong>O que \u00e9 a Obsidiana?<\/strong><br \/>\nA Obsidiana \u00e9 uma pedra de origem magm\u00e1tica e vulc\u00e2nica. \u00c9 considerada uma pedra ps\u00edquica por sua capacidade de acessar o inconsciente. Possui poderosas caracter\u00edsticas f\u00edsicas, qu\u00edmicas e energ\u00e9ticas que curam.<\/p>\n<p><strong>Nos fale como ocorreu seu encontro com as Obsidianas e como veio a se tornar terapeuta deste m\u00e9todo?<\/strong><br \/>\nA primeira vez que ouvi falar do ovo de obsidiana foi entre amigas no meio da Amaz\u00f4nia e prontamente fiquei com a informa\u00e7\u00e3o registrada. Me causou grande interesse e curiosidade, logo fui pesquisar na internet. Comprei o livro e o ovo de obsidiana em Buenos Aires, na Argentina, e durante pelo menos dois anos fiquei lendo e estudando. Queria aprofundar mais e fui atr\u00e1s da forma\u00e7\u00e3o. Entrei no grupo que estava iniciando em Buenos Aires, em mar\u00e7o de 2014. A forma\u00e7\u00e3o teve dura\u00e7\u00e3o de 2 anos. Terminei em mar\u00e7o de 2016. Sou terapeuta certificada pela SITO (Sociedad Internacional de Terapeutas de Obsidiana).<\/p>\n<p><strong>O que \u00e9 exatamente a Terapia com as Obsidianas? Como funciona?<\/strong><br \/>\nA Terapia com Obsidianas \u00e9 um m\u00e9todo que foi desenvolvido por Ana Silvia Serrano. Ela consiste em inicialmente utilizar tr\u00eas geometrias b\u00e1sicas da mesma pedra. A primeira delas a ser usada pelo paciente ser\u00e1 OMI, que deve ser aplicada no umbigo. A segunda ser\u00e1 IXTLI, que deve ser aplicada nos chakras. E a terceira ser\u00e1 OSIRIS, que deve ser introduzida na vagina pelas mulheres e pelos homens via massagem no per\u00edneo. Enquanto a pessoa utiliza suas pedras em casa diariamente, fazemos as consultas quinzenais ou semanais de acordo com a necessidade de cada pessoa. Nessas consultas vamos conversar sobre os temas que surgirem e tamb\u00e9m fazemos algumas pr\u00e1ticas e medita\u00e7\u00e3o. Paralelamente, trabalhamos os arqu\u00e9tipos: escrava, menina maltratada, puta e m\u00e3e sinistra (esses mesmos arqu\u00e9tipos t\u00eam seus correspondentes masculinos).<\/p>\n<p><strong>Porque as Obsidianas deste m\u00e9todo s\u00e3o em formatos geom\u00e9tricos?<\/strong><br \/>\nAs geometrias s\u00e3o s\u00edmbolos que dialogam com o inconsciente e desta forma acessam conte\u00fados guardados, esquecidos ou negados.<\/p>\n<p><strong>Qualquer pessoa pode fazer uso das Obsidianas?<\/strong><br \/>\nN\u00e3o, a obsidiana tem algumas restri\u00e7\u00f5es em rela\u00e7\u00e3o a algumas doen\u00e7as e seus est\u00e1gios de evolu\u00e7\u00e3o. \u00c9\u00a0necess\u00e1rio uma avalia\u00e7\u00e3o por terapeuta qualificado. Por isso n\u00e3o recomendamos que a obsidiana seja usada sem acompanhamento.<\/p>\n<p><strong>Quais os benef\u00edcios deste tratamento?<\/strong><br \/>\nOs benef\u00edcios s\u00e3o in\u00fameros, tudo vai depender do prop\u00f3sito de cada pessoa e do comprometimento com o processo. S\u00e3o eles: f\u00edsicos, mentais, emocionais e espirituais. Exemplos: bem-estar f\u00edsico, diminui\u00e7\u00e3o de dores e desconfortos, clareza mental, centramento, conex\u00e3o interior e espiritual, \u00e2nimo, disposi\u00e7\u00e3o, entre outros.<\/p>\n<p><strong>\u00c9 poss\u00edvel realizar essa forma\u00e7\u00e3o no Brasil?<\/strong><br \/>\nAinda n\u00e3o temos forma\u00e7\u00e3o no Brasil, pretendemos dar in\u00edcio no segundo semestre de 2018.<\/p>\n<p><strong>Onde est\u00e1 realizando os atendimentos? E como as pessoas podem entrar em contato?<\/strong><br \/>\nEu realizo atendimentos em S\u00e3o Paulo e Sul de Minas Gerais (Cambu\u00ed e Passa Quatro). Mas eles tamb\u00e9m podem ser feitos pela internet, usando meios como Skype, Zoom, FaceTime e outros.<\/p>\n<p><strong>E-mail:\u00a0<\/strong> terapeuta.marinamonteiro@gmail.com<br \/>\n<strong>Perfis do Instagram:<\/strong> @<a href=\"https:\/\/www.instagram.com\/terapeuta.marinamonteiro\/\" target=\"_blank\" rel=\"noopener\">terapeuta.marinamonteiro<\/a><\/p>\n","protected":false},"excerpt":{"rendered":"<p>| Por Morgana Maria | O que \u00e9 a Obsidiana? A Obsidiana \u00e9 uma pedra de origem magm\u00e1tica e vulc\u00e2nica. \u00c9 considerada uma pedra ps\u00edquica por sua capacidade de acessar o inconsciente. Possui poderosas caracter\u00edsticas f\u00edsicas, qu\u00edmicas e energ\u00e9ticas que curam. Nos fale como ocorreu seu encontro com as Obsidianas e como veio a se [&hellip;]<\/p>\n","protected":false},"author":1,"featured_media":32883,"comment_status":"open","ping_status":"open","sticky":false,"template":"","format":"standard","meta":{"om_disable_all_campaigns":false,"_monsterinsights_skip_tracking":false,"_monsterinsights_sitenote_active":false,"_monsterinsights_sitenote_note":"","_monsterinsights_sitenote_category":0,"footnotes":""},"categories":[11],"tags":[29,479,127],"acf":[],"publishpress_future_action":{"enabled":false,"date":"1969-12-31 21:00:00","action":"","terms":[],"taxonomy":"","browser_timezone_offset":0},"_links":{"self":[{"href":"https:\/\/portalfloresnoar.com\/floresnoar\/wp-json\/wp\/v2\/posts\/32879"}],"collection":[{"href":"https:\/\/portalfloresnoar.com\/floresnoar\/wp-json\/wp\/v2\/posts"}],"about":[{"href":"https:\/\/portalfloresnoar.com\/floresnoar\/wp-json\/wp\/v2\/types\/post"}],"author":[{"embeddable":true,"href":"https:\/\/portalfloresnoar.com\/floresnoar\/wp-json\/wp\/v2\/users\/1"}],"replies":[{"embeddable":true,"href":"https:\/\/portalfloresnoar.com\/floresnoar\/wp-json\/wp\/v2\/comments?post=32879"}],"version-history":[{"count":0,"href":"https:\/\/portalfloresnoar.com\/floresnoar\/wp-json\/wp\/v2\/posts\/32879\/revisions"}],"wp:featuredmedia":[{"embeddable":true,"href":"https:\/\/portalfloresnoar.com\/floresnoar\/wp-json\/wp\/v2\/media\/32883"}],"wp:attachment":[{"href":"https:\/\/portalfloresnoar.com\/floresnoar\/wp-json\/wp\/v2\/media?parent=32879"}],"wp:term":[{"taxonomy":"category","embeddable":true,"href":"https:\/\/portalfloresnoar.com\/floresnoar\/wp-json\/wp\/v2\/categories?post=32879"},{"taxonomy":"post_tag","embeddable":true,"href":"https:\/\/portalfloresnoar.com\/floresnoar\/wp-json\/wp\/v2\/tags?post=32879"}],"curies":[{"name":"wp","href":"https:\/\/api.w.org\/{rel}","templated":true}]}}