

{"id":32818,"date":"2018-03-11T15:50:21","date_gmt":"2018-03-11T18:50:21","guid":{"rendered":"http:\/\/portalfloresnoar.com\/floresnoar\/?p=32818"},"modified":"2018-04-27T16:03:29","modified_gmt":"2018-04-27T19:03:29","slug":"agenda-pe-psicologas-junguianas-realizam-atendimentos-no-bairro-das-gracas-no-recife","status":"publish","type":"post","link":"https:\/\/portalfloresnoar.com\/floresnoar\/agenda-pe-psicologas-junguianas-realizam-atendimentos-no-bairro-das-gracas-no-recife\/","title":{"rendered":"[AGENDA PE] Psic\u00f3logas Junguianas realizam atendimentos no bairro das Gra\u00e7as, no Recife"},"content":{"rendered":"<p><img decoding=\"async\" loading=\"lazy\" class=\"aligncenter wp-image-32820\" src=\"http:\/\/portalfloresnoar.com\/floresnoar\/wp-content\/uploads\/2018\/04\/atendimentos-terapeuticos-recife-bairro-gra\u00e7as.jpg\" alt=\"\" width=\"633\" height=\"633\" srcset=\"https:\/\/portalfloresnoar.com\/floresnoar\/wp-content\/uploads\/2018\/04\/atendimentos-terapeuticos-recife-bairro-gra\u00e7as.jpg 650w, https:\/\/portalfloresnoar.com\/floresnoar\/wp-content\/uploads\/2018\/04\/atendimentos-terapeuticos-recife-bairro-gra\u00e7as-150x150.jpg 150w, https:\/\/portalfloresnoar.com\/floresnoar\/wp-content\/uploads\/2018\/04\/atendimentos-terapeuticos-recife-bairro-gra\u00e7as-300x300.jpg 300w, https:\/\/portalfloresnoar.com\/floresnoar\/wp-content\/uploads\/2018\/04\/atendimentos-terapeuticos-recife-bairro-gra\u00e7as-100x100.jpg 100w\" sizes=\"(max-width: 633px) 100vw, 633px\" \/><\/p>\n<p>As psic\u00f3logas junguianas Carla Ser\u00eajo e L\u00edvia Campello est\u00e3o realizando atendimentos individuais, supervis\u00e3o e grupo de estudos no bairro das Gra\u00e7as, no Recife.<\/p>\n<p>Carla Ser\u00eajo \u00e9 psic\u00f3loga cl\u00ednica (CRP 02\/18005), p\u00f3s graduanda em Psicologia Junguiana. Atualmente realiza atendimentos individuais e desenvolve um trabalho junto ao Conselho Regional de Psicologia de Pernambuco.<\/p>\n<p>L\u00edvia Campello \u00e9 psic\u00f3loga cl\u00ednica (CRP 02\/12858), especialista em Psicologia Junguiana. Analista Junguiana em forma\u00e7\u00e3o (IPABAHIA). Arteterapeuta. Atualmente realiza atendimentos individuais e atua na \u00e1rea de sa\u00fade mental junto \u00e0 dire\u00e7\u00e3o do Espa\u00e7o Rizoma.<\/p>\n<p><strong>Local dos atendimentos\/ supervis\u00e3o e grupo de estudos:<\/strong> Rua das Pernambucanas, 407, sala 806, Gra\u00e7as, Recife.<\/p>\n<p><strong>MARCA\u00c7\u00c3O DE CONSULTAS E OUTRAS INFORMA\u00c7\u00d5ES:<\/strong><br \/>\nCarla Ser\u00eajo: (81) 99814.2272<br \/>\nL\u00edvia Campello: (81) 99604.9434<\/p>\n","protected":false},"excerpt":{"rendered":"<p>As psic\u00f3logas junguianas Carla Ser\u00eajo e L\u00edvia Campello est\u00e3o realizando atendimentos individuais, supervis\u00e3o e grupo de estudos no bairro das Gra\u00e7as, no Recife. Carla Ser\u00eajo \u00e9 psic\u00f3loga cl\u00ednica (CRP 02\/18005), p\u00f3s graduanda em Psicologia Junguiana. Atualmente realiza atendimentos individuais e desenvolve um trabalho junto ao Conselho Regional de Psicologia de Pernambuco. L\u00edvia Campello \u00e9 psic\u00f3loga [&hellip;]<\/p>\n","protected":false},"author":1,"featured_media":32819,"comment_status":"open","ping_status":"open","sticky":false,"template":"","format":"standard","meta":{"om_disable_all_campaigns":false,"_monsterinsights_skip_tracking":false,"_monsterinsights_sitenote_active":false,"_monsterinsights_sitenote_note":"","_monsterinsights_sitenote_category":0,"footnotes":""},"categories":[8,214],"tags":[34,325,60,478,683],"acf":[],"publishpress_future_action":{"enabled":false,"date":"1969-12-31 21:00:00","action":"","terms":[],"taxonomy":"","browser_timezone_offset":0},"_links":{"self":[{"href":"https:\/\/portalfloresnoar.com\/floresnoar\/wp-json\/wp\/v2\/posts\/32818"}],"collection":[{"href":"https:\/\/portalfloresnoar.com\/floresnoar\/wp-json\/wp\/v2\/posts"}],"about":[{"href":"https:\/\/portalfloresnoar.com\/floresnoar\/wp-json\/wp\/v2\/types\/post"}],"author":[{"embeddable":true,"href":"https:\/\/portalfloresnoar.com\/floresnoar\/wp-json\/wp\/v2\/users\/1"}],"replies":[{"embeddable":true,"href":"https:\/\/portalfloresnoar.com\/floresnoar\/wp-json\/wp\/v2\/comments?post=32818"}],"version-history":[{"count":0,"href":"https:\/\/portalfloresnoar.com\/floresnoar\/wp-json\/wp\/v2\/posts\/32818\/revisions"}],"wp:featuredmedia":[{"embeddable":true,"href":"https:\/\/portalfloresnoar.com\/floresnoar\/wp-json\/wp\/v2\/media\/32819"}],"wp:attachment":[{"href":"https:\/\/portalfloresnoar.com\/floresnoar\/wp-json\/wp\/v2\/media?parent=32818"}],"wp:term":[{"taxonomy":"category","embeddable":true,"href":"https:\/\/portalfloresnoar.com\/floresnoar\/wp-json\/wp\/v2\/categories?post=32818"},{"taxonomy":"post_tag","embeddable":true,"href":"https:\/\/portalfloresnoar.com\/floresnoar\/wp-json\/wp\/v2\/tags?post=32818"}],"curies":[{"name":"wp","href":"https:\/\/api.w.org\/{rel}","templated":true}]}}