

{"id":32773,"date":"2018-03-13T08:34:30","date_gmt":"2018-03-13T11:34:30","guid":{"rendered":"http:\/\/portalfloresnoar.com\/floresnoar\/?p=32773"},"modified":"2018-04-27T16:03:00","modified_gmt":"2018-04-27T19:03:00","slug":"agenda-pe-grupo-de-estudos-jung-e-hillman-um-mergulho-na-psicologia-analitica-a-partir-de-9-de-abril-no-recife","status":"publish","type":"post","link":"https:\/\/portalfloresnoar.com\/floresnoar\/agenda-pe-grupo-de-estudos-jung-e-hillman-um-mergulho-na-psicologia-analitica-a-partir-de-9-de-abril-no-recife\/","title":{"rendered":"[AGENDA PE] Grupo de Estudos \u2018Jung e Hillman \u2013 Um Mergulho na Psicologia Anal\u00edtica\u2019 no Recife"},"content":{"rendered":"<p><img decoding=\"async\" loading=\"lazy\" class=\"aligncenter size-full wp-image-32752\" src=\"http:\/\/portalfloresnoar.com\/floresnoar\/wp-content\/uploads\/2018\/04\/jung-e-hilmann.jpg\" alt=\"\" width=\"600\" height=\"1066\" srcset=\"https:\/\/portalfloresnoar.com\/floresnoar\/wp-content\/uploads\/2018\/04\/jung-e-hilmann.jpg 600w, https:\/\/portalfloresnoar.com\/floresnoar\/wp-content\/uploads\/2018\/04\/jung-e-hilmann-169x300.jpg 169w, https:\/\/portalfloresnoar.com\/floresnoar\/wp-content\/uploads\/2018\/04\/jung-e-hilmann-394x700.jpg 394w\" sizes=\"(max-width: 600px) 100vw, 600px\" \/><\/p>\n<p>Quinzenalmente, nas segundas-feiras, das 18h30 \u00e0s 20h, acontece no Recife o &#8216;Grupo de Estudos \u2018Jung e Hillman \u2013 Um Mergulho na Psicologia Anal\u00edtica\u2019. O grupo \u00e9 destinado a profissionais e estudantes com interesse em aprofundar a contribui\u00e7\u00e3o destes autores.<\/p>\n<p>\u201c\u00c9 um espa\u00e7o de estudos e reflex\u00f5es com objetivo de aprofundar conhecimentos na Psicologia Anal\u00edtica, a partir dos autores Jung e Hillman, ampliando a discuss\u00e3o a uma pr\u00e1tica contempor\u00e2nea\u201d, declaram as psic\u00f3logas Carla Ser\u00eajo e L\u00edvia Campello, facilitadoras do grupo.<\/p>\n<p>O grupo \u00e9 aberto e cont\u00ednuo com sistem\u00e1tica de estudos norteada por uma programa\u00e7\u00e3o pr\u00e9via. Os interessados podem participar de acordo com a tem\u00e1tica proposta por cada per\u00edodo.<\/p>\n<p>FACILITADORAS<br \/>\n<strong>Carla Ser\u00eajo<\/strong> \u00e9 psic\u00f3loga cl\u00ednica (CRP 02\/18005), p\u00f3s graduanda em psicologia junguiana. Atualmente realiza atendimentos individuais e desenvolve um trabalho junto ao Conselho Regional de Psicologia de Pernambuco.<\/p>\n<p><strong>L\u00edvia Campello<\/strong> \u00e9 psic\u00f3loga cl\u00ednica (CRP 02\/12858), especialista em psicologia junguiana. Analista Junguiana em forma\u00e7\u00e3o (IPABAHIA). Arteterapeuta. Atualmente realiza atendimentos individuais e atua na \u00e1rea de sa\u00fade mental junto \u00e0 dire\u00e7\u00e3o do Espa\u00e7o Rizoma.<\/p>\n<p><strong>Grupo de Estudos \u2018Jung e Hillman \u2013 Um Mergulho na Psicologia Anal\u00edtica\u2019<\/strong><br \/>\n<strong>Hor\u00e1rio:<\/strong> segundas-feiras (quinzenalmente), das 18:30h \u00e0s 20h<br \/>\n<strong>Local:<\/strong> Rua das Pernambucanas, 407, Sala 806, Gra\u00e7as, Recife\/PE<br \/>\n<strong>Investimento:<\/strong> Profissionais \u2013 120,00 (mensal) | Estudantes de gradua\u00e7\u00e3o \u2013 100,00 (mensal)<\/p>\n<p><strong>Inscri\u00e7\u00f5es e mais informa\u00e7\u00f5es:<\/strong> (81) 99814.2272 \/ 99604.9434<\/p>\n","protected":false},"excerpt":{"rendered":"<p>Quinzenalmente, nas segundas-feiras, das 18h30 \u00e0s 20h, acontece no Recife o &#8216;Grupo de Estudos \u2018Jung e Hillman \u2013 Um Mergulho na Psicologia Anal\u00edtica\u2019. O grupo \u00e9 destinado a profissionais e estudantes com interesse em aprofundar a contribui\u00e7\u00e3o destes autores. \u201c\u00c9 um espa\u00e7o de estudos e reflex\u00f5es com objetivo de aprofundar conhecimentos na Psicologia Anal\u00edtica, a [&hellip;]<\/p>\n","protected":false},"author":1,"featured_media":32753,"comment_status":"open","ping_status":"open","sticky":false,"template":"","format":"standard","meta":{"om_disable_all_campaigns":false,"_monsterinsights_skip_tracking":false,"_monsterinsights_sitenote_active":false,"_monsterinsights_sitenote_note":"","_monsterinsights_sitenote_category":0,"footnotes":""},"categories":[8,214],"tags":[679,680,60,81,478],"acf":[],"publishpress_future_action":{"enabled":false,"date":"1969-12-31 21:00:00","action":"","terms":[],"taxonomy":"","browser_timezone_offset":0},"_links":{"self":[{"href":"https:\/\/portalfloresnoar.com\/floresnoar\/wp-json\/wp\/v2\/posts\/32773"}],"collection":[{"href":"https:\/\/portalfloresnoar.com\/floresnoar\/wp-json\/wp\/v2\/posts"}],"about":[{"href":"https:\/\/portalfloresnoar.com\/floresnoar\/wp-json\/wp\/v2\/types\/post"}],"author":[{"embeddable":true,"href":"https:\/\/portalfloresnoar.com\/floresnoar\/wp-json\/wp\/v2\/users\/1"}],"replies":[{"embeddable":true,"href":"https:\/\/portalfloresnoar.com\/floresnoar\/wp-json\/wp\/v2\/comments?post=32773"}],"version-history":[{"count":0,"href":"https:\/\/portalfloresnoar.com\/floresnoar\/wp-json\/wp\/v2\/posts\/32773\/revisions"}],"wp:featuredmedia":[{"embeddable":true,"href":"https:\/\/portalfloresnoar.com\/floresnoar\/wp-json\/wp\/v2\/media\/32753"}],"wp:attachment":[{"href":"https:\/\/portalfloresnoar.com\/floresnoar\/wp-json\/wp\/v2\/media?parent=32773"}],"wp:term":[{"taxonomy":"category","embeddable":true,"href":"https:\/\/portalfloresnoar.com\/floresnoar\/wp-json\/wp\/v2\/categories?post=32773"},{"taxonomy":"post_tag","embeddable":true,"href":"https:\/\/portalfloresnoar.com\/floresnoar\/wp-json\/wp\/v2\/tags?post=32773"}],"curies":[{"name":"wp","href":"https:\/\/api.w.org\/{rel}","templated":true}]}}