

{"id":32730,"date":"2018-04-03T12:31:29","date_gmt":"2018-04-03T15:31:29","guid":{"rendered":"http:\/\/portalfloresnoar.com\/floresnoar\/?p=32730"},"modified":"2018-04-12T19:09:58","modified_gmt":"2018-04-12T22:09:58","slug":"agenda-pb-curso-florais-da-amazonia-elementoterapia-introdutorio-dias-21-e-22-de-abril-em-joao-pessoa","status":"publish","type":"post","link":"https:\/\/portalfloresnoar.com\/floresnoar\/agenda-pb-curso-florais-da-amazonia-elementoterapia-introdutorio-dias-21-e-22-de-abril-em-joao-pessoa\/","title":{"rendered":"[AGENDA PB] &#8216;Curso Florais da Amaz\u00f4nia &#8211; Elementoterapia Introdut\u00f3rio&#8217;, dias 21 e 22 de abril, em Jo\u00e3o Pessoa"},"content":{"rendered":"<p><img decoding=\"async\" loading=\"lazy\" class=\"aligncenter wp-image-32731\" src=\"http:\/\/portalfloresnoar.com\/floresnoar\/wp-content\/uploads\/2018\/03\/elementoterapia_florais-da-amazonia.jpg\" alt=\"\" width=\"644\" height=\"855\" srcset=\"https:\/\/portalfloresnoar.com\/floresnoar\/wp-content\/uploads\/2018\/03\/elementoterapia_florais-da-amazonia.jpg 650w, https:\/\/portalfloresnoar.com\/floresnoar\/wp-content\/uploads\/2018\/03\/elementoterapia_florais-da-amazonia-226x300.jpg 226w, https:\/\/portalfloresnoar.com\/floresnoar\/wp-content\/uploads\/2018\/03\/elementoterapia_florais-da-amazonia-527x700.jpg 527w\" sizes=\"(max-width: 644px) 100vw, 644px\" \/><\/p>\n<p>O Centro VEDA \u2013 Centro de Psicologia e Terapias Integradas promove nos dias\u00a021 e 22 de Abril de 2018 o curso de Florais da Amaz\u00f4nia &#8211; Elementoterapia Introdut\u00f3rio, coma terapeuta J\u00falia freire.<\/p>\n<p>A Terapia Floral aconteceu e impactou o mundo de forma sutil como a natureza das flores, antes que qualquer analista tivesse tempo ou interesse em perscrutar seus mecanismos de a\u00e7\u00e3o. Quando as ess\u00eancias florais despontaram em pleno s\u00e9culo vinte, foram inicialmente tratadas pela Ci\u00eancia como um placebo ou algo insignificante, cuja forma de a\u00e7\u00e3o n\u00e3o merecia ser objeto de estudos. Mas o tempo trouxe a expans\u00e3o r\u00e1pida e incontest\u00e1vel da pesquisa da terapia das flores, em todo o mundo, nos diversos ecossistemas do planeta, entre todos os povos das mais variadas origens e tradi\u00e7\u00f5es.<\/p>\n<p>&#8220;A classifica\u00e7\u00e3o do sistema Florais da Amaz\u00f4nia apresenta as flores da mata virgem como resgatadoras de mem\u00f3rias profundas e ancestrais, atrav\u00e9s da sintonia com aquelas flores do reino vegetal e fungui, naquela regi\u00e3o de esp\u00e9cies milenares preservadas, portadoras do registro de mem\u00f3rias muito antigas. O Ser Humano resgata seu estado de equil\u00edbrio ou seus padr\u00f5es originais de comportamento saud\u00e1vel, atrav\u00e9s da observa\u00e7\u00e3o ou do espelhamento do comportamento dos seres elementais dos reinos da Natureza, expressos nas flores. Dentro desta concep\u00e7\u00e3o o indiv\u00edduo vai estudar os seus desequil\u00edbrios \u00e0 luz da consci\u00eancia de suas emo\u00e7\u00f5es e sentimentos e vai percorrer o caminho da lembran\u00e7a de como alterou seus padr\u00f5es de sa\u00fade e chegou at\u00e9 mesmo a se fragilizar e a se tornar vulner\u00e1vel aos agentes patol\u00f3gicos como os v\u00edrus, bact\u00e9rias etc.&#8221;, explica J\u00falia Freire.<\/p>\n<p><strong>Facilitadora<\/strong><br \/>\nJ\u00falia Freire de Medeiros \u00e9 bacharela em Gest\u00e3o Ambiental pela UnB, trabalhou em projetos socioambientais na Amaz\u00f4nia. Hoje trabalha na \u00e1rea de sa\u00fade e terapia; explora a interface sa\u00fade ambiental e humana. \u00c9 terapeuta e trabalha ainda na forma\u00e7\u00e3o de terapeutas do Sistema Florais da Amaz\u00f4nia (AMAFLOR), sendo credenciada oficialmente como multiplicadora do mesmo. Desde sua inf\u00e2ncia participou da pesquisa e estudou com sua m\u00e3e, Maria Alice Campos Freire, co-sintonizadora do Sistema, Fundadora do Centro Medicina da Floresta (pesquisa e m\u00e9todos de cura com as plantas medicinais amaz\u00f4nicas). Desenvolveu junto com sua m\u00e3e e outros pesquisadores tradicionais, uma nova etapa da pesquisa na regi\u00e3o do Rio Juru\u00e1 no Acre e foi respons\u00e1vel pela sistematiza\u00e7\u00e3o da mesma que resultou no livro \u201cIapuna &#8211; Linguagem de Gente, Linguagem de Flor\u201d. Hoje cursa a forma\u00e7\u00e3o de professores em Iyengar Yoga pelo Estudo Iyengar Yoga S\u00e3o Paulo (ESIYSP) e a forma\u00e7\u00e3o em Terapia Cr\u00e2nio Sacral (TCS) pelo Upledger Brasil, j\u00e1 atendendo com TCS.<\/p>\n<p><strong>Carga Hor\u00e1ria do Curso<\/strong><br \/>\n16 horas aula presencial<\/p>\n<p><strong>Pr\u00e9-Requisitos<\/strong><br \/>\n\u2022 Ser maior de 18 anos (caso o menor queira participar do curso, dever\u00e1 trazer os pais para participar de uma entrevista com os organizadores do curso e dever\u00e1 entregar uma autoriza\u00e7\u00e3o por escrito dos pais registrada em cart\u00f3rio)<br \/>\n\u2022 N\u00e3o h\u00e1 exig\u00eancia de nenhuma forma\u00e7\u00e3o para realiza\u00e7\u00e3o do curso, como tamb\u00e9m a realiza\u00e7\u00e3o de outros cursos de Florais da Amaz\u00f4nia<\/p>\n<p><strong>Certificado<\/strong><br \/>\nO certificado de participa\u00e7\u00e3o no curso ser\u00e1 conferido pela AMAFLOR &#8211; FLORAIS DA AMAZ\u00d4NIA<\/p>\n<p><strong>Local de realiza\u00e7\u00e3o do curso<\/strong><br \/>\nVEDA &#8211; Centro de Psicologia e Terapias Integradas &#8211; Rua Joaquim Ferreira da Costa, n\u00b0 82, bairro Manaira, Jo\u00e3o Pessoa\/PB<\/p>\n<p><strong>Mais informa\u00e7\u00f5es sobre o curso<\/strong><br \/>\n<a href=\"http:\/\/www.centroveda.com.br\/curso.a-terapia-floral\/88.florais-da-amazonia-curso-elementoterapia-introdutorio-inscricoes-abertas.html\" target=\"_blank\" rel=\"noopener\">http:\/\/www.centroveda.com.br\/curso.a-terapia-floral\/88.florais-da-amazonia-curso-elementoterapia-introdutorio-inscricoes-abertas.html<\/a><\/p>\n<p><strong>Contatos<\/strong><br \/>\nCentro Veda: (83) 3566 8775 &#8211; 98788 8775 (WhatsApp)<br \/>\nSaulo: (83) 99136 4090 (WhatsApp)<\/p>\n","protected":false},"excerpt":{"rendered":"<p>O Centro VEDA \u2013 Centro de Psicologia e Terapias Integradas promove nos dias\u00a021 e 22 de Abril de 2018 o curso de Florais da Amaz\u00f4nia &#8211; Elementoterapia Introdut\u00f3rio, coma terapeuta J\u00falia freire. A Terapia Floral aconteceu e impactou o mundo de forma sutil como a natureza das flores, antes que qualquer analista tivesse tempo ou [&hellip;]<\/p>\n","protected":false},"author":1,"featured_media":32732,"comment_status":"open","ping_status":"open","sticky":false,"template":"","format":"standard","meta":{"om_disable_all_campaigns":false,"_monsterinsights_skip_tracking":false,"_monsterinsights_sitenote_active":false,"_monsterinsights_sitenote_note":"","_monsterinsights_sitenote_category":0,"footnotes":""},"categories":[8,224,216],"tags":[167,70,569,435],"acf":[],"publishpress_future_action":{"enabled":false,"date":"1969-12-31 21:00:00","action":"","terms":[],"taxonomy":"","browser_timezone_offset":0},"_links":{"self":[{"href":"https:\/\/portalfloresnoar.com\/floresnoar\/wp-json\/wp\/v2\/posts\/32730"}],"collection":[{"href":"https:\/\/portalfloresnoar.com\/floresnoar\/wp-json\/wp\/v2\/posts"}],"about":[{"href":"https:\/\/portalfloresnoar.com\/floresnoar\/wp-json\/wp\/v2\/types\/post"}],"author":[{"embeddable":true,"href":"https:\/\/portalfloresnoar.com\/floresnoar\/wp-json\/wp\/v2\/users\/1"}],"replies":[{"embeddable":true,"href":"https:\/\/portalfloresnoar.com\/floresnoar\/wp-json\/wp\/v2\/comments?post=32730"}],"version-history":[{"count":0,"href":"https:\/\/portalfloresnoar.com\/floresnoar\/wp-json\/wp\/v2\/posts\/32730\/revisions"}],"wp:featuredmedia":[{"embeddable":true,"href":"https:\/\/portalfloresnoar.com\/floresnoar\/wp-json\/wp\/v2\/media\/32732"}],"wp:attachment":[{"href":"https:\/\/portalfloresnoar.com\/floresnoar\/wp-json\/wp\/v2\/media?parent=32730"}],"wp:term":[{"taxonomy":"category","embeddable":true,"href":"https:\/\/portalfloresnoar.com\/floresnoar\/wp-json\/wp\/v2\/categories?post=32730"},{"taxonomy":"post_tag","embeddable":true,"href":"https:\/\/portalfloresnoar.com\/floresnoar\/wp-json\/wp\/v2\/tags?post=32730"}],"curies":[{"name":"wp","href":"https:\/\/api.w.org\/{rel}","templated":true}]}}