

{"id":32442,"date":"2018-02-21T11:27:21","date_gmt":"2018-02-21T14:27:21","guid":{"rendered":"http:\/\/portalfloresnoar.com\/floresnoar\/?p=32442"},"modified":"2018-03-02T10:37:10","modified_gmt":"2018-03-02T13:37:10","slug":"agenda-pe-espetaculos-teatrais-sao-atos-de-contragolpe-neste-brasil-golpeado-confira-a-programacao","status":"publish","type":"post","link":"https:\/\/portalfloresnoar.com\/floresnoar\/agenda-pe-espetaculos-teatrais-sao-atos-de-contragolpe-neste-brasil-golpeado-confira-a-programacao\/","title":{"rendered":"[AGENDA PE] Espet\u00e1culos teatrais s\u00e3o atos de contragolpe neste Brasil golpeado. Confira a programa\u00e7\u00e3o!"},"content":{"rendered":"<figure id=\"attachment_32446\" aria-describedby=\"caption-attachment-32446\" style=\"width: 650px\" class=\"wp-caption aligncenter\"><img decoding=\"async\" loading=\"lazy\" class=\"wp-image-32446 size-full\" src=\"http:\/\/portalfloresnoar.com\/floresnoar\/wp-content\/uploads\/2018\/03\/MARTELADA-2-_foto-Ricardo-Lima.jpg\" alt=\"\" width=\"650\" height=\"365\" srcset=\"https:\/\/portalfloresnoar.com\/floresnoar\/wp-content\/uploads\/2018\/03\/MARTELADA-2-_foto-Ricardo-Lima.jpg 650w, https:\/\/portalfloresnoar.com\/floresnoar\/wp-content\/uploads\/2018\/03\/MARTELADA-2-_foto-Ricardo-Lima-300x168.jpg 300w\" sizes=\"(max-width: 650px) 100vw, 650px\" \/><figcaption id=\"caption-attachment-32446\" class=\"wp-caption-text\">Espet\u00e1culo &#8216;Martelada&#8217;. Foto: Ricardo Lima<\/figcaption><\/figure>\n<p>| <em>Por Claudio Ferr\u00e1rio<\/em> |<\/p>\n<p>Se a toda a\u00e7\u00e3o corresponde uma rea\u00e7\u00e3o, a todo golpe h\u00e1 de haver um contragolpe. \u00c9 fato que hoje, no Brasil, estamos mergulhados num perigoso estado de exce\u00e7\u00e3o, que nos faz perder os poucos direitos duramente conquistados. Amparado por uma m\u00eddia reacion\u00e1ria e un\u00edssona, um judici\u00e1rio ajoelhado sobre a sua parcialidade seletiva e uma pol\u00edcia que primeiro atira, depois d\u00e1 uma geral nos nossos bolsos, este estado de exce\u00e7\u00e3o constr\u00f3i a sua teia. Esta, como se sabe, tem por objetivo central espalhar a fome e a mis\u00e9ria para uma imensa maioria e reter as riqueza e as regalias para uma diminuta minoria.<\/p>\n<p>Diante deste quadro nada animador, qual deve ser a postura das pessoas que trabalham com cultura, com arte? Devemos nos aquietar e esperar passivamente que um dia tudo passe? Ou atuar para que as nossas vozes sejam ouvidas e, assim, possam engrossar o coro dos milh\u00f5es de exclu\u00eddos e exclu\u00eddas? N\u00f3s, da Par\u00eaa Teatro e da Janela Projetos, acreditamos na segunda op\u00e7\u00e3o. Para tal, estamos propondo, sem qualquer lei de incentivo, uma ocupa\u00e7\u00e3o do Teatro Arraial com dois espet\u00e1culos: \u201cA Inven\u00e7\u00e3o da Palavra\u201d e \u201cMartelada\u201d. A este encontro demos o nome de CONTRAGOLPE, porque n\u00e3o aceitamos que este estado de exce\u00e7\u00e3o, tal e qual um rolo compressor, continue a nos esmagar. Quatro noites regadas a teatro, onde queremos juntar pessoas, discutir e disseminar ideias, porque acreditamos que s\u00f3 assim, as a\u00e7\u00f5es e os contragolpes se multiplicam.<\/p>\n<p><strong>PROGRAMA\u00c7\u00c3O<\/strong><\/p>\n<p>TEATRO ARRAIAL \u2013 sextas e s\u00e1bados, \u00e0s 20h:<br \/>\nDIA 02\/03 &#8211; \u201cA INVEN\u00c7\u00c3O DA PALAVRA\u201d- espet\u00e1culo dedicado \u00e0 luta dos trabalhadores e trabalhadoras sem terra e sem teto.<br \/>\nDIA 03\/03 &#8211; \u201cA INVEN\u00c7\u00c3O DA PALAVRA\u201d &#8211; espet\u00e1culo dedicado \u00e0 luta das mulheres.<br \/>\nDIA 09\/03 &#8211; \u201cMARTELADA\u201d &#8211; espet\u00e1culo dedicado \u00e0 luta das na\u00e7\u00f5es ind\u00edgenas e das comunidades quilombolas.<br \/>\nDIA 10\/03 \u2013 \u201cMARTELADA\u201d &#8211; espet\u00e1culo dedicado \u00e0 luta dos trabalhadores e trabalhadoras da cultura popular.<\/p>\n<p><strong>A INVEN\u00c7\u00c3O DA PALAVRA<\/strong><\/p>\n<figure id=\"attachment_32444\" aria-describedby=\"caption-attachment-32444\" style=\"width: 645px\" class=\"wp-caption aligncenter\"><img decoding=\"async\" loading=\"lazy\" class=\"wp-image-32444\" src=\"http:\/\/portalfloresnoar.com\/floresnoar\/wp-content\/uploads\/2018\/03\/A-INVENCAO-DA-PALAVRA-foto-Fred-Jordao.jpg\" alt=\"\" width=\"645\" height=\"430\" srcset=\"https:\/\/portalfloresnoar.com\/floresnoar\/wp-content\/uploads\/2018\/03\/A-INVENCAO-DA-PALAVRA-foto-Fred-Jordao.jpg 720w, https:\/\/portalfloresnoar.com\/floresnoar\/wp-content\/uploads\/2018\/03\/A-INVENCAO-DA-PALAVRA-foto-Fred-Jordao-300x200.jpg 300w, https:\/\/portalfloresnoar.com\/floresnoar\/wp-content\/uploads\/2018\/03\/A-INVENCAO-DA-PALAVRA-foto-Fred-Jordao-700x467.jpg 700w\" sizes=\"(max-width: 645px) 100vw, 645px\" \/><figcaption id=\"caption-attachment-32444\" class=\"wp-caption-text\">A Inven\u00e7\u00e3o da palavra. Foto: Fred Jord\u00e3o<\/figcaption><\/figure>\n<p>&#8220;A Inven\u00e7\u00e3o da Palavra&#8221; faz uma viagem po\u00e9tica e l\u00fadica pela humanidade. Dois velhos, brincantes, palha\u00e7os, loucos, mendigos a se divertirem com uma peleja entre Deus e o Capeta para se saber, de fato, quem inventou a palavra. Os dois suspensos no ar. Os dois a fugirem do cotidiano dos gestos. Os dois a disputarem as palavras. Um mundo \u00fanico e espec\u00edfico, que no tempo e no espa\u00e7o do Teatro \u00e9 capaz de transportar o espectador a um mundo paralelo de dois seres em combate. Um espet\u00e1culo minimalista, que faz da atua\u00e7\u00e3o dos atores, suas palavras e seus gestos, for\u00e7a propulsora da constru\u00e7\u00e3o dram\u00e1tica.<\/p>\n<p>&#8220;A Inven\u00e7\u00e3o da Palavra&#8221; \u00e9 um texto do ator Cl\u00e1udio Ferrario. A encena\u00e7\u00e3o \u00e9 de Moncho Rodrigues e no elenco, al\u00e9m do pr\u00f3prio autor, a atriz Olga Ferrario. Fruto de um interc\u00e2mbio art\u00edstico entre Brasil e Portugal, o espet\u00e1culo foi montado numa imers\u00e3o na cidade de Fafe, onde funciona o projeto chamado Fafe Cidade das Artes, tamb\u00e9m dirigido pelo encenador Moncho. Trilha Sonora de Rafael Agra e Narciso Fernandes.<\/p>\n<p>SERVI\u00c7O<br \/>\nLOCAL: TEATRO ARRAIAL<br \/>\nDIAS: 02 e 03 DE MAR\u00c7O, 20h<br \/>\nINGRESSOS: R$ 30 REAIS (INTEIRA) E R$ 15 (MEIA)<\/p>\n<p><strong>MARTELADA<\/strong><\/p>\n<figure id=\"attachment_32445\" aria-describedby=\"caption-attachment-32445\" style=\"width: 645px\" class=\"wp-caption aligncenter\"><img decoding=\"async\" loading=\"lazy\" class=\"wp-image-32445\" src=\"http:\/\/portalfloresnoar.com\/floresnoar\/wp-content\/uploads\/2018\/03\/MARTELADA-foto-Ricardo-Lima.jpg\" alt=\"\" width=\"645\" height=\"363\" srcset=\"https:\/\/portalfloresnoar.com\/floresnoar\/wp-content\/uploads\/2018\/03\/MARTELADA-foto-Ricardo-Lima.jpg 720w, https:\/\/portalfloresnoar.com\/floresnoar\/wp-content\/uploads\/2018\/03\/MARTELADA-foto-Ricardo-Lima-300x169.jpg 300w, https:\/\/portalfloresnoar.com\/floresnoar\/wp-content\/uploads\/2018\/03\/MARTELADA-foto-Ricardo-Lima-700x394.jpg 700w\" sizes=\"(max-width: 645px) 100vw, 645px\" \/><figcaption id=\"caption-attachment-32445\" class=\"wp-caption-text\">Martelada. Foto: Ricardo Lima<\/figcaption><\/figure>\n<p>Claudio Ferr\u00e1rio faz ode \u00e0 sabedoria popular\u00a0no mon\u00f3logo\u00a0\u201cMartelada\u201d. Com dire\u00e7\u00e3o de Dea Ferraz, que estreia no teatro, pe\u00e7a mergulha no repert\u00f3rio de hist\u00f3rias e conflitos de um velho Mateus de cavalo-marinho afastado da brincadeira.<\/p>\n<p>Com a rara experi\u00eancia de mais de 40 anos dedicados ao of\u00edcio de atuar, o ator pernambucano Cl\u00e1udio Ferrario apresenta o mon\u00f3logo \u201cMartelada\u201d. A narrativa foi constru\u00edda ap\u00f3s andan\u00e7as por quatro cidades da Zona da Mata Norte de Pernambuco, e faz uma viagem abstrata inspirada nas tr\u00eas vezes em que Martelo, figura do tradicional cavalo-marinho, afirma ter ido ao inferno. \u00c9, de certa forma, uma ode\u00a0\u00e0s pessoas que guardam na mem\u00f3ria as hist\u00f3rias do passado e na orat\u00f3ria a capacidade de pass\u00e1-las adiante.\u00a0\u00a0Ap\u00f3s \u201cA inven\u00e7\u00e3o da palavra\u201d, a pe\u00e7a que constr\u00f3i um universo l\u00fadico que dialoga com os valores da sabedoria popular \u00e9 a segunda em que Ferrario d\u00e1 vida a seu pr\u00f3prio texto.<\/p>\n<p>O personagem \u00e9 um velho guardador de mist\u00e9rios, contador de hist\u00f3rias, fil\u00f3sofo da exist\u00eancia, que recebe em sua casa visitantes interessados em ouvir seus &#8220;causos&#8221;. Dentro do velho\u00a0vive o Mateus, o palha\u00e7o, o jovem arlequim que j\u00e1 foi um dia.\u00a0\u201cExigindo da plateia o esfor\u00e7o da imagina\u00e7\u00e3o,\u00a0Martelada \u00e9 o encontro entre fantasia e realidade, loucura e sanidade, velhice e jovialidade.\u00a0Entre passado e presente, esse velho e esse jovem se encontram na mesma figura, porque o que vivemos permanece em n\u00f3s e\u00a0a energia que nos conduziu um dia\u00a0\u00e9 capaz\u00a0de nos revisitar a qualquer momento\u201d, explica a cineasta Dea Ferraz, que faz sua estreia na dire\u00e7\u00e3o teatral e que v\u00ea a montagem como uma de suas maiores provoca\u00e7\u00f5es profissionais. \u201cFoi certamente um dos desafios mais\u00a0profundos que j\u00e1 mergulhei. N\u00e3o s\u00f3 por ser minha primeira incurs\u00e3o no teatro, assinando uma dire\u00e7\u00e3o, mas, sobretudo e principalmente, pela possibilidade de entrar no mundo aleg\u00f3rico e m\u00edstico de figuras como Martelo e tantos outros e outras que carregam na exist\u00eancia o peso dos mist\u00e9rios e sabedorias insond\u00e1veis da vida\u201d, ressalta Dea.<\/p>\n<p>A pe\u00e7a, produzida sem o apoio de leis de incentivo \u00e0 Cultura, \u00e9 na concep\u00e7\u00e3o da produ\u00e7\u00e3o um retorno \u00e0 forma de como se fazia teatro antigamente. Para Ferrario, reflete, sobretudo, o momento do pa\u00eds, em que a\u00a0 continuidade das leis de incentivo \u00e0 Cultura e das pol\u00edticas p\u00fablicas conquistadas ao longo das \u00faltimas d\u00e9cadas, tornam-se\u00a0\u00a0cada vez mais incertas. \u201cEm tempos de repress\u00e3o,\u00a0cabe \u00e0 arte colocar-se como instrumento\u00a0de resist\u00eancia.\u00a0Fazer teatro no Brasil sempre foi um ato de resist\u00eancia e agora mais do que nunca. Sem nenhum incentivo ou apoio, Martelada nasce, portanto, antes de\u00a0tudo\u00a0do desejo de resistir\u201d, conclui Ferrario.<\/p>\n<p>SERVI\u00c7O<br \/>\nLOCAL: TEATRO ARRAIAL<br \/>\nDIAS: 09 e 10 DE MAR\u00c7O, \u00c0S 20h<br \/>\nINGRESSOS: R$ 15 (MEIA) E R$ 30 (INTEIRA).<\/p>\n","protected":false},"excerpt":{"rendered":"<p>| Por Claudio Ferr\u00e1rio | Se a toda a\u00e7\u00e3o corresponde uma rea\u00e7\u00e3o, a todo golpe h\u00e1 de haver um contragolpe. \u00c9 fato que hoje, no Brasil, estamos mergulhados num perigoso estado de exce\u00e7\u00e3o, que nos faz perder os poucos direitos duramente conquistados. Amparado por uma m\u00eddia reacion\u00e1ria e un\u00edssona, um judici\u00e1rio ajoelhado sobre a sua [&hellip;]<\/p>\n","protected":false},"author":1,"featured_media":32443,"comment_status":"open","ping_status":"open","sticky":false,"template":"","format":"standard","meta":{"om_disable_all_campaigns":false,"_monsterinsights_skip_tracking":false,"_monsterinsights_sitenote_active":false,"_monsterinsights_sitenote_note":"","_monsterinsights_sitenote_category":0,"footnotes":""},"categories":[8,224,214],"tags":[668,154,64],"acf":[],"publishpress_future_action":{"enabled":false,"date":"1969-12-31 21:00:00","action":"","terms":[],"taxonomy":"","browser_timezone_offset":0},"_links":{"self":[{"href":"https:\/\/portalfloresnoar.com\/floresnoar\/wp-json\/wp\/v2\/posts\/32442"}],"collection":[{"href":"https:\/\/portalfloresnoar.com\/floresnoar\/wp-json\/wp\/v2\/posts"}],"about":[{"href":"https:\/\/portalfloresnoar.com\/floresnoar\/wp-json\/wp\/v2\/types\/post"}],"author":[{"embeddable":true,"href":"https:\/\/portalfloresnoar.com\/floresnoar\/wp-json\/wp\/v2\/users\/1"}],"replies":[{"embeddable":true,"href":"https:\/\/portalfloresnoar.com\/floresnoar\/wp-json\/wp\/v2\/comments?post=32442"}],"version-history":[{"count":0,"href":"https:\/\/portalfloresnoar.com\/floresnoar\/wp-json\/wp\/v2\/posts\/32442\/revisions"}],"wp:featuredmedia":[{"embeddable":true,"href":"https:\/\/portalfloresnoar.com\/floresnoar\/wp-json\/wp\/v2\/media\/32443"}],"wp:attachment":[{"href":"https:\/\/portalfloresnoar.com\/floresnoar\/wp-json\/wp\/v2\/media?parent=32442"}],"wp:term":[{"taxonomy":"category","embeddable":true,"href":"https:\/\/portalfloresnoar.com\/floresnoar\/wp-json\/wp\/v2\/categories?post=32442"},{"taxonomy":"post_tag","embeddable":true,"href":"https:\/\/portalfloresnoar.com\/floresnoar\/wp-json\/wp\/v2\/tags?post=32442"}],"curies":[{"name":"wp","href":"https:\/\/api.w.org\/{rel}","templated":true}]}}