

{"id":32436,"date":"2018-03-01T10:48:00","date_gmt":"2018-03-01T13:48:00","guid":{"rendered":"http:\/\/portalfloresnoar.com\/floresnoar\/?p=32436"},"modified":"2018-03-01T10:48:00","modified_gmt":"2018-03-01T13:48:00","slug":"arcano-de-marco-abrace-o-mundo-e-dance-com-a-vida","status":"publish","type":"post","link":"https:\/\/portalfloresnoar.com\/floresnoar\/arcano-de-marco-abrace-o-mundo-e-dance-com-a-vida\/","title":{"rendered":"[ARCANO DE MAR\u00c7O] Abrace O Mundo e dance com a vida!"},"content":{"rendered":"<p><img decoding=\"async\" loading=\"lazy\" class=\"aligncenter wp-image-32437\" src=\"http:\/\/portalfloresnoar.com\/floresnoar\/wp-content\/uploads\/2018\/03\/Arcano-O-Mundo_foto-Ronaldo-Patricio.jpg\" alt=\"\" width=\"693\" height=\"390\" srcset=\"https:\/\/portalfloresnoar.com\/floresnoar\/wp-content\/uploads\/2018\/03\/Arcano-O-Mundo_foto-Ronaldo-Patricio.jpg 720w, https:\/\/portalfloresnoar.com\/floresnoar\/wp-content\/uploads\/2018\/03\/Arcano-O-Mundo_foto-Ronaldo-Patricio-300x169.jpg 300w, https:\/\/portalfloresnoar.com\/floresnoar\/wp-content\/uploads\/2018\/03\/Arcano-O-Mundo_foto-Ronaldo-Patricio-700x394.jpg 700w\" sizes=\"(max-width: 693px) 100vw, 693px\" \/><\/p>\n<p>| <em>Por Ronaldo Patr\u00edcio<\/em>* |<\/p>\n<p>Os tr\u00eas primeiros meses do ano trazem em si um sabor de renova\u00e7\u00e3o. Na verdade, desde dezembro que esse sentimento nos acompanha, mas \u00e9 no m\u00eas de mar\u00e7o que, de fato, essa sensa\u00e7\u00e3o se torna mais clara, mais real. Para nos acompanhar nesse per\u00edodo de transi\u00e7\u00e3o, o arcano 21 \u2013 O Mundo nos convida para uma dan\u00e7a, que envolve os quatro elementos da natureza.<\/p>\n<p>Primeiro, vamos falar sobre o poder desse m\u00eas. Voc\u00ea j\u00e1 percebeu que Mar\u00e7o come\u00e7a com o signo de Peixes, em que marca a finaliza\u00e7\u00e3o do ciclo do zod\u00edaco e, ao mesmo tempo, d\u00e1 in\u00edcio a um novo, quando o Sol entra no signo de \u00c1ries, em que come\u00e7a uma nova jornada?<br \/>\n\u00c9 tamb\u00e9m em Mar\u00e7o que ocorrem as mudan\u00e7as nas esta\u00e7\u00f5es do Ver\u00e3o para o Outono, no hemisf\u00e9rio Sul, per\u00edodo em que as temperaturas come\u00e7am a cair e h\u00e1 mais part\u00edculas de \u00e1gua na atmosfera, transformando cada p\u00f4r de sol um espet\u00e1culo \u00e0 parte.<\/p>\n<p>Dando uma olhada no significado dos nomes dos meses, vemos que mar\u00e7o deriva de Marte, o deus da guerra. Per\u00edodo em que algumas civiliza\u00e7\u00f5es antigas realizavam a semeadura nos campos. \u00c9 neste m\u00eas que o agricultor comemora o dia de S\u00e3o Jos\u00e9, no dia 19, quando semeia o milho para colh\u00ea-lo nas festas juninas.<\/p>\n<p>E \u00e9 nesse clima de transi\u00e7\u00e3o que o arcano 21 \u2013 O Mundo aparece e nos diz: \u201cQue tal dan\u00e7armos enquanto o dia n\u00e3o vem?\u201d Nesse caso, se dissermos sim, conseguiremos usufruir da presen\u00e7a dessa mulher t\u00e3o plena de si mesma, t\u00e3o poderosa e t\u00e3o disposta a viver todos os momentos da vida com profundidade e intensidade.<\/p>\n<p>A mulher que surge na l\u00e2mina O Mundo est\u00e1 plena de si mesma. Ela chegou ao final da jornada \u00edntegra, pois intimamente sabe que cada experi\u00eancia vivida serviu de tempero para a sua alma. Ela caminhou pelas 21 casas dos arcanos maiores e finaliza o ciclo mais s\u00e1bia, mais madura e disposta a seguir sua nova jornada. Um poder de mulher!<\/p>\n<p>Como sabe que tudo na vida \u00e9 transit\u00f3rio, ela dan\u00e7a e tamb\u00e9m nos convida a dan\u00e7ar, seja no ritmo da fluidez das \u00e1guas, do calor do fogo transformador, da serenidade do elemento terra, ou mesmo da rapidez dos ventos. A cada jornada cumprida, O Mundo nos convida a fazermos uma alquimia interna com esses quatro elementos, a fim de descobrirmos em n\u00f3s o \u00e9ter e nos eternizarmos.<\/p>\n<p>Se durante o m\u00eas de fevereiro, estivemos atentos aos sinais por meio do arcano 20 \u2013 O Julgamento, com o trunfo O Mundo podemos sentir aonde a vida est\u00e1 nos levando e o que a Exist\u00eancia quer de n\u00f3s em nossa pr\u00f3pria pele, em nosso corpo, em cada movimento que fizermos ao longo dos 31 dias que contemplam o m\u00eas de mar\u00e7o, para que tamb\u00e9m sejamos plenas e plenos de n\u00f3s mesmos. Para que tamb\u00e9m tenhamos consci\u00eancia por onde os nossos p\u00e9s nos levam na dan\u00e7a da vida.<\/p>\n<p>\u00c9 no auge do m\u00eas de mar\u00e7o que podemos vislumbrar o futuro. Que os nossos p\u00e9s estejam bem fincados no ch\u00e3o para que possamos sonhar e enraizar nossos desejos.<\/p>\n<p><em>Outros aspectos importantes a considerar:<\/em><br \/>\n<strong>Como arcano do m\u00eas:<\/strong> que possamos nutrir a confian\u00e7a na Exist\u00eancia e em n\u00f3s sobre o caminho escolhido por trilharmos. Que possamos nutrir nossa alegria, desprendimento e prazer pela vida, por nossa exist\u00eancia e do que somos capazes de realizar. Que possamos qualificar nossa presen\u00e7a no hoje, sentindo o futuro como o resultado do que investirmos agora.<\/p>\n<p><strong>Plano Material:<\/strong> Per\u00edodo bom para reprogramarmos o nosso corpo f\u00edsico com exerc\u00edcios, dietas, alimenta\u00e7\u00e3o saud\u00e1vel, massagens e outros cuidados pessoais especiais.<\/p>\n<p><strong>Plano Mental:<\/strong> Desapeguemos de ideias ultrapassadas que em nada contribuem para o nosso sucesso. Possamos agradecer e liberar cren\u00e7as limitantes. Per\u00edodo excelente para reprogramarmos nosso corpo mental com ideias novas e saud\u00e1veis.<\/p>\n<p><strong>Plano Emocional:<\/strong> Fa\u00e7amos o exerc\u00edcio de pararmos para reconhecermos o quanto expandimos nesses \u00faltimos meses. Possamos nos olhar no espelho, nos reconhecermos em nossa inteireza e nos acolhermos como somos, sem julgamentos. Amor-pr\u00f3prio mais fortalecido e auto-estima elevada.<\/p>\n<p><strong>Plano Espiritual:<\/strong> Como sentimos a a\u00e7\u00e3o dos quatro elementos em nosso corpo? Qual o n\u00edvel de f\u00e9 e de esperan\u00e7a em n\u00f3s e no em nosso futuro? Como anda a nossa capacidade de transcender? Invista em sua conex\u00e3o interior!<\/p>\n<p><em><strong>Dicas:<\/strong> <\/em>Dance mais, caminhe mais em vias abertas, em contato com a natureza.<\/p>\n<p>Para finalizar, um trecho da can\u00e7\u00e3o de S\u00e9rgio Mendes, \u201cHorizonte Aberto\u201d:<br \/>\n<em>\u201cEu tenho um horizonte aberto em minha vida<\/em><br \/>\n<em> Me iluminar, Eliminar o medo<\/em><br \/>\n<em> E se, afinal, \u00e9 esse o meu destino<\/em><br \/>\n<em> Que seja assim at\u00e9 o fim\u201d.<\/em><\/p>\n<p><strong><em>(*) Ronaldo Patr\u00edcio \u00e9 tar\u00f3logo, terapeuta qu\u00e2ntico e jornalista.<\/em><\/strong><br \/>\n<strong><em> Atende presencial e online:<\/em><\/strong><br \/>\n<strong><em> WhatsApp: (81) 9.9503.6966<\/em><\/strong><br \/>\n<strong><em> E-mail: serpresentecontato@gmail.com<\/em><\/strong><\/p>\n","protected":false},"excerpt":{"rendered":"<p>| Por Ronaldo Patr\u00edcio* | Os tr\u00eas primeiros meses do ano trazem em si um sabor de renova\u00e7\u00e3o. Na verdade, desde dezembro que esse sentimento nos acompanha, mas \u00e9 no m\u00eas de mar\u00e7o que, de fato, essa sensa\u00e7\u00e3o se torna mais clara, mais real. Para nos acompanhar nesse per\u00edodo de transi\u00e7\u00e3o, o arcano 21 \u2013 [&hellip;]<\/p>\n","protected":false},"author":1,"featured_media":32437,"comment_status":"open","ping_status":"open","sticky":false,"template":"","format":"standard","meta":{"om_disable_all_campaigns":false,"_monsterinsights_skip_tracking":false,"_monsterinsights_sitenote_active":false,"_monsterinsights_sitenote_note":"","_monsterinsights_sitenote_category":0,"footnotes":""},"categories":[10],"tags":[499,390,86],"acf":[],"publishpress_future_action":{"enabled":false,"date":"1969-12-31 21:00:00","action":"","terms":[],"taxonomy":"","browser_timezone_offset":0},"_links":{"self":[{"href":"https:\/\/portalfloresnoar.com\/floresnoar\/wp-json\/wp\/v2\/posts\/32436"}],"collection":[{"href":"https:\/\/portalfloresnoar.com\/floresnoar\/wp-json\/wp\/v2\/posts"}],"about":[{"href":"https:\/\/portalfloresnoar.com\/floresnoar\/wp-json\/wp\/v2\/types\/post"}],"author":[{"embeddable":true,"href":"https:\/\/portalfloresnoar.com\/floresnoar\/wp-json\/wp\/v2\/users\/1"}],"replies":[{"embeddable":true,"href":"https:\/\/portalfloresnoar.com\/floresnoar\/wp-json\/wp\/v2\/comments?post=32436"}],"version-history":[{"count":0,"href":"https:\/\/portalfloresnoar.com\/floresnoar\/wp-json\/wp\/v2\/posts\/32436\/revisions"}],"wp:featuredmedia":[{"embeddable":true,"href":"https:\/\/portalfloresnoar.com\/floresnoar\/wp-json\/wp\/v2\/media\/32437"}],"wp:attachment":[{"href":"https:\/\/portalfloresnoar.com\/floresnoar\/wp-json\/wp\/v2\/media?parent=32436"}],"wp:term":[{"taxonomy":"category","embeddable":true,"href":"https:\/\/portalfloresnoar.com\/floresnoar\/wp-json\/wp\/v2\/categories?post=32436"},{"taxonomy":"post_tag","embeddable":true,"href":"https:\/\/portalfloresnoar.com\/floresnoar\/wp-json\/wp\/v2\/tags?post=32436"}],"curies":[{"name":"wp","href":"https:\/\/api.w.org\/{rel}","templated":true}]}}