

{"id":32385,"date":"2018-02-22T11:28:10","date_gmt":"2018-02-22T14:28:10","guid":{"rendered":"http:\/\/portalfloresnoar.com\/floresnoar\/?p=32385"},"modified":"2018-02-23T16:19:22","modified_gmt":"2018-02-23T19:19:22","slug":"agenda-pe-workshop-a-jornada-de-volta-ao-mundo-dias-10-e-11-de-marco-no-recife","status":"publish","type":"post","link":"https:\/\/portalfloresnoar.com\/floresnoar\/agenda-pe-workshop-a-jornada-de-volta-ao-mundo-dias-10-e-11-de-marco-no-recife\/","title":{"rendered":"[AGENDA PE] Workshop &#8216;A Jornada de volta ao mundo&#8217;, dias 10 e 11 de mar\u00e7o, no Recife"},"content":{"rendered":"<p>&nbsp;<\/p>\n<p><img decoding=\"async\" loading=\"lazy\" class=\"aligncenter wp-image-32387\" src=\"http:\/\/portalfloresnoar.com\/floresnoar\/wp-content\/uploads\/2018\/02\/vivencia-autoconhecimento-recife.jpg\" alt=\"\" width=\"673\" height=\"350\" srcset=\"https:\/\/portalfloresnoar.com\/floresnoar\/wp-content\/uploads\/2018\/02\/vivencia-autoconhecimento-recife.jpg 769w, https:\/\/portalfloresnoar.com\/floresnoar\/wp-content\/uploads\/2018\/02\/vivencia-autoconhecimento-recife-300x156.jpg 300w, https:\/\/portalfloresnoar.com\/floresnoar\/wp-content\/uploads\/2018\/02\/vivencia-autoconhecimento-recife-768x399.jpg 768w, https:\/\/portalfloresnoar.com\/floresnoar\/wp-content\/uploads\/2018\/02\/vivencia-autoconhecimento-recife-700x364.jpg 700w\" sizes=\"(max-width: 673px) 100vw, 673px\" \/><\/p>\n<p>A Universidade do Ser promove, pela primeira vez no Recife, o workshop &#8216;A Jornada de volta ao mundo&#8217;,\u00a0 uma imers\u00e3o de autoconhecimento, conduzida pelo terapeuta Ricardo Neto. O encontro ser\u00e1 nos dias 10 e 11 de mar\u00e7o de 2018,\u00a0no Espa\u00e7o Circular, bairro de Casa Forte.<\/p>\n<p><img decoding=\"async\" loading=\"lazy\" class=\"wp-image-32397 alignright\" src=\"http:\/\/portalfloresnoar.com\/floresnoar\/wp-content\/uploads\/2018\/02\/ricardo-neto-jornada-de-volta-ao-mundo.jpg\" alt=\"\" width=\"373\" height=\"233\" srcset=\"https:\/\/portalfloresnoar.com\/floresnoar\/wp-content\/uploads\/2018\/02\/ricardo-neto-jornada-de-volta-ao-mundo.jpg 718w, https:\/\/portalfloresnoar.com\/floresnoar\/wp-content\/uploads\/2018\/02\/ricardo-neto-jornada-de-volta-ao-mundo-300x188.jpg 300w, https:\/\/portalfloresnoar.com\/floresnoar\/wp-content\/uploads\/2018\/02\/ricardo-neto-jornada-de-volta-ao-mundo-700x438.jpg 700w\" sizes=\"(max-width: 373px) 100vw, 373px\" \/>&#8216;A Jornada de volta ao mundo&#8217; \u00e9 um workshop, desenvolvido pelo terapeuta Transpessoal Ricardo Neto (Florian\u00f3polis &#8211; SC), que une teorias e ferramentas pr\u00e1ticas para autoconhecimento e evolu\u00e7\u00e3o pessoal. O objetivo \u00e9 promover a expans\u00e3o da consci\u00eancia e humanidade atrav\u00e9s de um processo individual, simples e realista.<\/p>\n<p>A imers\u00e3o \u00e9 aberta para qualquer pessoa interessada em autoconhecimento e em melhorar a qualidade de vida. As inscri\u00e7\u00f5es podem ser feitas atrav\u00e9s do<strong> <a href=\"http:\/\/bit.ly\/JornadaVMRecife\" target=\"_blank\" rel=\"noopener\">site Sympla<\/a><\/strong> ou dep\u00f3sito banc\u00e1rio.<\/p>\n<p>A partir da apresenta\u00e7\u00e3o de teorias e conceitos da psicologia desenvolvidos Carl Jung e Ken Wilber, aliados a ferramentas de autoconhecimento como Eneagrama e Jornada do Her\u00f3i, Ricardo Neto ir\u00e1 conduzir exerc\u00edcios pr\u00e1ticos no qual cada participante ir\u00e1 refletir sobre sua personalidade e jornada de vida e construir um plano pessoal para gerar mais escolhas conscientes, contentamento, criatividade e satisfa\u00e7\u00e3o de viver, mesmo diante dos desafios que a vida apresenta.<\/p>\n<p>Ricardo Neto \u00e9 terapeuta Transpessoal, professor de p\u00f3s gradua\u00e7\u00e3o em Psicologia Transpessoal no Instituto IZEN Psicologia Transpessoal e empreendedor na De Volta ao Mundo.<br \/>\n<em><strong>Fabebook:<\/strong><a href=\"https:\/\/www.facebook.com\/ricardo.neto.1420\" target=\"_blank\" rel=\"noopener\"> https:\/\/www.facebook.com\/ricardo.neto.1420<\/a><\/em><\/p>\n<p><strong>Sobre a Universidade do Ser<\/strong><br \/>\nA Universidade do Ser \u00e9 uma iniciativa que re\u00fane diversas atividades na \u00e1rea de autoconhecimento e desenvolvimento pessoal. iniciativa de promo\u00e7\u00e3o de espa\u00e7os virtuais e presenciais de colabora\u00e7\u00e3o, empoderamento, conviv\u00eancia e sustentabilidade, para investiga\u00e7\u00e3o, revela\u00e7\u00e3o e conex\u00e3o dos seres.<br \/>\n<em><strong>Site:<\/strong><a href=\"https:\/\/www.facebook.com\/unidoser\/\" target=\"_blank\" rel=\"noopener\"> https:\/\/www.facebook.com\/unidoser\/<\/a><\/em><\/p>\n<p>CONTE\u00daDO DO WORKSHOP<br \/>\n* Arqu\u00e9tipos da Psicoterapia Jungiana &#8211; Carl Jung<br \/>\n* Conceito de Vida Integral \u2013 Psicologia Integral &#8211; Ken Wilber<br \/>\n* Jornada do Her\u00f3i \u2013 Joseph Campbell<br \/>\n* Eneagrama \u2013 Cl\u00e1udio Naranjo<br \/>\n* Caminho sagrado ind\u00edgena Tupi Guarani sobre rela\u00e7\u00e3o entre as energias da natureza, emo\u00e7\u00f5es humanas e centros energ\u00e9ticos.<\/p>\n<p><em><strong>Em dois dias de encontro (carga hor\u00e1ria:16h), cada participante ir\u00e1:<\/strong><\/em><\/p>\n<p>* Compreender o Eneagrama das personalidades, que descreve nove diferentes formas de se relacionar no campo da vida \u00edntima e amorosa ou no campo da vida profissional e do servi\u00e7o;<\/p>\n<p>* Identificar o her\u00f3i e o vil\u00e3o que habitam em voc\u00ea, descobrindo e explorando sua humanidade e talentos naturais;<\/p>\n<p>* Criar um plano para acessar sua melhor express\u00e3o no mundo, com estrat\u00e9gias para se libertar de padr\u00f5es de comportamento mec\u00e2nicos e repetitivos que geram dor e sofrimento;<\/p>\n<p>* Conhecer ferramentas para integra\u00e7\u00e3o do pensar, sentir e agir no mundo, desenvolvendo criatividade, paz, abund\u00e2ncia e tes\u00e3o de viver;<\/p>\n<p>* Exercitar a sua intelig\u00eancia latente e a capacidade humana de fazer escolhas conscientes frente aos desafios que a vida apresenta a todo tempo.<\/p>\n<p>SERVI\u00c7O<br \/>\n<strong>Workshop &#8216;A Jornada de volta ao mundo&#8217;<\/strong><br \/>\n<strong>Data:<\/strong> 10 e 11 de mar\u00e7o de 2018<br \/>\n<strong>Hora:<\/strong> das 9h \u00e0s 18h<br \/>\n<strong>Local:<\/strong> Espa\u00e7o Circular &#8211; Rua Samuel de Farias, 95 &#8211; Casa Forte, Recife\/PE<br \/>\n<strong>Investimento:<\/strong> R$ 530,00<\/p>\n<p><strong>Inscri\u00e7\u00f5es:<\/strong><br \/>\nVia Sympla:\u00a0<a href=\"http:\/\/bit.ly\/JornadaVMRecife\" target=\"_blank\" rel=\"noopener\">http:\/\/bit.ly\/JornadaVMRecife<\/a><br \/>\nTransfer\u00eancia banc\u00e1ria: entre em contato e solicite dados banc\u00e1rios pelo (81) 99662.8205<\/p>\n<p><strong>Mais informa\u00e7\u00f5es:<\/strong><br \/>\n<a href=\"http:\/\/devoltaaomundo.com\/\" target=\"_blank\" rel=\"noopener\">www.devoltaaomundo.com<\/a><br \/>\n(81) 99662.8205<\/p>\n","protected":false},"excerpt":{"rendered":"<p>&nbsp; A Universidade do Ser promove, pela primeira vez no Recife, o workshop &#8216;A Jornada de volta ao mundo&#8217;,\u00a0 uma imers\u00e3o de autoconhecimento, conduzida pelo terapeuta Ricardo Neto. O encontro ser\u00e1 nos dias 10 e 11 de mar\u00e7o de 2018,\u00a0no Espa\u00e7o Circular, bairro de Casa Forte. &#8216;A Jornada de volta ao mundo&#8217; \u00e9 um workshop, [&hellip;]<\/p>\n","protected":false},"author":1,"featured_media":32386,"comment_status":"open","ping_status":"open","sticky":false,"template":"","format":"standard","meta":{"om_disable_all_campaigns":false,"_monsterinsights_skip_tracking":false,"_monsterinsights_sitenote_active":false,"_monsterinsights_sitenote_note":"","_monsterinsights_sitenote_category":0,"footnotes":""},"categories":[8,224,214],"tags":[136,60,304,515],"acf":[],"publishpress_future_action":{"enabled":false,"date":"1969-12-31 21:00:00","action":"","terms":[],"taxonomy":"","browser_timezone_offset":0},"_links":{"self":[{"href":"https:\/\/portalfloresnoar.com\/floresnoar\/wp-json\/wp\/v2\/posts\/32385"}],"collection":[{"href":"https:\/\/portalfloresnoar.com\/floresnoar\/wp-json\/wp\/v2\/posts"}],"about":[{"href":"https:\/\/portalfloresnoar.com\/floresnoar\/wp-json\/wp\/v2\/types\/post"}],"author":[{"embeddable":true,"href":"https:\/\/portalfloresnoar.com\/floresnoar\/wp-json\/wp\/v2\/users\/1"}],"replies":[{"embeddable":true,"href":"https:\/\/portalfloresnoar.com\/floresnoar\/wp-json\/wp\/v2\/comments?post=32385"}],"version-history":[{"count":0,"href":"https:\/\/portalfloresnoar.com\/floresnoar\/wp-json\/wp\/v2\/posts\/32385\/revisions"}],"wp:featuredmedia":[{"embeddable":true,"href":"https:\/\/portalfloresnoar.com\/floresnoar\/wp-json\/wp\/v2\/media\/32386"}],"wp:attachment":[{"href":"https:\/\/portalfloresnoar.com\/floresnoar\/wp-json\/wp\/v2\/media?parent=32385"}],"wp:term":[{"taxonomy":"category","embeddable":true,"href":"https:\/\/portalfloresnoar.com\/floresnoar\/wp-json\/wp\/v2\/categories?post=32385"},{"taxonomy":"post_tag","embeddable":true,"href":"https:\/\/portalfloresnoar.com\/floresnoar\/wp-json\/wp\/v2\/tags?post=32385"}],"curies":[{"name":"wp","href":"https:\/\/api.w.org\/{rel}","templated":true}]}}