

{"id":32383,"date":"2018-02-22T10:25:00","date_gmt":"2018-02-22T13:25:00","guid":{"rendered":"http:\/\/portalfloresnoar.com\/floresnoar\/?p=32383"},"modified":"2018-02-22T10:25:00","modified_gmt":"2018-02-22T13:25:00","slug":"agenda-pe-instituto-integrar-no-recife-oferece-atendimentos-terapeuticos-aulas-de-musica-yoga-cursos-e-oficinas","status":"publish","type":"post","link":"https:\/\/portalfloresnoar.com\/floresnoar\/agenda-pe-instituto-integrar-no-recife-oferece-atendimentos-terapeuticos-aulas-de-musica-yoga-cursos-e-oficinas\/","title":{"rendered":"[AGENDA PE] Instituto Integrar, no Recife, oferece atendimentos terap\u00eauticos, aulas de m\u00fasica, Yoga, cursos e oficinas"},"content":{"rendered":"<p>O bairro da Iputinga, no Recife, ganha um novo espa\u00e7o terap\u00eautico, o Instituto Integrar. Idealizado e constru\u00eddo por Jussara Santos, terapeuta hol\u00edstica h\u00e1 mais duas d\u00e9cadas, o instituto, al\u00e9m de sede de seu consult\u00f3rio, disp\u00f5e de espa\u00e7o para realiza\u00e7\u00e3o das mais diversas atividades de expressividade e cura. O espa\u00e7o fica pr\u00f3ximo \u00e0 Reitoria da UFPE e do Hospital das Cl\u00ednicas.<\/p>\n<figure id=\"attachment_32375\" aria-describedby=\"caption-attachment-32375\" style=\"width: 346px\" class=\"wp-caption alignright\"><img decoding=\"async\" loading=\"lazy\" class=\"wp-image-32375\" src=\"http:\/\/portalfloresnoar.com\/floresnoar\/wp-content\/uploads\/2018\/02\/espaco-terapeutico-recife.jpg\" alt=\"\" width=\"346\" height=\"294\" srcset=\"https:\/\/portalfloresnoar.com\/floresnoar\/wp-content\/uploads\/2018\/02\/espaco-terapeutico-recife.jpg 590w, https:\/\/portalfloresnoar.com\/floresnoar\/wp-content\/uploads\/2018\/02\/espaco-terapeutico-recife-300x255.jpg 300w\" sizes=\"(max-width: 346px) 100vw, 346px\" \/><figcaption id=\"caption-attachment-32375\" class=\"wp-caption-text\">O Instituto Integrar foi criado pela terapeuta Jussara Santos<\/figcaption><\/figure>\n<p>Jussara trabalha com pr\u00e1ticas orientais como Shiatsu, Acupuntura, Reiki e Yoga, bem como oficinas arteterap\u00eauticas, florais e cursos, sempre partindo do princ\u00edpio de que a cura est\u00e1 atrelada ao autoconhecimento, espiritualiza\u00e7\u00e3o e expressividade. Na sua pr\u00f3pria busca, n\u00e3o apenas como profissional, mas como pessoa, ela nos relata que vivenciou<br \/>\neste caminho que agora busca oferecer a quem a procura. \u201cLevar estes conhecimentos e cuidados aos que est\u00e3o em busca por ajuda passou a ser um compromisso, pois foi dessa maneira que descobri o meu poder pessoal e, consequentemente, minha cura\u201d relata a terapeuta.<\/p>\n<p>O Instituto oferece regularmente aulas de m\u00fasica &#8211; canto, viol\u00e3o e percuss\u00e3o &#8211; e Yoga. Al\u00e9m destas atividades, os atendimentos em Shiatsu, Acupuntura, Florais e Reiki s\u00e3o oferecidos diariamente mediante agendamento.\u00a0O espa\u00e7o se mant\u00e9m de portas abertas para receber novas propostas de realiza\u00e7\u00f5es que se alinhem com seu prop\u00f3sito e venham somar novas intera\u00e7\u00f5es.<\/p>\n<p>PROGRAMA\u00c7\u00c3O DO INSTITUTO INTEGRAR &#8211; mar\u00e7o\/2018<\/p>\n<p><strong>Dias 9 e 10<\/strong> &#8211; Curso de Inicia\u00e7\u00e3o em Reiki I.<br \/>\n<strong>Dia 17 (manh\u00e3)<\/strong> &#8211; Workshop \u201cMudando frequ\u00eancias e aterrando objetivos\u201d, com o prop\u00f3sito de adentrar este ano vibrando na frequ\u00eancia de seus desejos e verdadeiros objetivos.<br \/>\n<strong>Dia 17 (tarde)<\/strong> &#8211; Oficina de Shantala, massagem indiana milenar para beb\u00eas.<br \/>\n<strong>Dia 24<\/strong> &#8211; Oficina de Filtro dos sonhos &#8211; os participantes aprender\u00e3o a criar seu pr\u00f3prio filtro, levando o objeto para casa.<\/p>\n<p>SORTEIO<br \/>\nNo dia <strong>3 de mar\u00e7o<\/strong> ser\u00e1 reralizado um<strong><a href=\"https:\/\/www.facebook.com\/institutointegrarPE\/photos\/a.1538938866199491.1073741832.753092701450782\/1643766939050016\/?type=3&amp;theater\" target=\"_blank\" rel=\"noopener\"> SORTEIO\u00a0\u00a0de uma sess\u00e3o de Shiatsu.\u00a0<\/a><\/strong><\/p>\n<p>CONTATOS<br \/>\n<strong>Fone<\/strong>: (81) 98874.9284 (WhatsApp)<br \/>\n<strong>Endere\u00e7o:<\/strong> Rua General Vargas, 233, Iputinga, Recife\/PE (ao lado do pr\u00e9dio da Sudene)<br \/>\n<strong>Facebook:<\/strong> https:\/\/www.facebook.com\/institutointegrarPE\/<br \/>\n<strong>Instagram:<\/strong> @institutointegrarpe<\/p>\n<p><img decoding=\"async\" loading=\"lazy\" class=\"aligncenter size-full wp-image-32379\" src=\"http:\/\/portalfloresnoar.com\/floresnoar\/wp-content\/uploads\/2018\/02\/Instituto-Integrar.jpg\" alt=\"\" width=\"600\" height=\"854\" srcset=\"https:\/\/portalfloresnoar.com\/floresnoar\/wp-content\/uploads\/2018\/02\/Instituto-Integrar.jpg 600w, https:\/\/portalfloresnoar.com\/floresnoar\/wp-content\/uploads\/2018\/02\/Instituto-Integrar-211x300.jpg 211w, https:\/\/portalfloresnoar.com\/floresnoar\/wp-content\/uploads\/2018\/02\/Instituto-Integrar-492x700.jpg 492w\" sizes=\"(max-width: 600px) 100vw, 600px\" \/><\/p>\n","protected":false},"excerpt":{"rendered":"<p>O bairro da Iputinga, no Recife, ganha um novo espa\u00e7o terap\u00eautico, o Instituto Integrar. Idealizado e constru\u00eddo por Jussara Santos, terapeuta hol\u00edstica h\u00e1 mais duas d\u00e9cadas, o instituto, al\u00e9m de sede de seu consult\u00f3rio, disp\u00f5e de espa\u00e7o para realiza\u00e7\u00e3o das mais diversas atividades de expressividade e cura. O espa\u00e7o fica pr\u00f3ximo \u00e0 Reitoria da UFPE [&hellip;]<\/p>\n","protected":false},"author":1,"featured_media":32376,"comment_status":"open","ping_status":"open","sticky":false,"template":"","format":"standard","meta":{"om_disable_all_campaigns":false,"_monsterinsights_skip_tracking":false,"_monsterinsights_sitenote_active":false,"_monsterinsights_sitenote_note":"","_monsterinsights_sitenote_category":0,"footnotes":""},"categories":[8,224,214],"tags":[243,41,127],"acf":[],"publishpress_future_action":{"enabled":false,"date":"1969-12-31 21:00:00","action":"","terms":[],"taxonomy":"","browser_timezone_offset":0},"_links":{"self":[{"href":"https:\/\/portalfloresnoar.com\/floresnoar\/wp-json\/wp\/v2\/posts\/32383"}],"collection":[{"href":"https:\/\/portalfloresnoar.com\/floresnoar\/wp-json\/wp\/v2\/posts"}],"about":[{"href":"https:\/\/portalfloresnoar.com\/floresnoar\/wp-json\/wp\/v2\/types\/post"}],"author":[{"embeddable":true,"href":"https:\/\/portalfloresnoar.com\/floresnoar\/wp-json\/wp\/v2\/users\/1"}],"replies":[{"embeddable":true,"href":"https:\/\/portalfloresnoar.com\/floresnoar\/wp-json\/wp\/v2\/comments?post=32383"}],"version-history":[{"count":0,"href":"https:\/\/portalfloresnoar.com\/floresnoar\/wp-json\/wp\/v2\/posts\/32383\/revisions"}],"wp:featuredmedia":[{"embeddable":true,"href":"https:\/\/portalfloresnoar.com\/floresnoar\/wp-json\/wp\/v2\/media\/32376"}],"wp:attachment":[{"href":"https:\/\/portalfloresnoar.com\/floresnoar\/wp-json\/wp\/v2\/media?parent=32383"}],"wp:term":[{"taxonomy":"category","embeddable":true,"href":"https:\/\/portalfloresnoar.com\/floresnoar\/wp-json\/wp\/v2\/categories?post=32383"},{"taxonomy":"post_tag","embeddable":true,"href":"https:\/\/portalfloresnoar.com\/floresnoar\/wp-json\/wp\/v2\/tags?post=32383"}],"curies":[{"name":"wp","href":"https:\/\/api.w.org\/{rel}","templated":true}]}}