

{"id":32281,"date":"2018-02-15T11:08:22","date_gmt":"2018-02-15T14:08:22","guid":{"rendered":"http:\/\/portalfloresnoar.com\/floresnoar\/?p=32281"},"modified":"2018-02-15T11:08:22","modified_gmt":"2018-02-15T14:08:22","slug":"entrevista-andrea-macera-fala-sobre-a-imersao-em-palhacaria-que-ela-conduzira-dias-9-10-e-113-em-pernambuco","status":"publish","type":"post","link":"https:\/\/portalfloresnoar.com\/floresnoar\/entrevista-andrea-macera-fala-sobre-a-imersao-em-palhacaria-que-ela-conduzira-dias-9-10-e-113-em-pernambuco\/","title":{"rendered":"[ENTREVISTA] Andrea Macera fala sobre a imers\u00e3o em Palha\u00e7aria que ela conduzir\u00e1 dias 9, 10 e 11\/3 em Pernambuco"},"content":{"rendered":"<p>&nbsp;<\/p>\n<p><img decoding=\"async\" loading=\"lazy\" class=\"aligncenter wp-image-32279\" src=\"http:\/\/portalfloresnoar.com\/floresnoar\/wp-content\/uploads\/2018\/02\/andrea-macera-palhacaria.jpg\" alt=\"\" width=\"636\" height=\"424\" srcset=\"https:\/\/portalfloresnoar.com\/floresnoar\/wp-content\/uploads\/2018\/02\/andrea-macera-palhacaria.jpg 960w, https:\/\/portalfloresnoar.com\/floresnoar\/wp-content\/uploads\/2018\/02\/andrea-macera-palhacaria-300x200.jpg 300w, https:\/\/portalfloresnoar.com\/floresnoar\/wp-content\/uploads\/2018\/02\/andrea-macera-palhacaria-768x512.jpg 768w, https:\/\/portalfloresnoar.com\/floresnoar\/wp-content\/uploads\/2018\/02\/andrea-macera-palhacaria-700x467.jpg 700w\" sizes=\"(max-width: 636px) 100vw, 636px\" \/><\/p>\n<p><em>A palha\u00e7a Andrea Macera realiza nos dias 9, 10 e 11 de mar\u00e7o de 2018, a Imers\u00e3o em Palha\u00e7aria \u2018Palha\u00e7o (a )\u2026 um of\u00edcio\u2019, no Espa\u00e7o Tempo Xammaiar, em Ch\u00e3 Grande\/PE. Todas as informa\u00e7\u00f5es sobre a imers\u00e3o podem ser vistas <strong><a href=\"https:\/\/portalfloresnoar.com\/floresnoar\/agenda-pe-imersao-em-palhacaria-com-andrea-macera-dias-9-10-e-11-de-marco\/\" target=\"_blank\" rel=\"noopener\">neste link<\/a><\/strong>. Nesta entrevista, Andrea nos conta um pouco mais sobre o of\u00edcio da Palha\u00e7aria.<\/em><\/p>\n<p><strong>Por que a arte da Palha\u00e7aria?<\/strong><br \/>\nAcho que fui mais escolhida por essa arte do que escolhi a Palha\u00e7aria, parece um chav\u00e3o isso, mas foi assim que aconteceu. H\u00e1 21 anos\u00a0 fui para um retiro de Palha\u00e7os porque diziam que era bom para atores e nunca mais voltei ao normal (kkkkk). Depois conheci a mestra clown canadense Sue Morrison e realmente depois dela fiz a escolha pela Palha\u00e7aria e sabia que n\u00e3o tinha mais volta. Hoje estudo minha arte cada vez com mais dedica\u00e7\u00e3o e felicidade por exercer este of\u00edcio.<\/p>\n<p><strong>Quando voc\u00ea decidiu que dali em diante seria palha\u00e7a, como foi o despertar ao of\u00edcio?<\/strong><br \/>\nDepois que conheci o trabalho da Sue Morrison &#8220;O Clown atrav\u00e9s da M\u00e1scara&#8221;, depois do primeiro curso com ela, eu j\u00e1 sabia que queria exercer aquele tipo de palha\u00e7aria, que pra mim se tornava mais que um trabalho, era mesmo um of\u00edcio.<\/p>\n<p><strong>Essa n\u00e3o \u00e9 a primeira vez que voc\u00ea vem a Pernambuco. Qual a tua rela\u00e7\u00e3o com o Estado?<\/strong><br \/>\nN\u00e3o \u00e9 a primeira vez que venho a Pernambuco , j\u00e1 tenho um di\u00e1logo com as Palha\u00e7as da regi\u00e3o atrav\u00e9s do Festival Palha\u00e7aria, tenho vindo todas as edi\u00e7\u00f5es e sempre em uma parceria muito rica com o estudo desta arte .<\/p>\n<p><strong>Quem n\u00e3o atua como palha\u00e7a ou palha\u00e7o tamb\u00e9m pode participar da imers\u00e3o?<\/strong><br \/>\nPode sim, a princ\u00edpio a produ\u00e7\u00e3o de Recife e eu optamos por abrir para iniciados e iniciantes, acho que \u00e9 a viv\u00eancia de um processo que permite que todos compartilhem no mesmo n\u00edvel .<\/p>\n<p><strong>H\u00e1 alguma contra-indica\u00e7\u00e3o?\u00a0<\/strong><br \/>\nN\u00e3o tem nenhuma contraindica\u00e7\u00e3o, palha\u00e7o bem feito faz bem \u00e0 sa\u00fade, ent\u00e3o vamos treinar e estudar essa arte antes de sair por ai brincando com essa m\u00e1scara t\u00e3o poderosa.<\/p>\n<h3 class=\"post-title\"><a href=\"https:\/\/portalfloresnoar.com\/floresnoar\/agenda-pe-imersao-em-palhacaria-com-andrea-macera-dias-9-10-e-11-de-marco\/\" target=\"_blank\" rel=\"noopener\">IMERS\u00c3O EM PALHA\u00c7ARIA, COM ANDREA MACERA, DIAS 9, 10 E 11 DE MAR\u00c7O, em ch\u00e3 grande\/pe<\/a><\/h3>\n","protected":false},"excerpt":{"rendered":"<p>&nbsp; A palha\u00e7a Andrea Macera realiza nos dias 9, 10 e 11 de mar\u00e7o de 2018, a Imers\u00e3o em Palha\u00e7aria \u2018Palha\u00e7o (a )\u2026 um of\u00edcio\u2019, no Espa\u00e7o Tempo Xammaiar, em Ch\u00e3 Grande\/PE. Todas as informa\u00e7\u00f5es sobre a imers\u00e3o podem ser vistas neste link. Nesta entrevista, Andrea nos conta um pouco mais sobre o of\u00edcio da [&hellip;]<\/p>\n","protected":false},"author":1,"featured_media":32279,"comment_status":"open","ping_status":"open","sticky":false,"template":"","format":"standard","meta":{"om_disable_all_campaigns":false,"_monsterinsights_skip_tracking":false,"_monsterinsights_sitenote_active":false,"_monsterinsights_sitenote_note":"","_monsterinsights_sitenote_category":0,"footnotes":""},"categories":[11],"tags":[44,136,479,492,304],"acf":[],"publishpress_future_action":{"enabled":false,"date":"1969-12-31 21:00:00","action":"","terms":[],"taxonomy":"","browser_timezone_offset":0},"_links":{"self":[{"href":"https:\/\/portalfloresnoar.com\/floresnoar\/wp-json\/wp\/v2\/posts\/32281"}],"collection":[{"href":"https:\/\/portalfloresnoar.com\/floresnoar\/wp-json\/wp\/v2\/posts"}],"about":[{"href":"https:\/\/portalfloresnoar.com\/floresnoar\/wp-json\/wp\/v2\/types\/post"}],"author":[{"embeddable":true,"href":"https:\/\/portalfloresnoar.com\/floresnoar\/wp-json\/wp\/v2\/users\/1"}],"replies":[{"embeddable":true,"href":"https:\/\/portalfloresnoar.com\/floresnoar\/wp-json\/wp\/v2\/comments?post=32281"}],"version-history":[{"count":0,"href":"https:\/\/portalfloresnoar.com\/floresnoar\/wp-json\/wp\/v2\/posts\/32281\/revisions"}],"wp:featuredmedia":[{"embeddable":true,"href":"https:\/\/portalfloresnoar.com\/floresnoar\/wp-json\/wp\/v2\/media\/32279"}],"wp:attachment":[{"href":"https:\/\/portalfloresnoar.com\/floresnoar\/wp-json\/wp\/v2\/media?parent=32281"}],"wp:term":[{"taxonomy":"category","embeddable":true,"href":"https:\/\/portalfloresnoar.com\/floresnoar\/wp-json\/wp\/v2\/categories?post=32281"},{"taxonomy":"post_tag","embeddable":true,"href":"https:\/\/portalfloresnoar.com\/floresnoar\/wp-json\/wp\/v2\/tags?post=32281"}],"curies":[{"name":"wp","href":"https:\/\/api.w.org\/{rel}","templated":true}]}}