

{"id":32137,"date":"2017-09-26T16:11:04","date_gmt":"2017-09-26T19:11:04","guid":{"rendered":"http:\/\/portalfloresnoar.com\/floresnoar\/?p=32137"},"modified":"2018-01-26T10:52:05","modified_gmt":"2018-01-26T13:52:05","slug":"agenda-pe-imersao-em-palhacaria-com-andrea-macera-dias-9-10-11-de-marco","status":"publish","type":"post","link":"https:\/\/portalfloresnoar.com\/floresnoar\/agenda-pe-imersao-em-palhacaria-com-andrea-macera-dias-9-10-11-de-marco\/","title":{"rendered":"[AGENDA PE] Imers\u00e3o em Palha\u00e7aria, com Andrea Macera, dias 9, 10 e 11 de mar\u00e7o"},"content":{"rendered":"<p><img decoding=\"async\" loading=\"lazy\" class=\"aligncenter wp-image-32138\" src=\"http:\/\/portalfloresnoar.com\/floresnoar\/wp-content\/uploads\/2018\/01\/imersao-palhacaria-andrea-macera.jpg\" alt=\"\" width=\"607\" height=\"852\" srcset=\"https:\/\/portalfloresnoar.com\/floresnoar\/wp-content\/uploads\/2018\/01\/imersao-palhacaria-andrea-macera.jpg 700w, https:\/\/portalfloresnoar.com\/floresnoar\/wp-content\/uploads\/2018\/01\/imersao-palhacaria-andrea-macera-214x300.jpg 214w, https:\/\/portalfloresnoar.com\/floresnoar\/wp-content\/uploads\/2018\/01\/imersao-palhacaria-andrea-macera-499x700.jpg 499w\" sizes=\"(max-width: 607px) 100vw, 607px\" \/><\/p>\n<div dir=\"auto\">\n<p>A Duas Companhia promove, nos dias 9, 10\u00a0 e 11 de mar\u00e7o de 2018, a Imers\u00e3o em Palha\u00e7aria &#8216;Palha\u00e7o (a )&#8230; um of\u00edcio&#8217;, com a palha\u00e7a Andrea Macera, no Espa\u00e7o Tempo Xammaiar, em Ch\u00e3 Grande\/PE.<\/p>\n<p>A viv\u00eancia \u00e9 voltada para homens e mulheres que se interessam pelo of\u00edcio de palha\u00e7o. A imers\u00e3o \u00e9 tanto para quem j\u00e1 atua como palha\u00e7o (a), como tamb\u00e9m para quem deseja iniciar na arte da palha\u00e7aria. As vagas s\u00e3o limitadas!<\/p>\n<p>&#8220;Perceber o trabalho de Palha\u00e7o como um of\u00edcio, transmitir nossos saberes e compartilhar uma linguagem art\u00edstica, essa \u00e9 a inten\u00e7\u00e3o desta imers\u00e3o na m\u00e1scara do palha\u00e7o.Trabalharemos de forma intensiva a Presen\u00e7a, a Comunica\u00e7\u00e3o e o Jogo&#8221;, explica Andrea.<\/p>\n<p>Andrea Macera \u00e9 atriz desde 1986, palha\u00e7a desde 1997 e diretora desde 1999. Desenvolveu grande parte de seus estudos junto ao Grupo LUME &#8211; N\u00facleo Interdisciplinar de Pesquisas Teatrais da Unicamp e com Sue Morrison, mestra-clown canadense. \u00c9 parceira art\u00edstica do Barrac\u00e3o Teatro, desde 1999, no estudo da m\u00e1scara e do palha\u00e7o. Nos \u00faltimos dez anos tem voltado a sua pesquisa para elabora\u00e7\u00e3o art\u00edstica a partir do improviso e da rela\u00e7\u00e3o com o p\u00fablico. Fundou em 2005 o Teatro da Mafalda, do qual \u00e9 atriz e produtora.<\/p>\n<div dir=\"auto\"><strong> Imers\u00e3o em Palha\u00e7aria &#8216;Palha\u00e7o (a )&#8230; um of\u00edcio&#8217;, com Andrea Macera<\/strong><\/div>\n<div dir=\"auto\"><strong>Data:\u00a0<\/strong> 9, 10 e 11 de mar\u00e7o<\/p>\n<div dir=\"auto\"><strong>Hor\u00e1rio:<\/strong> In\u00edcio na sexta, \u00e0s 14h e t\u00e9rmino no domingo, \u00e0s 15h<\/div>\n<div dir=\"auto\"><strong>Local:\u00a0<\/strong><em>Espa\u00e7o Tempo Xammaiar (Vindo de Recife, fazer o retorno no posto policial depois da Serra das Russas. Entrar na rodovia \u00e0 direita em dire\u00e7\u00e3o a Ch\u00e3 Grande e depois seguir as placas que indicam o Hotel Highlander. Quando passar na frente do hotel, seguir descendo e subindo as duas ladeiras que v\u00eam. Quando chegar ao topo virar \u00e0 direita na placa Tic\u00f3, e depois da placa, \u00e9 o terceiro port\u00e3o de entrada do lado esquerdo, logo ap\u00f3s o port\u00e3o amarelo do s\u00edtio Shambala.<\/em><\/div>\n<\/div>\n<div dir=\"auto\"><\/div>\n<div dir=\"auto\"><strong>Energia de troca<\/strong><\/div>\n<div dir=\"auto\">R$ 620,00 \u00a0&#8211; \u00a0\u00e0 vista ou em duas parcelas (fevereiro e 09\/03)<\/div>\n<div dir=\"auto\"><strong>Obs.1:<\/strong> est\u00e3o inclu\u00eddos no valor do investimento o retiro, a hospedagem e alimenta\u00e7\u00e3o (do jantar da sexta ao almo\u00e7o do domingo) no Espa\u00e7o Tempo Xammaiar. N\u00e3o est\u00e3o inclu\u00eddos no valor custos com transportes at\u00e9 o local.<\/div>\n<div dir=\"auto\"><strong>Obs.2:<\/strong> Para pessoas que t\u00eam hospedagem em Ch\u00e3 Grande, o investimento \u00e9 de R$ 530,00<\/div>\n<div dir=\"auto\"><strong>Obs.3:\u00a0<\/strong>Confere certificado de 20 horas de trabalho<\/div>\n<div dir=\"auto\"><\/div>\n<div dir=\"auto\"><strong>INSCRI\u00c7\u00d5ES<\/strong><\/div>\n<div dir=\"auto\">S\u00e3o poucas as vagas para o retiro. <strong>A reserva s\u00f3 \u00e9 poss\u00edvel mediante o \u00a0pagamento de pelo menos 50% do total<\/strong>, que pode ser feito via transfer\u00eancia banc\u00e1ria, na seguinte conta:<\/div>\n<div dir=\"auto\"><em><strong>Dados banc\u00e1rios para dep\u00f3sito<\/strong><\/em><\/div>\n<div dir=\"auto\"><em>L\u00edvia M V Falc\u00e3o\u00a0<\/em><\/div>\n<div dir=\"auto\"><em>Banco do Brasil \u2013 Ag. 3108-9, Conta 41829-3<\/em><\/div>\n<div dir=\"auto\"><em>CPF &#8211; 510946144-91<\/em><\/div>\n<\/div>\n<div dir=\"auto\">\n<div dir=\"auto\"><\/div>\n<div dir=\"auto\"><strong>Sobre a hospedagem e a alimenta\u00e7\u00e3o<\/strong><\/div>\n<div dir=\"auto\">Hospedagem simples, em quartos coletivos. A alimenta\u00e7\u00e3o \u00e9 vegana (sem produtos animais). \u00c9 solicitada a pr\u00e1tica do sil\u00eancio durante as refei\u00e7\u00f5es. O ambiente \u00e9\u00a0livre de cigarros e bebida alc\u00f3olica. Faremos uso consciente da \u00e1gua em Ch\u00e3 Grande.<\/div>\n<div dir=\"auto\"><\/div>\n<div dir=\"auto\"><strong>Obs.:<\/strong> Trazer travesseiro, roupa de cama e banho e repelente<\/div>\n<div dir=\"auto\"><\/div>\n<div dir=\"auto\"><strong>Material pessoal necess\u00e1rio para o retiro:<\/strong><\/div>\n<div dir=\"auto\">\u00a0\u2022 Roupas leves e confort\u00e1veis para as pr\u00e1ticas<\/div>\n<div dir=\"auto\">\u2022 Meias e sapatilhas antiderrapantes<\/div>\n<div dir=\"auto\">\u2022 Roupa de frio para a noite<\/div>\n<div dir=\"auto\">\u2022 Nariz de palha\u00e7o (a) e roupa da figura se tiver<\/div>\n<div dir=\"auto\">\u2022 Objetos e adere\u00e7os<\/div>\n<div dir=\"auto\"><\/div>\n<\/div>\n<div dir=\"auto\">\n<div dir=\"auto\"><\/div>\n<p><strong>MAIS INFORMA\u00c7\u00d5ES:<\/strong><br \/>\n<strong>Fone:<\/strong>\u00a0(81) 9 9986.3170<br \/>\n<strong>E-mail:<\/strong>\u00a0casulope@gmail.com<\/p>\n<p><strong>Evento no Facebook:\u00a0<\/strong><a href=\"https:\/\/www.facebook.com\/events\/400884073680264\" target=\"_blank\" rel=\"noopener\">https:\/\/www.facebook.com\/events\/400884073680264<\/a><\/p>\n<\/div>\n<p>&nbsp;<\/p>\n","protected":false},"excerpt":{"rendered":"<p>A Duas Companhia promove, nos dias 9, 10\u00a0 e 11 de mar\u00e7o de 2018, a Imers\u00e3o em Palha\u00e7aria &#8216;Palha\u00e7o (a )&#8230; um of\u00edcio&#8217;, com a palha\u00e7a Andrea Macera, no Espa\u00e7o Tempo Xammaiar, em Ch\u00e3 Grande\/PE. A viv\u00eancia \u00e9 voltada para homens e mulheres que se interessam pelo of\u00edcio de palha\u00e7o. A imers\u00e3o \u00e9 tanto para [&hellip;]<\/p>\n","protected":false},"author":1,"featured_media":0,"comment_status":"open","ping_status":"open","sticky":false,"template":"","format":"standard","meta":{"om_disable_all_campaigns":false,"_monsterinsights_skip_tracking":false,"_monsterinsights_sitenote_active":false,"_monsterinsights_sitenote_note":"","_monsterinsights_sitenote_category":0,"footnotes":""},"categories":[8,214],"tags":[657,492,304],"acf":[],"publishpress_future_action":{"enabled":false,"date":"1969-12-31 21:00:00","action":"","terms":[],"taxonomy":"","browser_timezone_offset":0},"_links":{"self":[{"href":"https:\/\/portalfloresnoar.com\/floresnoar\/wp-json\/wp\/v2\/posts\/32137"}],"collection":[{"href":"https:\/\/portalfloresnoar.com\/floresnoar\/wp-json\/wp\/v2\/posts"}],"about":[{"href":"https:\/\/portalfloresnoar.com\/floresnoar\/wp-json\/wp\/v2\/types\/post"}],"author":[{"embeddable":true,"href":"https:\/\/portalfloresnoar.com\/floresnoar\/wp-json\/wp\/v2\/users\/1"}],"replies":[{"embeddable":true,"href":"https:\/\/portalfloresnoar.com\/floresnoar\/wp-json\/wp\/v2\/comments?post=32137"}],"version-history":[{"count":0,"href":"https:\/\/portalfloresnoar.com\/floresnoar\/wp-json\/wp\/v2\/posts\/32137\/revisions"}],"wp:attachment":[{"href":"https:\/\/portalfloresnoar.com\/floresnoar\/wp-json\/wp\/v2\/media?parent=32137"}],"wp:term":[{"taxonomy":"category","embeddable":true,"href":"https:\/\/portalfloresnoar.com\/floresnoar\/wp-json\/wp\/v2\/categories?post=32137"},{"taxonomy":"post_tag","embeddable":true,"href":"https:\/\/portalfloresnoar.com\/floresnoar\/wp-json\/wp\/v2\/tags?post=32137"}],"curies":[{"name":"wp","href":"https:\/\/api.w.org\/{rel}","templated":true}]}}