

{"id":31918,"date":"2018-01-06T17:36:42","date_gmt":"2018-01-06T20:36:42","guid":{"rendered":"http:\/\/portalfloresnoar.com\/floresnoar\/?p=31918"},"modified":"2022-02-22T13:18:42","modified_gmt":"2022-02-22T16:18:42","slug":"canto-de-lu-enquanto-a-gente-se-escolha","status":"publish","type":"post","link":"https:\/\/portalfloresnoar.com\/floresnoar\/canto-de-lu-enquanto-a-gente-se-escolha\/","title":{"rendered":"[CANTO DE LU] &#8216;Enquanto a gente se escolha&#8217;"},"content":{"rendered":"<figure id=\"attachment_31925\" aria-describedby=\"caption-attachment-31925\" style=\"width: 600px\" class=\"wp-caption aligncenter\"><img decoding=\"async\" loading=\"lazy\" class=\"wp-image-31925 size-full\" src=\"http:\/\/portalfloresnoar.com\/floresnoar\/wp-content\/uploads\/2018\/01\/casal_soulcollage_lu-rabelo-1.jpg\" alt=\"\" width=\"600\" height=\"997\" srcset=\"https:\/\/portalfloresnoar.com\/floresnoar\/wp-content\/uploads\/2018\/01\/casal_soulcollage_lu-rabelo-1.jpg 600w, https:\/\/portalfloresnoar.com\/floresnoar\/wp-content\/uploads\/2018\/01\/casal_soulcollage_lu-rabelo-1-181x300.jpg 181w, https:\/\/portalfloresnoar.com\/floresnoar\/wp-content\/uploads\/2018\/01\/casal_soulcollage_lu-rabelo-1-421x700.jpg 421w\" sizes=\"(max-width: 600px) 100vw, 600px\" \/><figcaption id=\"caption-attachment-31925\" class=\"wp-caption-text\">Carta do meu baralho de SoulCollage nomeada de CONFIAN\u00c7A, e que representa os meus pais<\/figcaption><\/figure>\n<p>| <em>Por Lu Rabelo *<\/em> |<\/p>\n<p>O meu maior desafio nesta vida sempre foi a rela\u00e7\u00e3o afetivo-sexual.<\/p>\n<p>Depois de dois casamentos, dois filhos, e, praticamente, 5 anos sem viver um relacionamento, venho nos \u00faltimos tempos refletindo sobre a abertura para um novo amor.<\/p>\n<p>Nesse tempo sozinha, tava mesmo era me apaixonando por mim! Um trabalho profundo de autoconhecimento e express\u00e3o.<\/p>\n<p>Consegui me olhar verdadeiramente e<strong><a href=\"https:\/\/www.facebook.com\/.cantadeiralu\" target=\"_blank\" rel=\"noopener\"> assumir a import\u00e2ncia vital do Canto e da Poesia na minha vida<\/a><\/strong>, compreendendo com maior clareza minha miss\u00e3o de comunicar, ser canal, inspirar.<\/p>\n<p>Foi preciso muita Coragem e Confian\u00e7a. Agrade\u00e7o todos os dias a mim e aos meus Guias por estarmos Fiando juntos.<\/p>\n<p>Houve momentos dif\u00edceis, pois, ao mergulhar, tive que encarar meu lado sombrio, me perceber ego\u00edsta, egoica, arrogante, invejosa, ciumenta, possessiva, controladora, apegada, carente, insegura, preconceituosa, machista, raivosa, impaciente.<\/p>\n<p>Mas reconheci tamb\u00e9m minha por\u00e7\u00e3o acolhedora, amorosa, materna, cuidadosa, respeitosa, sincera, sens\u00edvel, corajosa, confiante, respons\u00e1vel, comprometida, pac\u00edfica, justa, amiga, flex\u00edvel, vibrante, valente, po\u00e9tica, encantada, libidinosa, apaixonada, rom\u00e2ntica.<\/p>\n<p>Agora, o desafio \u00e9: como romper com o padr\u00e3o antigo de relacionamento que tive com\u00a0 meus parceiros (padr\u00e3o que n\u00e3o quero mais!)? Como construir uma nova rela\u00e7\u00e3o, acolhendo e sabendo lidar com minhas sombras (e as dele), ao mesmo tempo potencializando o que em mim (e nele) \u00e9 luz?<\/p>\n<p>Como me abrir para compartilhar a vida com algu\u00e9m, sem deixar de ser eu, sem perder minha liberdade, sem interferir na liberdade do outro? (At\u00e9 porque o que nos encanta, um no outro, \u00e9 a liberdade de cada um ser quem &#8216;si&#8217; \u00e9!)<\/p>\n<p>Como botar em pr\u00e1tica, no dia a dia,\u00a0numa nova rela\u00e7\u00e3o, todas as reflex\u00f5es e aprendizados obtidos comigo mesma e com as rela\u00e7\u00f5es que vivenciei?<\/p>\n<p>N\u00e3o deve ser f\u00e1cil. Mas, como diz <strong><a href=\"https:\/\/www.facebook.com\/ascumade\/\" target=\"_blank\" rel=\"noopener\">As Cumade<\/a><\/strong>, no Cordel\u00a0do Carma Amoroso: &#8220;\u00e9 somente em contato e rela\u00e7\u00e3o que se pode tratar com exatid\u00e3o os feridos e feras que insistem, pois te digo que eles n\u00e3o desistem! Como Jung nos disse eles retornam, e os caminhos febris eles adornam, como pedras nos selfs atordoam; arabescos tais aves que revoam, e onde pousam janelas que se tornam&#8221;.<\/p>\n<p>Quero acreditar que \u00e9 poss\u00edvel, sim, vivenciar uma uni\u00e3o, onde cada um, num processo de autoconhecimento e autorresponsabilidade, busque em si o equil\u00edbrio dos opostos, tendo no parceiro um companheiro de aventura, caminhando lado a lado, num apoio m\u00fatuo, n\u00e3o &#8216;at\u00e9 que a morte nos separe&#8217;, mas &#8216;enquanto a gente se escolha&#8217;.<\/p>\n<p>Quero verdade, coer\u00eancia, respeito, inteireza, encantamento, presen\u00e7a, confian\u00e7a e liberdade. Um amor\u00a0que s\u00f3 pode ser vivido por quem &#8216;si&#8217; ama.<\/p>\n<p><em>* Lu Rabelo\u00a0\u00e9\u00a0<a href=\"https:\/\/www.facebook.com\/cantadeiralu\" target=\"_blank\" rel=\"noopener\">cantadeira<\/a>,\u00a0<a href=\"https:\/\/www.instagram.com\/jardimarteterapeutico\/\" target=\"_blank\" rel=\"noopener\">arteterapeuta<\/a>, jornalista e editora do\u00a0<a href=\"http:\/\/portalfloresnoar.com\/\" target=\"_blank\" rel=\"noopener\">Portal Flores no Ar.<\/a><\/em><\/p>\n","protected":false},"excerpt":{"rendered":"<p>| Por Lu Rabelo * | O meu maior desafio nesta vida sempre foi a rela\u00e7\u00e3o afetivo-sexual. Depois de dois casamentos, dois filhos, e, praticamente, 5 anos sem viver um relacionamento, venho nos \u00faltimos tempos refletindo sobre a abertura para um novo amor. Nesse tempo sozinha, tava mesmo era me apaixonando por mim! Um trabalho [&hellip;]<\/p>\n","protected":false},"author":1,"featured_media":31926,"comment_status":"open","ping_status":"open","sticky":false,"template":"","format":"standard","meta":{"om_disable_all_campaigns":false,"_monsterinsights_skip_tracking":false,"_monsterinsights_sitenote_active":false,"_monsterinsights_sitenote_note":"","_monsterinsights_sitenote_category":0,"footnotes":""},"categories":[227,220,224],"tags":[144,499,136,591,639,147],"acf":[],"publishpress_future_action":{"enabled":false,"date":"1969-12-31 21:00:00","action":"","terms":[],"taxonomy":"","browser_timezone_offset":0},"_links":{"self":[{"href":"https:\/\/portalfloresnoar.com\/floresnoar\/wp-json\/wp\/v2\/posts\/31918"}],"collection":[{"href":"https:\/\/portalfloresnoar.com\/floresnoar\/wp-json\/wp\/v2\/posts"}],"about":[{"href":"https:\/\/portalfloresnoar.com\/floresnoar\/wp-json\/wp\/v2\/types\/post"}],"author":[{"embeddable":true,"href":"https:\/\/portalfloresnoar.com\/floresnoar\/wp-json\/wp\/v2\/users\/1"}],"replies":[{"embeddable":true,"href":"https:\/\/portalfloresnoar.com\/floresnoar\/wp-json\/wp\/v2\/comments?post=31918"}],"version-history":[{"count":0,"href":"https:\/\/portalfloresnoar.com\/floresnoar\/wp-json\/wp\/v2\/posts\/31918\/revisions"}],"wp:featuredmedia":[{"embeddable":true,"href":"https:\/\/portalfloresnoar.com\/floresnoar\/wp-json\/wp\/v2\/media\/31926"}],"wp:attachment":[{"href":"https:\/\/portalfloresnoar.com\/floresnoar\/wp-json\/wp\/v2\/media?parent=31918"}],"wp:term":[{"taxonomy":"category","embeddable":true,"href":"https:\/\/portalfloresnoar.com\/floresnoar\/wp-json\/wp\/v2\/categories?post=31918"},{"taxonomy":"post_tag","embeddable":true,"href":"https:\/\/portalfloresnoar.com\/floresnoar\/wp-json\/wp\/v2\/tags?post=31918"}],"curies":[{"name":"wp","href":"https:\/\/api.w.org\/{rel}","templated":true}]}}