

{"id":31917,"date":"2018-02-01T07:18:54","date_gmt":"2018-02-01T10:18:54","guid":{"rendered":"http:\/\/portalfloresnoar.com\/floresnoar\/?p=31917"},"modified":"2018-04-17T09:19:20","modified_gmt":"2018-04-17T12:19:20","slug":"agenda-pe-curso-de-reflexologia-ayurvedica-dos-pes-em-abril-no-recife","status":"publish","type":"post","link":"https:\/\/portalfloresnoar.com\/floresnoar\/agenda-pe-curso-de-reflexologia-ayurvedica-dos-pes-em-abril-no-recife\/","title":{"rendered":"[AGENDA PE] Curso de Reflexologia Ayurv\u00e9dica dos P\u00e9s, dia 14 de abril, no Recife"},"content":{"rendered":"<p><img decoding=\"async\" loading=\"lazy\" class=\"aligncenter wp-image-31922\" src=\"http:\/\/portalfloresnoar.com\/floresnoar\/wp-content\/uploads\/2018\/01\/massagem-dos-p\u00e9s-Kansa-Vatki.jpg\" alt=\"\" width=\"649\" height=\"422\" srcset=\"https:\/\/portalfloresnoar.com\/floresnoar\/wp-content\/uploads\/2018\/01\/massagem-dos-p\u00e9s-Kansa-Vatki.jpg 720w, https:\/\/portalfloresnoar.com\/floresnoar\/wp-content\/uploads\/2018\/01\/massagem-dos-p\u00e9s-Kansa-Vatki-300x195.jpg 300w, https:\/\/portalfloresnoar.com\/floresnoar\/wp-content\/uploads\/2018\/01\/massagem-dos-p\u00e9s-Kansa-Vatki-700x455.jpg 700w\" sizes=\"(max-width: 649px) 100vw, 649px\" \/><\/p>\n<p>O Espa\u00e7o Gerar promove no dia 14 de abril de 2018 o Curso de Reflexologia Ayurv\u00e9dica dos P\u00e9s (com tigelinha de metal Kansa Vatki). O curso ser\u00e1 ministrado por D\u00e9bora Devi Beurel, \u00fanica instrutora certificada pelo LCICI (London Centre of Indian Champissage International) para ensinar no Brasil a t\u00e9cnica da massagem dos p\u00e9s Kansa Vatki.<\/p>\n<p>Devi Beurel tamb\u00e9m oferecer\u00e1 atendimentos com a\u00a0massagem dos p\u00e9s Kansa Vatki e tamb\u00e9m a massagem indiana da cabe\u00e7a (Champissage), at\u00e9 o dia 25 de abril. Mais informa\u00e7\u00f5es <strong><a href=\"https:\/\/portalfloresnoar.com\/floresnoar\/agenda-pe-atendimentos-com-massagens-indianas-de-9-a-25-de-abril-no-espaco-gerar\/\" target=\"_blank\" rel=\"noopener\">NESTE LINK<\/a><\/strong>!<\/p>\n<p>A massagem dos p\u00e9s Kansa Vatki \u00e9 feita utilizando-se a terapia marma (acupress\u00e3o indiana), sendo uma modalidade de tratamento ayurv\u00e9dica que equilibra o corpo e a mente. O tratamento, enraizado em tradi\u00e7\u00f5es antigas, envolve o uso de ghee (manteiga clarificada) e a tigelinha Kansa Vatki, feita de uma liga de metais.<\/p>\n<p>&#8220;A a\u00e7\u00e3o de esfregar energicamente a tigelinha na planta dos p\u00e9s, faz com que as toxinas e o fogo\u00a0em excesso sejam liberados. Esta massagem \u00e9 muito revitalizante para p\u00e9s e pernas cansadas. Ela \u00e9 um excelente complemento para qualquer tipo de trabalho corporal&#8221;, explica D\u00e9bora Devi.<\/p>\n<p><strong>Curso de Reflexologia Ayurv\u00e9dica dos P\u00e9s (com tigelinha de metal Kansa Vatki)<\/strong><br \/>\n<strong>Data:<\/strong> 14 de abril de 2018<br \/>\n<strong>Hor\u00e1rio:<\/strong> 9h \u00e0s 18h<br \/>\n<strong>Local:<\/strong> Espa\u00e7o Gerar &#8211; Rua Jorge de Albuquerque,103 &#8211; Casa Forte (Pr\u00f3ximo ao Museu do Homem do Nordeste, na Avenida 17 de Agosto). Fones: (81) 3268.1749 | (81) 9.9760-6383<br \/>\n<strong>Valor:\u00a0<\/strong>R$ 400,00 (at\u00e9 o dia 30 de mar\u00e7o 2018) | R$ 450,00 (a partir do 31\/03 at\u00e9 o dia do curso)<\/p>\n<p>Obs.: O pagamento pode ser feito em 2 ou 3 parcelas, sendo que a \u00faltima parcela deve ser no primeiro dia do curso. Para se inscrever e garantir a vaga, \u00e9 necess\u00e1rio depositar 30% do valor do curso.<\/p>\n<p><em><strong>O curso inclui:<\/strong> <\/em>uma apostila detalhada, o potinho Kansa Vatki feito na India, Certificado fornecido pelo LCICI (London Center of Indian Champissage International) e demonstra\u00e7\u00e3o pr\u00e1tica para aprender a fazer o ghee (manteiga clarificada), que \u00e9 usada na massagem dos p\u00e9s.<\/p>\n<p>Para obter informa\u00e7\u00f5es sobre o programa do curso, acesse o link: <a href=\"http:\/\/www.massagensindianas.com\/cursos\/massagem-ayurv\u00e9dica-dos-p\u00e9s-kansa-vatki\" target=\"_blank\" rel=\"noopener\">http:\/\/www.massagensindianas.com\/cursos\/massagem-ayurv\u00e9dica-dos-p\u00e9s-kansa-vatki<\/a><\/p>\n<p>INSCRI\u00c7\u00d5ES\u00a0 E MAIS INFORMA\u00c7\u00d5ES<br \/>\n<strong>Formul\u00e1rio de inscri\u00e7\u00e3o:<\/strong>\u00a0<a href=\"https:\/\/goo.gl\/forms\/asmQJVjmgROEfQ343\" target=\"_blank\" rel=\"noopener\">https:\/\/goo.gl\/forms\/asmQJVjmgROEfQ343<\/a><br \/>\n<strong>E-mail:<\/strong> dbeurel@yahoo.com<br \/>\n<strong>Fone:<\/strong> Espa\u00e7o Gerar &#8211; (81) 3268.1749\/ (81) 9.9760-6383<br \/>\n<strong>WhatsApp:<\/strong> +33 695 504 270<\/p>\n<p><em><strong>VEJA TAMB\u00c9M<\/strong>:<\/em><strong>\u00a0<a title=\"[AGENDA PE] Curso de Massagem Indiana da Cabe\u00e7a (Champissage), com D\u00e9bora Devi Beurel, no Recife\" href=\"https:\/\/portalfloresnoar.com\/floresnoar\/agenda-pe-curso-de-massagem-indiana-da-cabeca-champissage-com-debora-devi-beurel-no-recife\/\">Curso de Massagem Indiana da Cabe\u00e7a (Champissage), com D\u00e9bora Devi Beurel, no Recife<\/a><\/strong><\/p>\n","protected":false},"excerpt":{"rendered":"<p>O Espa\u00e7o Gerar promove no dia 14 de abril de 2018 o Curso de Reflexologia Ayurv\u00e9dica dos P\u00e9s (com tigelinha de metal Kansa Vatki). O curso ser\u00e1 ministrado por D\u00e9bora Devi Beurel, \u00fanica instrutora certificada pelo LCICI (London Centre of Indian Champissage International) para ensinar no Brasil a t\u00e9cnica da massagem dos p\u00e9s Kansa Vatki. [&hellip;]<\/p>\n","protected":false},"author":1,"featured_media":31921,"comment_status":"open","ping_status":"open","sticky":false,"template":"","format":"standard","meta":{"om_disable_all_campaigns":false,"_monsterinsights_skip_tracking":false,"_monsterinsights_sitenote_active":false,"_monsterinsights_sitenote_note":"","_monsterinsights_sitenote_category":0,"footnotes":""},"categories":[8,214],"tags":[114,167,82],"acf":[],"publishpress_future_action":{"enabled":false,"date":"1969-12-31 21:00:00","action":"","terms":[],"taxonomy":"","browser_timezone_offset":0},"_links":{"self":[{"href":"https:\/\/portalfloresnoar.com\/floresnoar\/wp-json\/wp\/v2\/posts\/31917"}],"collection":[{"href":"https:\/\/portalfloresnoar.com\/floresnoar\/wp-json\/wp\/v2\/posts"}],"about":[{"href":"https:\/\/portalfloresnoar.com\/floresnoar\/wp-json\/wp\/v2\/types\/post"}],"author":[{"embeddable":true,"href":"https:\/\/portalfloresnoar.com\/floresnoar\/wp-json\/wp\/v2\/users\/1"}],"replies":[{"embeddable":true,"href":"https:\/\/portalfloresnoar.com\/floresnoar\/wp-json\/wp\/v2\/comments?post=31917"}],"version-history":[{"count":0,"href":"https:\/\/portalfloresnoar.com\/floresnoar\/wp-json\/wp\/v2\/posts\/31917\/revisions"}],"wp:featuredmedia":[{"embeddable":true,"href":"https:\/\/portalfloresnoar.com\/floresnoar\/wp-json\/wp\/v2\/media\/31921"}],"wp:attachment":[{"href":"https:\/\/portalfloresnoar.com\/floresnoar\/wp-json\/wp\/v2\/media?parent=31917"}],"wp:term":[{"taxonomy":"category","embeddable":true,"href":"https:\/\/portalfloresnoar.com\/floresnoar\/wp-json\/wp\/v2\/categories?post=31917"},{"taxonomy":"post_tag","embeddable":true,"href":"https:\/\/portalfloresnoar.com\/floresnoar\/wp-json\/wp\/v2\/tags?post=31917"}],"curies":[{"name":"wp","href":"https:\/\/api.w.org\/{rel}","templated":true}]}}