

{"id":31910,"date":"2018-01-05T12:39:26","date_gmt":"2018-01-05T15:39:26","guid":{"rendered":"http:\/\/portalfloresnoar.com\/floresnoar\/?p=31910"},"modified":"2018-01-05T12:39:26","modified_gmt":"2018-01-05T15:39:26","slug":"integrando-saude-energias-que-curam-como-o-aspecto-energetico-pode-auxiliar-na-reversao-de-doencas","status":"publish","type":"post","link":"https:\/\/portalfloresnoar.com\/floresnoar\/integrando-saude-energias-que-curam-como-o-aspecto-energetico-pode-auxiliar-na-reversao-de-doencas\/","title":{"rendered":"[INTEGRANDO SA\u00daDE] Energias que curam: como o aspecto energ\u00e9tico pode auxiliar na revers\u00e3o de doen\u00e7as"},"content":{"rendered":"<p align=\"JUSTIFY\">| <em>Por Gabriela Sencades Migge*<\/em> |<\/p>\n<p align=\"JUSTIFY\"><img decoding=\"async\" loading=\"lazy\" class=\"wp-image-31912 alignleft\" src=\"http:\/\/portalfloresnoar.com\/floresnoar\/wp-content\/uploads\/2018\/01\/ENERGIAS-QUE-CURAM_FOTO-PIXABAY-FREE.jpg\" alt=\"\" width=\"303\" height=\"455\" srcset=\"https:\/\/portalfloresnoar.com\/floresnoar\/wp-content\/uploads\/2018\/01\/ENERGIAS-QUE-CURAM_FOTO-PIXABAY-FREE.jpg 600w, https:\/\/portalfloresnoar.com\/floresnoar\/wp-content\/uploads\/2018\/01\/ENERGIAS-QUE-CURAM_FOTO-PIXABAY-FREE-200x300.jpg 200w, https:\/\/portalfloresnoar.com\/floresnoar\/wp-content\/uploads\/2018\/01\/ENERGIAS-QUE-CURAM_FOTO-PIXABAY-FREE-467x700.jpg 467w\" sizes=\"(max-width: 303px) 100vw, 303px\" \/><\/p>\n<p align=\"JUSTIFY\">Toda estrutura viva perpassa o sentido grosseiro (f\u00edsico) do corpo, pois al\u00e9m de sangue, tecidos, ossos, \u00f3rg\u00e3os internos, m\u00fasculos, \u00f3rg\u00e3os dos sentidos etc. temos estruturas invis\u00edveis, quase t\u00e3o impercept\u00edveis que, para algu\u00e9m mais distra\u00eddo ou muito racional, \u00e9 poss\u00edvel dizer que n\u00e3o existam. Por\u00e9m, n\u00e3o s\u00f3 comprovadamente existem, mas, assim como um \u00f3rg\u00e3o essencial de nosso corpo, nossos aspectos sutis precisam ser tratados e profundamente conhecidos e observados a fim de conquistarmos a sa\u00fade. Por\u00e9m, como exatamente dever\u00edamos trat\u00e1-los?<\/p>\n<p align=\"JUSTIFY\">Primeiro devemos considerar que tais corpos s\u00e3o reflexos de nossas percep\u00e7\u00f5es de mundo. De modo que tudo que pensamos e sentimos do universo em nossa volta, ou como nos alimentamos, agimos e falamos (ou nos expressamos de forma ampla), ser\u00e1 refletido necessariamente nesses corpos sutis. Ou seja, o mundo externo e interno influencia a nossa energia. E \u00e9 por esse motivo que n\u00e3o d\u00e1 para ingerir agrot\u00f3xico e esperar que nossa energia n\u00e3o oscile, por exemplo. Ou simplesmente n\u00e3o d\u00e1 para seguir uma vida sedent\u00e1ria e esperar que tenhamos disposi\u00e7\u00e3o f\u00edsica e mental o dia inteiro. Ou, ainda pior, ter pensamentos cru\u00e9is, maledicentes, cheios de medo, inveja, ci\u00fame, raiva, ambi\u00e7\u00f5es, desejos etc. e achar que estamos saud\u00e1veis.<\/p>\n<p align=\"JUSTIFY\">De fato n\u00e3o d\u00e1, pois nosso padr\u00e3o energ\u00e9tico acompanhar\u00e1 o meio externo e o pano de fundo que nossas percep\u00e7\u00f5es (mundo interno) est\u00e3o estruturadas. Assim, se estivermos culturalmente inseridos em um contexto de raiva e medo, por exemplo, nossa energia responder\u00e1 imediatamente e a\u00ed poderemos ter a sensa\u00e7\u00e3o de \u201cfrio na barriga\u201d, estremecimentos ou ainda calores em dadas partes do corpo, no caso de uma grande raiva, por exemplo. Afinal, quem nunca ficou de \u201ccabe\u00e7a quente\u201d, \u201ccegou de raiva\u201d ou \u201cgelou de medo\u201d. Ou, ainda, se o contexto de raiva e medo for recorrente, poder\u00edamos desenvolver press\u00e3o alta, inflama\u00e7\u00f5es generalizadas, frustra\u00e7\u00f5es, depress\u00f5es, preocupa\u00e7\u00e3o em excesso, histeria, grosseria, viol\u00eancia etc.<\/p>\n<p align=\"JUSTIFY\">Mas calma&#8230; a\u00ed vem uma boa not\u00edcia: se o meio externo e interno influencia a nossa energia, a nossa energia tamb\u00e9m influencia tais meios. Isso necessariamente quer dizer que podemos mudar nossas percep\u00e7\u00f5es (esse pano de fundo no qual nossa maneira de ver o mundo est\u00e1 inserida), alterando nosso padr\u00e3o vibracional de modo a inverter a l\u00f3gica apresentada: percep\u00e7\u00e3o influenciando energia. Desse modo, eu, alterando meu padr\u00e3o vibracional, mudo minhas percep\u00e7\u00f5es e por que n\u00e3o o meu mundo externo? Nessa l\u00f3gica temos: energia influenciando o mundo interno (nossas percep\u00e7\u00f5es, culturas, cren\u00e7as&#8230;) e que transforma o mundo externo.<\/p>\n<p align=\"JUSTIFY\">Isso acontece porque nossos corpos sutis atuam por frequ\u00eancia e, por isso, eles s\u00e3o pl\u00e1sticos, flex\u00edveis, de modo que quando alteramos a frequ\u00eancia mudamos instantaneamente de padr\u00e3o energ\u00e9tico, com reflexo imediato nos aspectos mentais, emocionais, f\u00edsicos e ambientais. Come\u00e7amos a atrair pensamentos e situa\u00e7\u00f5es positivas, que trar\u00e3o a sensa\u00e7\u00e3o de plenitude, inteireza com o universo, gratid\u00e3o e amor pelos seres.<\/p>\n<p align=\"JUSTIFY\">Por\u00e9m, isso n\u00e3o quer dizer que se eu alterar minha frequ\u00eancia e continuar ingerindo agrot\u00f3xico eu n\u00e3o vou adoecer! N\u00e3o \u00e9 isso! A mudan\u00e7a \u00e9 muito mais estrutural do que isso, pois quando eu altero meu padr\u00e3o vibracional o n\u00edvel de consci\u00eancia tamb\u00e9m se expande e uma consequ\u00eancia muito natural seria n\u00e3o ingerirmos mais agrot\u00f3xico, ou pelo menos buscarmos formas de melhor nos alimentar, por exemplo.<\/p>\n<p align=\"JUSTIFY\">E isso se d\u00e1 por um \u00fanico e exclusivo motivo: tudo \u00e9 energia. Paisagens mentais, percep\u00e7\u00f5es, sensa\u00e7\u00f5es, pensamentos, consci\u00eancia, emo\u00e7\u00f5es e at\u00e9 nosso corpo, enfim, toda essa multidimensionalidade complexa que somos \u00e9 energia.<\/p>\n<p align=\"JUSTIFY\">Tal informa\u00e7\u00e3o \u00e9 muito \u00fatil para sairmos rapidamente de uma baixa vibra\u00e7\u00e3o assim que notarmos que estamos \u201cnuma bad trip\u201d, por exemplo. Tamb\u00e9m nos torna extremamente alertas \u00e0 nossa pr\u00f3pria frequ\u00eancia, impedindo que ela \u201ccaia de vez\u201d, quando percebemos um m\u00ednimo vacilar de nossa energia.<\/p>\n<p align=\"JUSTIFY\">Posso afirmar que conhecer a pr\u00f3pria energia e n\u00e3o permitir que ela oscile corriqueiramente a extremos \u00e9 capaz de salvar nossas vidas, pois al\u00e9m de n\u00e3o permitir que a doen\u00e7a se instale, poderemos retornar conscientes a um padr\u00e3o energ\u00e9tico saud\u00e1vel. Por\u00e9m, para isso, precisamos de treino e muitas vezes de ajuda, pois conhecer nosso mundo interno precisa de pr\u00e1tica, sil\u00eancio e observa\u00e7\u00e3o. Apesar de ser um processo simples, n\u00e3o \u00e9 nada f\u00e1cil. Mas \u00e9 bem poss\u00edvel.<\/p>\n<p align=\"JUSTIFY\">\u201c<span style=\"font-size: xx-small;\">Cada estrutura de car\u00e1ter \u00e9 um modelo de sistema de transforma\u00e7\u00e3o desarrumado. Primeiro obstru\u00edmos a energia, que atravanca nossos sistemas e se desacelera. Fazemo-lo quando vivemos de acordo com as nossas cren\u00e7as negativas. Ficamos, de fato, fora da realidade grande parte do tempo, porque vivemos e reagimos ao universo tal como supomos que ele \u00e9 e n\u00e3o como ele realmente \u00e9. Mas isso n\u00e3o prevalece por muito tempo pois, ao faz\u00ea-lo, criamos dor em nossa vida e, mais cedo ou mais tarde, ouvimos a mensagem de que estamos fazendo algo errado. Alteramo-nos a nos mesmos e aos nossos sistemas de energia para aliviar a dor.\u201d (Barbara Ann Brennan, M\u00e3os de Luz, pag.184)<\/span><\/p>\n<p align=\"JUSTIFY\">Assim, uma vez que conseguirmos a chave que permite alterarmos a nossa frequ\u00eancia para um padr\u00e3o mais alto, sa\u00edmos de estruturas de car\u00e1ter limitantes, \u201cadoecedoras\u201d e at\u00e9 cru\u00e9is, para padr\u00f5es mais positivos, saud\u00e1veis e compassivos. Por\u00e9m como elevarmos esse padr\u00e3o vibrat\u00f3rio?<\/p>\n<p align=\"JUSTIFY\">As pr\u00e1ticas de transforma\u00e7\u00e3o s\u00e3o muitas: atrav\u00e9s de terapias energ\u00e9ticas ou psicodin\u00e2micas, massagens, florais, reiki, frequ\u00eancias de luz, contato com a natureza, atividades f\u00edsicas, medita\u00e7\u00e3o, artes marciais, artes em geral, enfim, tudo aquilo que nos aponte para diante de n\u00f3s mesmos, deixando espa\u00e7o para refletir sobre as nossas atitudes, escolhas, cren\u00e7as, hist\u00f3ria de vida e todas as identidades que assumimos ao longo dela. Refletir sobre tudo isso nos d\u00e1 oportunidade de expandir nossos corpos de energia e estes passam a fluir com maior naturalidade. Necessariamente isso provocar\u00e1 altera\u00e7\u00f5es f\u00edsicas, mentais e emocionais.<\/p>\n<p align=\"JUSTIFY\">O nosso car\u00e1ter, por exemplo, ir\u00e1 se moldar a esse novo padr\u00e3o, trazendo uma maior harmonia, percept\u00edvel a olhos nus, pois naturalmente a pessoa se sente em paz, serena, plena e saud\u00e1vel. N\u00e3o s\u00f3 o car\u00e1ter, mas o corpo tamb\u00e9m se adequar\u00e1. Antes ele estava operando no padr\u00e3o da doen\u00e7a, mas logo ap\u00f3s a transforma\u00e7\u00e3o o corpo operar\u00e1 com uma frequ\u00eancia promotora de sa\u00fade e plenitude. Al\u00e9m disso, o meio ambiente em que vivemos deixa de ser amea\u00e7ador e se torna um campo vasto de explora\u00e7\u00e3o curiosa e interessante.<\/p>\n<p align=\"JUSTIFY\">Nossas a\u00e7\u00f5es, portanto, inevitavelmente mudar\u00e3o tamb\u00e9m, j\u00e1 que perceberemos o que baixa nossa vibra\u00e7\u00e3o e assim evitaremos certas situa\u00e7\u00f5es. Ou, ainda melhor, tendo um n\u00edvel de maturidade sobre o conhecimento de nossa pr\u00f3pria energia, transformaremos toda e qualquer situa\u00e7\u00e3o em benef\u00edcio para n\u00f3s e para os outros, n\u00e3o permitindo assim o retorno a um padr\u00e3o limitante. A consequ\u00eancia \u00e9 nos tornarmos resilientes, felizes, saud\u00e1veis e \u00edntegros.<\/p>\n<p align=\"JUSTIFY\">Por fim, o modo pelo qual percebemos o mundo e as pessoas se expande em uma vis\u00e3o amorosa, flex\u00edvel, pac\u00edfica e emp\u00e1tica. Tudo isso \u00e9 poss\u00edvel sem que uma palavra seja dita ou algum rem\u00e9dio seja tomado, ou mesmo que conjecturas mentais sejam constru\u00eddas, pois quando olhamos para o aspecto energ\u00e9tico, nossa opera\u00e7\u00e3o n\u00e3o \u00e9 racional, cognitiva, linear. Quando estamos focados no aspecto da energia, a linguagem torna-se vibracional, sutil, multidimensional. Invis\u00edvel aos olhos, surda aos ouvidos, mas percebida pelo cora\u00e7\u00e3o.<\/p>\n<p align=\"JUSTIFY\"><b><img decoding=\"async\" loading=\"lazy\" class=\"size-full wp-image-31913 alignleft\" src=\"http:\/\/portalfloresnoar.com\/floresnoar\/wp-content\/uploads\/2018\/01\/gabriela-secandes-migge.jpg\" alt=\"\" width=\"212\" height=\"279\" \/>* Gabriela Sencades Migge<\/b> \u00e9 terapeuta hol\u00edstica, co-fundadora do Espa\u00e7o Cuidar, mestra em reiki, frequenciadora de luz, aur\u00edculoterapeuta, terapeuta floral, terapeuta pr\u00e2nica, facilitadora em medita\u00e7\u00e3o. Acupunturista e Fitoterapeuta em forma\u00e7\u00e3o. Atende no bairro das Gra\u00e7as em Recife-PE, Brasil.<\/p>\n<p><em><strong>Para marcar consultas:<\/strong><\/em><br \/>\n<strong>Fone\/ WhatsApp:<\/strong> (81) 9.9163.5351<br \/>\n<strong>Facebook:<\/strong> <a href=\"https:\/\/www.facebook.com\/gabrielasencades\" target=\"_blank\" rel=\"noopener\">gabrielasencades<\/a><br \/>\n<strong>Atendimentos via Skype:<\/strong> Gabi Sencades<br \/>\n<strong>Espa\u00e7o Cuidar<\/strong>:<a href=\"https:\/\/espacocuidarrecife.wixsite.com\/terapiasintegrativas\" target=\"_blank\" rel=\"noopener\"> www.espacocuidarrecife.wixsite.com\/terapiasintegrativas<\/a><\/p>\n<p><em><b>Bibliografia<\/b><\/em><\/p>\n<p><em>&#8211; Brennam, Barbara Ann, M\u00e3os de luz, S\u00e3o Paulo: Pensamento, 2006.<\/em><br \/>\n<em>&#8211; Gerber, Richard, Medicina Vibracional. S\u00e3o Paulo: Cultrix, 2007.<\/em><br \/>\n<em>&#8211; Rinpoche, Tenzin Wangyal, A Cura Atrav\u00e9s da Forma, da Energia e da Luz, S\u00e3o Paulo: Pensamento, 2005.<\/em><\/p>\n","protected":false},"excerpt":{"rendered":"<p>| Por Gabriela Sencades Migge* | Toda estrutura viva perpassa o sentido grosseiro (f\u00edsico) do corpo, pois al\u00e9m de sangue, tecidos, ossos, \u00f3rg\u00e3os internos, m\u00fasculos, \u00f3rg\u00e3os dos sentidos etc. temos estruturas invis\u00edveis, quase t\u00e3o impercept\u00edveis que, para algu\u00e9m mais distra\u00eddo ou muito racional, \u00e9 poss\u00edvel dizer que n\u00e3o existam. Por\u00e9m, n\u00e3o s\u00f3 comprovadamente existem, mas, [&hellip;]<\/p>\n","protected":false},"author":1,"featured_media":31911,"comment_status":"open","ping_status":"open","sticky":false,"template":"","format":"standard","meta":{"om_disable_all_campaigns":false,"_monsterinsights_skip_tracking":false,"_monsterinsights_sitenote_active":false,"_monsterinsights_sitenote_note":"","_monsterinsights_sitenote_category":0,"footnotes":""},"categories":[220,224,623],"tags":[499,106,25,27],"acf":[],"publishpress_future_action":{"enabled":false,"date":"1969-12-31 21:00:00","action":"","terms":[],"taxonomy":"","browser_timezone_offset":0},"_links":{"self":[{"href":"https:\/\/portalfloresnoar.com\/floresnoar\/wp-json\/wp\/v2\/posts\/31910"}],"collection":[{"href":"https:\/\/portalfloresnoar.com\/floresnoar\/wp-json\/wp\/v2\/posts"}],"about":[{"href":"https:\/\/portalfloresnoar.com\/floresnoar\/wp-json\/wp\/v2\/types\/post"}],"author":[{"embeddable":true,"href":"https:\/\/portalfloresnoar.com\/floresnoar\/wp-json\/wp\/v2\/users\/1"}],"replies":[{"embeddable":true,"href":"https:\/\/portalfloresnoar.com\/floresnoar\/wp-json\/wp\/v2\/comments?post=31910"}],"version-history":[{"count":0,"href":"https:\/\/portalfloresnoar.com\/floresnoar\/wp-json\/wp\/v2\/posts\/31910\/revisions"}],"wp:featuredmedia":[{"embeddable":true,"href":"https:\/\/portalfloresnoar.com\/floresnoar\/wp-json\/wp\/v2\/media\/31911"}],"wp:attachment":[{"href":"https:\/\/portalfloresnoar.com\/floresnoar\/wp-json\/wp\/v2\/media?parent=31910"}],"wp:term":[{"taxonomy":"category","embeddable":true,"href":"https:\/\/portalfloresnoar.com\/floresnoar\/wp-json\/wp\/v2\/categories?post=31910"},{"taxonomy":"post_tag","embeddable":true,"href":"https:\/\/portalfloresnoar.com\/floresnoar\/wp-json\/wp\/v2\/tags?post=31910"}],"curies":[{"name":"wp","href":"https:\/\/api.w.org\/{rel}","templated":true}]}}