

{"id":31655,"date":"2017-09-01T22:51:31","date_gmt":"2017-09-02T01:51:31","guid":{"rendered":"http:\/\/portalfloresnoar.com\/floresnoar\/?p=31655"},"modified":"2017-12-11T19:47:15","modified_gmt":"2017-12-11T22:47:15","slug":"agenda-pe-carolina-cosentino-realiza-mostra-nesta-quarta-feira-no-iac","status":"publish","type":"post","link":"https:\/\/portalfloresnoar.com\/floresnoar\/agenda-pe-carolina-cosentino-realiza-mostra-nesta-quarta-feira-no-iac\/","title":{"rendered":"[AGENDA PE] Carolina Cosentino realiza mostra 6\/12 no IAC"},"content":{"rendered":"<figure id=\"attachment_31656\" aria-describedby=\"caption-attachment-31656\" style=\"width: 720px\" class=\"wp-caption aligncenter\"><img decoding=\"async\" loading=\"lazy\" class=\"size-full wp-image-31656\" src=\"http:\/\/portalfloresnoar.com\/floresnoar\/wp-content\/uploads\/2017\/12\/Carolina-Cosentino.png\" alt=\"\" width=\"720\" height=\"403\" srcset=\"https:\/\/portalfloresnoar.com\/floresnoar\/wp-content\/uploads\/2017\/12\/Carolina-Cosentino.png 720w, https:\/\/portalfloresnoar.com\/floresnoar\/wp-content\/uploads\/2017\/12\/Carolina-Cosentino-300x168.png 300w, https:\/\/portalfloresnoar.com\/floresnoar\/wp-content\/uploads\/2017\/12\/Carolina-Cosentino-700x392.png 700w\" sizes=\"(max-width: 720px) 100vw, 720px\" \/><figcaption id=\"caption-attachment-31656\" class=\"wp-caption-text\">Registro da performance Taufen.<br \/>Fonte: Maria Salguero.<\/figcaption><\/figure>\n<p>A mestranda em Artes Visuais, performer e arteterapeuta Carolina Cosentino realiza na pr\u00f3xima quarta-feira, dia 6 de dezembro, a mostra dos trabalhos que foram realizados durante a sua pesquisa do mestrado em Artes Visuais (UFPE\/UFPB)\u00a0. A exposi\u00e7\u00e3o, intitulada &#8216;\u00c1gua derramada&#8217;, come\u00e7a \u00e0s 19h, no Instituto de Arte Contempor\u00e2nea (IAC\/UFPE).<\/p>\n<p>&#8220;Iniciei a investiga\u00e7\u00e3o com a performance e, em seguida, por meio da Fenomenologia da Imagina\u00e7\u00e3o, de Gaston Bachelard, adentrei obras feitas por outras artistas, refazendo alguns de seus trabalhos. Minha inten\u00e7\u00e3o foi discutir sobre a mulher na cultura contempor\u00e2nea. A mostra constar\u00e1 de uma sele\u00e7\u00e3o de trabalhos feitos nesse trajeto, os quais foram registrados em fotografia e v\u00eddeo&#8221;, explica Carolina.<\/p>\n<p><strong>Data:<\/strong> 6 de dezembro de 2017<br \/>\n<strong>Hora:<\/strong> 19h<br \/>\n<strong>Local:<\/strong> Instituto de Arte Contempor\u00e2nea &#8211; UFPE. Rua Benfica, 157, Madalena, Recife\/PE<br \/>\n<em><strong>Entrada gratuita!<\/strong><\/em><br \/>\n<em>Obs.: O local possui estacionamento interno.<\/em><\/p>\n<p><em>Saiba mais sobre a pesquisa no texto abaixo escrito por Carolina Cosentino!<\/em><\/p>\n<p>&#8220;Minha pesquisa do mestrado em Artes Visuais (UFPE\/UFPB)\u00a0Fantasmas do corpo e da Casa, sob orienta\u00e7\u00e3o da Professora Vit\u00f3ria Amaral, come\u00e7ou com a performance, arte que se processa no corpo, no aqui e agora da vida. A inten\u00e7\u00e3o esteve desde o in\u00edcio atrelada \u00e0 elabora\u00e7\u00e3o afetiva de quest\u00f5es \u00edntimas, mas que pareciam ser igualmente vividas por muitas outras mulheres.\u00a0Ao conhecer alguns trabalhos da\u00a0Hist\u00f3ria da Arte, especificamente obras das artistas\u00a0Lygia Clark, Yoko Ono, VALIE EXPORT e Ana Mendieta, passei a querer agregar sua for\u00e7a \u00e0 minha vida, por isso iniciei os trabalhos com a re-performance. Desejei me apropriar da expressividade afirmativa do corpo da mulher, que vi em suas cria\u00e7\u00f5es, ao mesmo tempo em que busquei uma transforma\u00e7\u00e3o na concep\u00e7\u00e3o que eu mesma havia aprendido sobre o que \u00e9 ser mulher.\u00a0Na pesquisa,\u00a0entrei fenomenologicamente\u00a0em seus\u00a0textos autobiogr\u00e1ficos\u00a0e\u00a0refiz alguns de seus trabalhos, nos quais me impliquei completamente.<\/p>\n<p>Um desses trabalhos foi Cut Piece, da\u00a0Yoko Ono. A artista\u00a0afirma que esta performance, por exemplo, \u00e9 um desafio ao ego art\u00edstico, por n\u00e3o ser ela mesma a definir a completude da obra,\u00a0por\u00a0colocar-se \u00e0 disposi\u00e7\u00e3o do p\u00fablico, para que realize parte do trabalho. Yoko Ono fez\u00a0esta performance\u00a0algumas vezes, e criou instru\u00e7\u00f5es para que fosse refeita\u00a0por outras pessoas, mas\u00a0observa que\u00a0Cut Piece\u00a0est\u00e1 sempre apresentando os modos culturais sobre o corpo da mulher.<\/p>\n<p>N\u00e3o apenas Cut Piece, mas todos os trabalhos que foram me interessando durante a investiga\u00e7\u00e3o, fazem perceber a pervers\u00e3o intr\u00ednseca a muitos desses modos. A mostra &#8216;\u00c1gua derramada&#8217; apresenta uma parte do percurso da pesquisa, cujos trabalhos n\u00e3o funcionam isoladamente, mas como parte de um processo que est\u00e1 em continua\u00e7\u00e3o. As performances e re-performances que foram realizadas tiveram tamb\u00e9m um car\u00e1ter ritual\u00edstico, como se fizessem parte de um grande ritual de passagem. Passagem de uma situa\u00e7\u00e3o de identifica\u00e7\u00e3o com uma trag\u00e9dia geracionalmente repetida na vida das mulheres da minha fam\u00edlia, para uma situa\u00e7\u00e3o em que me desvinculo dela.&#8221;<\/p>\n<p>&nbsp;<\/p>\n","protected":false},"excerpt":{"rendered":"<p>A mestranda em Artes Visuais, performer e arteterapeuta Carolina Cosentino realiza na pr\u00f3xima quarta-feira, dia 6 de dezembro, a mostra dos trabalhos que foram realizados durante a sua pesquisa do mestrado em Artes Visuais (UFPE\/UFPB)\u00a0. A exposi\u00e7\u00e3o, intitulada &#8216;\u00c1gua derramada&#8217;, come\u00e7a \u00e0s 19h, no Instituto de Arte Contempor\u00e2nea (IAC\/UFPE). &#8220;Iniciei a investiga\u00e7\u00e3o com a performance [&hellip;]<\/p>\n","protected":false},"author":1,"featured_media":31656,"comment_status":"open","ping_status":"open","sticky":false,"template":"","format":"standard","meta":{"om_disable_all_campaigns":false,"_monsterinsights_skip_tracking":false,"_monsterinsights_sitenote_active":false,"_monsterinsights_sitenote_note":"","_monsterinsights_sitenote_category":0,"footnotes":""},"categories":[8,214],"tags":[310,383,332],"acf":[],"publishpress_future_action":{"enabled":false,"date":"1969-12-31 21:00:00","action":"","terms":[],"taxonomy":"","browser_timezone_offset":0},"_links":{"self":[{"href":"https:\/\/portalfloresnoar.com\/floresnoar\/wp-json\/wp\/v2\/posts\/31655"}],"collection":[{"href":"https:\/\/portalfloresnoar.com\/floresnoar\/wp-json\/wp\/v2\/posts"}],"about":[{"href":"https:\/\/portalfloresnoar.com\/floresnoar\/wp-json\/wp\/v2\/types\/post"}],"author":[{"embeddable":true,"href":"https:\/\/portalfloresnoar.com\/floresnoar\/wp-json\/wp\/v2\/users\/1"}],"replies":[{"embeddable":true,"href":"https:\/\/portalfloresnoar.com\/floresnoar\/wp-json\/wp\/v2\/comments?post=31655"}],"version-history":[{"count":0,"href":"https:\/\/portalfloresnoar.com\/floresnoar\/wp-json\/wp\/v2\/posts\/31655\/revisions"}],"wp:featuredmedia":[{"embeddable":true,"href":"https:\/\/portalfloresnoar.com\/floresnoar\/wp-json\/wp\/v2\/media\/31656"}],"wp:attachment":[{"href":"https:\/\/portalfloresnoar.com\/floresnoar\/wp-json\/wp\/v2\/media?parent=31655"}],"wp:term":[{"taxonomy":"category","embeddable":true,"href":"https:\/\/portalfloresnoar.com\/floresnoar\/wp-json\/wp\/v2\/categories?post=31655"},{"taxonomy":"post_tag","embeddable":true,"href":"https:\/\/portalfloresnoar.com\/floresnoar\/wp-json\/wp\/v2\/tags?post=31655"}],"curies":[{"name":"wp","href":"https:\/\/api.w.org\/{rel}","templated":true}]}}