

{"id":31586,"date":"2017-09-23T12:30:00","date_gmt":"2017-09-23T15:30:00","guid":{"rendered":"http:\/\/portalfloresnoar.com\/floresnoar\/?p=31586"},"modified":"2017-12-04T12:33:46","modified_gmt":"2017-12-04T15:33:46","slug":"agenda-pe-aula-aberta-de-biodanca-dia-212-em-comemoracao-aos-30-anos-da-escola-de-biodanza-rolando-toro-de-pernambuco","status":"publish","type":"post","link":"https:\/\/portalfloresnoar.com\/floresnoar\/agenda-pe-aula-aberta-de-biodanca-dia-212-em-comemoracao-aos-30-anos-da-escola-de-biodanza-rolando-toro-de-pernambuco\/","title":{"rendered":"[AGENDA PE] Aula aberta de Biodan\u00e7a dia 2\/12 em comemora\u00e7\u00e3o aos 30 anos da Escola de Biodanza Rolando Toro de Pernambuco"},"content":{"rendered":"<p><img decoding=\"async\" loading=\"lazy\" class=\"aligncenter wp-image-31588\" src=\"http:\/\/portalfloresnoar.com\/floresnoar\/wp-content\/uploads\/2017\/11\/biodan\u00e7a-recife.jpg\" alt=\"\" width=\"684\" height=\"247\" srcset=\"https:\/\/portalfloresnoar.com\/floresnoar\/wp-content\/uploads\/2017\/11\/biodan\u00e7a-recife.jpg 960w, https:\/\/portalfloresnoar.com\/floresnoar\/wp-content\/uploads\/2017\/11\/biodan\u00e7a-recife-300x108.jpg 300w, https:\/\/portalfloresnoar.com\/floresnoar\/wp-content\/uploads\/2017\/11\/biodan\u00e7a-recife-768x278.jpg 768w, https:\/\/portalfloresnoar.com\/floresnoar\/wp-content\/uploads\/2017\/11\/biodan\u00e7a-recife-700x253.jpg 700w\" sizes=\"(max-width: 684px) 100vw, 684px\" \/><\/p>\n<p>A Escola de Biodanza Rolando Toro de Pernambuco est\u00e1 comemorando 30 anos e, para celebrar, realiza no pr\u00f3ximo dia 2 de dezembro (s\u00e1bado), \u00e0s 19h uma aula aberta.<\/p>\n<p>A escola fica dentro do MUAFRO (Museu Afro-Brasil Rolando Toro), localizado na Rua Mariz e Barros, 328, Recife Antigo.<\/p>\n<p><strong>Mais informa\u00e7\u00f5es:<\/strong><br \/>\n(81) 99970.8970\/ 30382994<br \/>\nescolabio@hotmail.com<br \/>\nmuseudeartesafrobrasil@hotmail.com<\/p>\n","protected":false},"excerpt":{"rendered":"<p>A Escola de Biodanza Rolando Toro de Pernambuco est\u00e1 comemorando 30 anos e, para celebrar, realiza no pr\u00f3ximo dia 2 de dezembro (s\u00e1bado), \u00e0s 19h uma aula aberta. A escola fica dentro do MUAFRO (Museu Afro-Brasil Rolando Toro), localizado na Rua Mariz e Barros, 328, Recife Antigo. Mais informa\u00e7\u00f5es: (81) 99970.8970\/ 30382994 escolabio@hotmail.com museudeartesafrobrasil@hotmail.com<\/p>\n","protected":false},"author":1,"featured_media":31587,"comment_status":"open","ping_status":"open","sticky":false,"template":"","format":"standard","meta":{"om_disable_all_campaigns":false,"_monsterinsights_skip_tracking":false,"_monsterinsights_sitenote_active":false,"_monsterinsights_sitenote_note":"","_monsterinsights_sitenote_category":0,"footnotes":""},"categories":[8,214],"tags":[66,383],"acf":[],"publishpress_future_action":{"enabled":false,"date":"1969-12-31 21:00:00","action":"","terms":[],"taxonomy":"","browser_timezone_offset":0},"_links":{"self":[{"href":"https:\/\/portalfloresnoar.com\/floresnoar\/wp-json\/wp\/v2\/posts\/31586"}],"collection":[{"href":"https:\/\/portalfloresnoar.com\/floresnoar\/wp-json\/wp\/v2\/posts"}],"about":[{"href":"https:\/\/portalfloresnoar.com\/floresnoar\/wp-json\/wp\/v2\/types\/post"}],"author":[{"embeddable":true,"href":"https:\/\/portalfloresnoar.com\/floresnoar\/wp-json\/wp\/v2\/users\/1"}],"replies":[{"embeddable":true,"href":"https:\/\/portalfloresnoar.com\/floresnoar\/wp-json\/wp\/v2\/comments?post=31586"}],"version-history":[{"count":0,"href":"https:\/\/portalfloresnoar.com\/floresnoar\/wp-json\/wp\/v2\/posts\/31586\/revisions"}],"wp:featuredmedia":[{"embeddable":true,"href":"https:\/\/portalfloresnoar.com\/floresnoar\/wp-json\/wp\/v2\/media\/31587"}],"wp:attachment":[{"href":"https:\/\/portalfloresnoar.com\/floresnoar\/wp-json\/wp\/v2\/media?parent=31586"}],"wp:term":[{"taxonomy":"category","embeddable":true,"href":"https:\/\/portalfloresnoar.com\/floresnoar\/wp-json\/wp\/v2\/categories?post=31586"},{"taxonomy":"post_tag","embeddable":true,"href":"https:\/\/portalfloresnoar.com\/floresnoar\/wp-json\/wp\/v2\/tags?post=31586"}],"curies":[{"name":"wp","href":"https:\/\/api.w.org\/{rel}","templated":true}]}}