

{"id":31503,"date":"2016-11-21T10:48:00","date_gmt":"2016-11-21T13:48:00","guid":{"rendered":"http:\/\/portalfloresnoar.com\/floresnoar\/?p=31503"},"modified":"2017-11-22T11:17:40","modified_gmt":"2017-11-22T14:17:40","slug":"agenda-pb-curso-de-geoterapia-e-oleos-essenciais-dias-2-e-3-de-dezembro-em-joao-pessoa","status":"publish","type":"post","link":"https:\/\/portalfloresnoar.com\/floresnoar\/agenda-pb-curso-de-geoterapia-e-oleos-essenciais-dias-2-e-3-de-dezembro-em-joao-pessoa\/","title":{"rendered":"[AGENDA PB] Curso de Geoterapia e \u00d3leos Essenciais dias 2 e 3 de dezembro em Jo\u00e3o Pessoa"},"content":{"rendered":"<p><img decoding=\"async\" loading=\"lazy\" class=\"aligncenter size-full wp-image-31504\" src=\"http:\/\/portalfloresnoar.com\/floresnoar\/wp-content\/uploads\/2017\/11\/formacao-geoterapia.jpg\" alt=\"\" width=\"670\" height=\"947\" srcset=\"https:\/\/portalfloresnoar.com\/floresnoar\/wp-content\/uploads\/2017\/11\/formacao-geoterapia.jpg 670w, https:\/\/portalfloresnoar.com\/floresnoar\/wp-content\/uploads\/2017\/11\/formacao-geoterapia-212x300.jpg 212w, https:\/\/portalfloresnoar.com\/floresnoar\/wp-content\/uploads\/2017\/11\/formacao-geoterapia-495x700.jpg 495w\" sizes=\"(max-width: 670px) 100vw, 670px\" \/><\/p>\n<p>O Instituto Brasileiro de Aromaterapia (IBRA) promove o Curso de Geoterapia e \u00d3leos Essenciais, nos dias 2 e 3 de dezembro de 2017, em Jo\u00e3o Pessoa\/PB. A forma\u00e7\u00e3o\u00a0se destina a leigos e profissionais.<\/p>\n<p>Este \u00e9 um curso te\u00f3rico e pr\u00e1tico\u00a0sobre o emprego das argilas em tratamentos est\u00e9ticos e de sa\u00fade. S\u00e3o estudadas as diferentes cores de argilas e suas melhores associa\u00e7\u00f5es com \u00f3leos essenciais, baseando-se nos minerais e propriedades de cada tipo de argila e \u00f3leo.<\/p>\n<p>Na terap\u00eautica, por exemplo, ser\u00e1 abordado o uso para tratamentos de sa\u00fade f\u00edsica, como enxaquecas, sinusites, problemas nos ouvidos e boca, problemas articulares do sistemas digest\u00f3rio, respirat\u00f3rio e circulat\u00f3rio. Ser\u00e1 demonstrado tamb\u00e9m o uso das argilas e \u00f3leos essenciais no tratamento de dist\u00farbios do couro cabeludo e tamb\u00e9m nos cuidados faciais; e produzidos sabonetes, t\u00f4nicos, m\u00e1scaras e cremes hidratantes.<\/p>\n<p><strong>Conte\u00fado do curso:<\/strong><\/p>\n<ul>\n<li>Hist\u00f3rico do uso de argilas<\/li>\n<li>A a\u00e7\u00e3o da argila na epiderme<\/li>\n<li>A atua\u00e7\u00e3o de oligo-elementos que comp\u00f5em as argilas;<\/li>\n<li>Indica\u00e7\u00f5es das principais argilas (amarela, vermelha, branca, verde, rosa, cinza, preta, marrom e roxa)<\/li>\n<li>O uso dos \u00f3leos essenciais nas argilas<\/li>\n<li>Os carreadores usados nos tratamentos argilo-arom\u00e1ticos<\/li>\n<li>Os tratamentos faciais;<\/li>\n<li>Os tratamentos capilares<\/li>\n<li>Os tratamentos terap\u00eauticos<\/li>\n<li>Anamneses<\/li>\n<\/ul>\n<p><strong>Curso de Geoterapia e \u00d3leos Essenciais<\/strong><br \/>\n<strong>Data:\u00a0<\/strong> 2 e 3 de dezembro de 2017<br \/>\n<strong>Local:<\/strong> Av. Piau\u00ed, 906, Bairro dos Estados, Jo\u00e3o Pessoa\/PB<\/p>\n<p><strong>Inscri\u00e7\u00f5es e informa\u00e7\u00f5es:<\/strong><br \/>\n(83) 98731.0058<br \/>\nmilena.esther@hotmail.com<\/p>\n","protected":false},"excerpt":{"rendered":"<p>O Instituto Brasileiro de Aromaterapia (IBRA) promove o Curso de Geoterapia e \u00d3leos Essenciais, nos dias 2 e 3 de dezembro de 2017, em Jo\u00e3o Pessoa\/PB. A forma\u00e7\u00e3o\u00a0se destina a leigos e profissionais. Este \u00e9 um curso te\u00f3rico e pr\u00e1tico\u00a0sobre o emprego das argilas em tratamentos est\u00e9ticos e de sa\u00fade. S\u00e3o estudadas as diferentes cores [&hellip;]<\/p>\n","protected":false},"author":1,"featured_media":31573,"comment_status":"open","ping_status":"open","sticky":false,"template":"","format":"standard","meta":{"om_disable_all_campaigns":false,"_monsterinsights_skip_tracking":false,"_monsterinsights_sitenote_active":false,"_monsterinsights_sitenote_note":"","_monsterinsights_sitenote_category":0,"footnotes":""},"categories":[8,216],"tags":[631,73,167,632,616,127],"acf":[],"publishpress_future_action":{"enabled":false,"date":"1969-12-31 21:00:00","action":"","terms":[],"taxonomy":"","browser_timezone_offset":0},"_links":{"self":[{"href":"https:\/\/portalfloresnoar.com\/floresnoar\/wp-json\/wp\/v2\/posts\/31503"}],"collection":[{"href":"https:\/\/portalfloresnoar.com\/floresnoar\/wp-json\/wp\/v2\/posts"}],"about":[{"href":"https:\/\/portalfloresnoar.com\/floresnoar\/wp-json\/wp\/v2\/types\/post"}],"author":[{"embeddable":true,"href":"https:\/\/portalfloresnoar.com\/floresnoar\/wp-json\/wp\/v2\/users\/1"}],"replies":[{"embeddable":true,"href":"https:\/\/portalfloresnoar.com\/floresnoar\/wp-json\/wp\/v2\/comments?post=31503"}],"version-history":[{"count":0,"href":"https:\/\/portalfloresnoar.com\/floresnoar\/wp-json\/wp\/v2\/posts\/31503\/revisions"}],"wp:featuredmedia":[{"embeddable":true,"href":"https:\/\/portalfloresnoar.com\/floresnoar\/wp-json\/wp\/v2\/media\/31573"}],"wp:attachment":[{"href":"https:\/\/portalfloresnoar.com\/floresnoar\/wp-json\/wp\/v2\/media?parent=31503"}],"wp:term":[{"taxonomy":"category","embeddable":true,"href":"https:\/\/portalfloresnoar.com\/floresnoar\/wp-json\/wp\/v2\/categories?post=31503"},{"taxonomy":"post_tag","embeddable":true,"href":"https:\/\/portalfloresnoar.com\/floresnoar\/wp-json\/wp\/v2\/tags?post=31503"}],"curies":[{"name":"wp","href":"https:\/\/api.w.org\/{rel}","templated":true}]}}