

{"id":31493,"date":"2017-09-15T11:39:03","date_gmt":"2017-09-15T14:39:03","guid":{"rendered":"http:\/\/portalfloresnoar.com\/floresnoar\/?p=31493"},"modified":"2017-12-01T10:44:46","modified_gmt":"2017-12-01T13:44:46","slug":"agenda-pe-atendimentos-com-a-terapeuta-portuguesa-ana-pedroso-dia-3011-no-recife","status":"publish","type":"post","link":"https:\/\/portalfloresnoar.com\/floresnoar\/agenda-pe-atendimentos-com-a-terapeuta-portuguesa-ana-pedroso-dia-3011-no-recife\/","title":{"rendered":"[AGENDA PE] Atendimentos com a terapeuta portuguesa Ana Pedroso, dia 30\/11, no Recife"},"content":{"rendered":"<p><img decoding=\"async\" loading=\"lazy\" class=\"aligncenter wp-image-31494\" src=\"http:\/\/portalfloresnoar.com\/floresnoar\/wp-content\/uploads\/2017\/11\/TERAPEUTA-ANA-PEDROSO-NO-RECIFE.jpg\" alt=\"\" width=\"699\" height=\"943\" srcset=\"https:\/\/portalfloresnoar.com\/floresnoar\/wp-content\/uploads\/2017\/11\/TERAPEUTA-ANA-PEDROSO-NO-RECIFE.jpg 900w, https:\/\/portalfloresnoar.com\/floresnoar\/wp-content\/uploads\/2017\/11\/TERAPEUTA-ANA-PEDROSO-NO-RECIFE-222x300.jpg 222w, https:\/\/portalfloresnoar.com\/floresnoar\/wp-content\/uploads\/2017\/11\/TERAPEUTA-ANA-PEDROSO-NO-RECIFE-768x1036.jpg 768w, https:\/\/portalfloresnoar.com\/floresnoar\/wp-content\/uploads\/2017\/11\/TERAPEUTA-ANA-PEDROSO-NO-RECIFE-519x700.jpg 519w\" sizes=\"(max-width: 699px) 100vw, 699px\" \/><\/p>\n<p>A terapeuta e professora portuguesa Ana Pedroso estar\u00e1 no Recife no final de novembro e in\u00edcio de dezembro, onde oferecer\u00e1 o\u00a0<strong><a href=\"https:\/\/portalfloresnoar.com\/floresnoar\/agenda-pe-curso-criancas-da-nova-era-dias-1-e-2-de-dezembro-com-ana-pedroso-no-recife\/\" target=\"_blank\" rel=\"noopener\">curso\u00a0&#8216;Crian\u00e7as da Nova Era&#8217; <\/a><\/strong>e atendimentos de Leitura de Alma, Leitura de Aura e Alinhamento Energ\u00e9tico da Alma com Regress\u00e3o a Vidas Passadas. Os atendimentos ser\u00e3o realizados\u00a0 no dia 30\/11, no espa\u00e7o Despertar Terapias Integrativas, com hora marcada.<\/p>\n<p><strong>Leitura de Alma:\u00a0<\/strong>\u00c9 um atendimento que acessa\u00a0\u00e0 Conex\u00e3o com a sua Alma e com a informa\u00e7\u00e3o da Vida \u00a0Atual.\u00a0Acede\u00a0ao seu Prop\u00f3sito de Vida, miss\u00e3o, feridas emocionais e caminhos que escolheu nesta vida para evoluir. \u00c9 revelado o seu mantra e ser\u00e1 realizado a cura da sua alma. O Mantra \u00e9 um instrumento de autoconhecimento, de transforma\u00e7\u00e3o pessoal e ressignifica\u00e7\u00e3o desta Vida.<\/p>\n<p><strong>Leitura de Aura:<\/strong>\u00a0\u00c9 uma Leitura que facilitar\u00e1 voc\u00ea a equilibrar-se f\u00edsica, emocional, mental e espiritualmente com a informa\u00e7\u00e3o que o seu Campo de mem\u00f3ria do DNA lhe trar\u00e1 na pr\u00f3pria leitura. Este atendimento aciona a Cura Interior, inclusive de Vidas Passadas e dos seus antepassados. \u00c9-lhe revelado a Cor\u00a0da sua Aura ajudando-a a perceber e entender padr\u00f5es repetitivos e cren\u00e7as limitantes que se\u00a0repetem e lhe trazem\u00a0desequil\u00edbrio a todos os n\u00edveis.<\/p>\n<p><strong>Alinhamento Energ\u00e9tico da Alma\u00a0com Regress\u00e3o a Vidas Passadas:<\/strong>\u00a0\u00c9 um atendimento de \u00faltima\u00a0\u00a0gera\u00e7\u00e3o que prop\u00f5e atrav\u00e9s da Regress\u00e3o a Vidas Passadas feita pela psicoterapeuta no seu lugar,\u00a0trazer ao consciente,\u00a0vidas que ficaram mal resolvidas, presas no passado inclusive pelos antepassados. Ser\u00e1 realizada uma limpeza, uma Ressignifica\u00e7\u00e3o, uma liberta\u00e7\u00e3o de tudo o que a bloqueia\u00a0Hoje. A Regress\u00e3o da Alma \u00e9 feita por mim dando a voc\u00ea liberdade de Curar tudo o que lhe provoca tristeza, m\u00e1goa e ressentimentos, no Aqui e Agora.\u00a0Este atendimento \u00e9 transformador!<\/p>\n<p><strong>Local dos atendimentos:<\/strong> Despertar Terapias Integrativas &#8211; Av. Rosa e Silva, 670, sala 504, Aflitos, Recife\/PE<\/p>\n<p><strong>Mais informa\u00e7\u00f5es e agendamento:<\/strong> (81) 99602.4692 (Gabriela Peregrino)<\/p>\n<p><em>Veja tamb\u00e9m:<\/em> <strong><a href=\"https:\/\/portalfloresnoar.com\/floresnoar\/agenda-pe-curso-criancas-da-nova-era-dias-1-e-2-de-dezembro-com-ana-pedroso-no-recife\/\" target=\"_blank\" rel=\"noopener\">CURSO \u2018CRIAN\u00c7AS DA NOVA ERA\u2019, DIAS 1 E 2 DE DEZEMBRO, COM ANA PEDROSO, NO RECIFE<\/a><\/strong><\/p>\n<p>&nbsp;<\/p>\n","protected":false},"excerpt":{"rendered":"<p>A terapeuta e professora portuguesa Ana Pedroso estar\u00e1 no Recife no final de novembro e in\u00edcio de dezembro, onde oferecer\u00e1 o\u00a0curso\u00a0&#8216;Crian\u00e7as da Nova Era&#8217; e atendimentos de Leitura de Alma, Leitura de Aura e Alinhamento Energ\u00e9tico da Alma com Regress\u00e3o a Vidas Passadas. Os atendimentos ser\u00e3o realizados\u00a0 no dia 30\/11, no espa\u00e7o Despertar Terapias Integrativas, [&hellip;]<\/p>\n","protected":false},"author":1,"featured_media":31495,"comment_status":"open","ping_status":"open","sticky":false,"template":"","format":"standard","meta":{"om_disable_all_campaigns":false,"_monsterinsights_skip_tracking":false,"_monsterinsights_sitenote_active":false,"_monsterinsights_sitenote_note":"","_monsterinsights_sitenote_category":0,"footnotes":""},"categories":[8,214],"tags":[629,325,246,399],"acf":[],"publishpress_future_action":{"enabled":false,"date":"1969-12-31 21:00:00","action":"","terms":[],"taxonomy":"","browser_timezone_offset":0},"_links":{"self":[{"href":"https:\/\/portalfloresnoar.com\/floresnoar\/wp-json\/wp\/v2\/posts\/31493"}],"collection":[{"href":"https:\/\/portalfloresnoar.com\/floresnoar\/wp-json\/wp\/v2\/posts"}],"about":[{"href":"https:\/\/portalfloresnoar.com\/floresnoar\/wp-json\/wp\/v2\/types\/post"}],"author":[{"embeddable":true,"href":"https:\/\/portalfloresnoar.com\/floresnoar\/wp-json\/wp\/v2\/users\/1"}],"replies":[{"embeddable":true,"href":"https:\/\/portalfloresnoar.com\/floresnoar\/wp-json\/wp\/v2\/comments?post=31493"}],"version-history":[{"count":0,"href":"https:\/\/portalfloresnoar.com\/floresnoar\/wp-json\/wp\/v2\/posts\/31493\/revisions"}],"wp:featuredmedia":[{"embeddable":true,"href":"https:\/\/portalfloresnoar.com\/floresnoar\/wp-json\/wp\/v2\/media\/31495"}],"wp:attachment":[{"href":"https:\/\/portalfloresnoar.com\/floresnoar\/wp-json\/wp\/v2\/media?parent=31493"}],"wp:term":[{"taxonomy":"category","embeddable":true,"href":"https:\/\/portalfloresnoar.com\/floresnoar\/wp-json\/wp\/v2\/categories?post=31493"},{"taxonomy":"post_tag","embeddable":true,"href":"https:\/\/portalfloresnoar.com\/floresnoar\/wp-json\/wp\/v2\/tags?post=31493"}],"curies":[{"name":"wp","href":"https:\/\/api.w.org\/{rel}","templated":true}]}}