

{"id":31446,"date":"2017-09-03T20:24:28","date_gmt":"2017-09-03T23:24:28","guid":{"rendered":"http:\/\/portalfloresnoar.com\/floresnoar\/?p=31446"},"modified":"2017-12-08T20:40:56","modified_gmt":"2017-12-08T23:40:56","slug":"agenda-pe-retiro-de-sun-power-yoga-de-14-a-17-de-dezembro-no-polo-de-aperfeicoamento-integral-pai","status":"publish","type":"post","link":"https:\/\/portalfloresnoar.com\/floresnoar\/agenda-pe-retiro-de-sun-power-yoga-de-14-a-17-de-dezembro-no-polo-de-aperfeicoamento-integral-pai\/","title":{"rendered":"[AGENDA PE] Retiro de Sun Power Yoga, de 15 a 17 de dezembro, no Polo de Aperfei\u00e7oamento Integral (PAI)"},"content":{"rendered":"<p><img decoding=\"async\" loading=\"lazy\" class=\"wp-image-31448 aligncenter\" src=\"http:\/\/portalfloresnoar.com\/floresnoar\/wp-content\/uploads\/2017\/11\/PAI-Polo-de-Aperfei\u00e7oamento-Integral.jpg\" alt=\"\" width=\"592\" height=\"444\" srcset=\"https:\/\/portalfloresnoar.com\/floresnoar\/wp-content\/uploads\/2017\/11\/PAI-Polo-de-Aperfei\u00e7oamento-Integral.jpg 700w, https:\/\/portalfloresnoar.com\/floresnoar\/wp-content\/uploads\/2017\/11\/PAI-Polo-de-Aperfei\u00e7oamento-Integral-300x225.jpg 300w, https:\/\/portalfloresnoar.com\/floresnoar\/wp-content\/uploads\/2017\/11\/PAI-Polo-de-Aperfei\u00e7oamento-Integral-160x120.jpg 160w\" sizes=\"(max-width: 592px) 100vw, 592px\" \/><\/p>\n<p>O Polo de Aperfei\u00e7oamento Integral (PAI), localizado em Ribeir\u00e3o\/PE, promove de 15 a 17 de dezembro de 2017 o\u00a0Retiro de Sun Power Yoga, conduzido pelos instrutores de Yoga Regina Padma Rinchen e Neal Dawkins. O encontro ser\u00e1 uma imers\u00e3o na natureza, com alimenta\u00e7\u00e3o saud\u00e1vel, ar puro, massagem, trilha e pr\u00e1ticas de Yoga. Uma \u00f3tima oportunidade para refletir sobre este ano e entrar em 2018 com as energias renovadas!<\/p>\n<p>Os dois instrutores s\u00e3o qualificados internacionalmente, tendo como foco no trabalho de Yoga: vigor, alinhamento, flexibilidade, criatividade, for\u00e7a, equil\u00edbrio, beleza e conhecimento.<\/p>\n<p>Ser\u00e3o abordados os seguintes conte\u00fados: O Sol e os cinco elementos; Ativando a alquimia interna dos elementos sutis; e diferentes estilos de Yoga, focados em Sun Power Yoga, Yoga Restaurativa e Hatha Yoga Flow.\u00a0 Ser\u00e3o trabalhadas ferramentas como Yoga em dupla e Acroyoga, embasadas em estudos da filosofia milenar do Yoga. Haver\u00e1 tamb\u00e9m Cl\u00ednica de Yoga para d\u00favidas individuais.<\/p>\n<p><strong>Investimento<\/strong>:\u00a0R$ 560,00 \u00e0 vista e R$ 640,00 na cart\u00e3o em 5x<\/p>\n<p><em><strong>Obs.<\/strong>: Est\u00e3o inclusas a hospedagem e alimenta\u00e7\u00e3o ovo-lacto-vegetariana.\u00a0<\/em><\/p>\n<p><strong>INFORMA\u00c7\u00d5ES E INSCRI\u00c7\u00d5ES:<\/strong><br \/>\n<strong>E-mail:<\/strong> polo.apintegral@gmail.com<br \/>\n<strong>Fones:<\/strong> (81) 99908.7552 |(81) 99973.8972<\/p>\n<p><strong>Evento no facebook:<\/strong>\u00a0<a href=\"https:\/\/www.facebook.com\/events\/214538645746443\/\" target=\"_blank\" rel=\"noopener\">https:\/\/www.facebook.com\/events\/214538645746443\/<\/a><\/p>\n<p><strong>PAI &#8211; Polo de Aperfei\u00e7oamento Integral<\/strong><\/p>\n<p><img decoding=\"async\" loading=\"lazy\" class=\"aligncenter wp-image-31449\" src=\"http:\/\/portalfloresnoar.com\/floresnoar\/wp-content\/uploads\/2017\/11\/PAI-Ribeirao-PE.jpg\" alt=\"\" width=\"659\" height=\"370\" srcset=\"https:\/\/portalfloresnoar.com\/floresnoar\/wp-content\/uploads\/2017\/11\/PAI-Ribeirao-PE.jpg 700w, https:\/\/portalfloresnoar.com\/floresnoar\/wp-content\/uploads\/2017\/11\/PAI-Ribeirao-PE-300x168.jpg 300w\" sizes=\"(max-width: 659px) 100vw, 659px\" \/><\/p>\n<p>O PAI &#8211; Polo de Aperfei\u00e7oamento Integral nasceu em agosto de 2015 durante seu primeiro evento, um Retiro de Yoga Integral. Localizado na Fazenda Frutos da Esperan\u00e7a em Ribeir\u00e3o\/PE, Zona da Mata Sul, aproximadamente a 80 km do Recife\/PE (1h30min), o PAI possui um em torno de 17 hectares de Mata Atl\u00e2ntica, planta\u00e7\u00e3o de Eucaliptos, Pau Brasil, a\u00e7ude e bica natural, al\u00e9m de alguns espa\u00e7os para Medita\u00e7\u00e3o, como o Espa\u00e7o da Pedra do Bambu e o Pico da trilha; al\u00e9m da pr\u00f3pria trilha para caminhadas.<\/p>\n<p><img decoding=\"async\" loading=\"lazy\" class=\" wp-image-31465 alignleft\" src=\"http:\/\/portalfloresnoar.com\/floresnoar\/wp-content\/uploads\/2017\/11\/pai-ribeirao-pe.jpg\" alt=\"\" width=\"286\" height=\"386\" srcset=\"https:\/\/portalfloresnoar.com\/floresnoar\/wp-content\/uploads\/2017\/11\/pai-ribeirao-pe.jpg 382w, https:\/\/portalfloresnoar.com\/floresnoar\/wp-content\/uploads\/2017\/11\/pai-ribeirao-pe-222x300.jpg 222w\" sizes=\"(max-width: 286px) 100vw, 286px\" \/>&#8220;O retiro ser\u00e1 uma \u00f3tima oportunidade para ter uma experi\u00eancia de contato com a natureza, ar puro e todos os benef\u00edcios que este clima natural pode oferecer para a sa\u00fade f\u00edsica, mental, emocional e espiritual. Tudo isto com uma alimenta\u00e7\u00e3o fresca e saud\u00e1vel&#8221;, explicam os organizadores.<\/p>\n<p>O PAI possui dormit\u00f3rios masculino, com capacidade para 10 pessoas, e um feminino, com capacidade para 12 pessoas. As acomoda\u00e7\u00f5es dos dormit\u00f3rios s\u00e3o em beliches. Cada dormit\u00f3rio conta com dois banheiros e tr\u00eas chuveiros.\u00a0Nesta casa \u00e9 poss\u00edvel tamb\u00e9m abrigar mais h\u00f3spedes distribu\u00eddos em tr\u00eas quartos, todos com confort\u00e1veis beliches, totalizando uma capacidade de 13 pessoas. H\u00e1 tamb\u00e9m uma suite onde o condutor principal do evento pode se hospedar e desfrutar de mais privacidade.<\/p>\n<p>Na casa principal s\u00e3o realizadas as refei\u00e7\u00f5es, ovo-lacto-vegetariana, feitas com muito carinho pelas cozinheiras, onde s\u00e3o priorizados produtos org\u00e2nicos da pr\u00f3pria fazenda e produtos da feira da pr\u00f3pria cidade de Ribeir\u00e3o\/PE. O PAI possui planta\u00e7\u00e3o de jaca, azeitona, acerola, noni, a\u00e7a\u00ed, laranja, manga e bananeiras, que d\u00e3o frutas o ano inteiro.<\/p>\n<p><img decoding=\"async\" loading=\"lazy\" class=\"wp-image-31450 alignright\" src=\"http:\/\/portalfloresnoar.com\/floresnoar\/wp-content\/uploads\/2017\/11\/polo-yoga-integral.jpg\" alt=\"\" width=\"379\" height=\"213\" srcset=\"https:\/\/portalfloresnoar.com\/floresnoar\/wp-content\/uploads\/2017\/11\/polo-yoga-integral.jpg 700w, https:\/\/portalfloresnoar.com\/floresnoar\/wp-content\/uploads\/2017\/11\/polo-yoga-integral-300x168.jpg 300w\" sizes=\"(max-width: 379px) 100vw, 379px\" \/>A decora\u00e7\u00e3o do pr\u00e9dio do dormit\u00f3rio possui pinturas realizadas pela artista pl\u00e1stica carioca Madhava Rani e o artista pl\u00e1stico e professor de Yoga, Ravi. Suas pinturas podem ser vistas nos pain\u00e9is exteriores e nas portas, que distinguem os dormit\u00f3rios masculino e feminino.<\/p>\n<p>No caminho para se chegar ao templo h\u00e1 o Espa\u00e7o Krisna e Radha, uma bela imagem dessas deidades importada da \u00cdndia. Com um pequeno laguinho com peixinhos. Este \u00e9 mais um local para medita\u00e7\u00e3o e contempla\u00e7\u00e3o e desfrute da energia amorosa que eles representam.<\/p>\n<p>O Templo da M\u00e3e Divina, \u00e9 o local indicado para as viv\u00eancias, pr\u00e1ticas e estudos voltados para o desenvolvimento e aprimoramento do indiv\u00edduo. Este templo tem como protetores os Mestres do Yoga Integral Sri Aurobindo e Mirra Alfassa, carinhosamente chamada pelos disc\u00edpulos de &#8220;A M\u00e3e&#8221;. As suas imagens foram tamb\u00e9m trazidas da cidade de Punducherry\/\u00cdndia.<\/p>\n<p>Este templo j\u00e1 acolheu rituais de Xamanismo, Culto Evang\u00e9lico, Cursos de Pranaterapia, Massagens Ayurv\u00e9dica, confraterniza\u00e7\u00e3o de espa\u00e7os de Yoga (como o Garuda Yoga\/Recife-PE), Asthanga Yoga e Yoga Integral e pode acolher qualquer outra filosofia com o mesmo prop\u00f3sito citado acima.<\/p>\n<p>Crian\u00e7as tamb\u00e9m s\u00e3o bem-vindas no espa\u00e7o, desde que acompanhadas pelos pais ou respons\u00e1veis legais.<\/p>\n<p>Al\u00e9m de toda a natureza vegetal, \u00e9 poss\u00edvel encontrar no PAI alguns animais soltos, como patos, gansos, galinhas, galos, vacas, boi e cavalos pastando, todos s\u00e3o criados soltos e fazem parte da paisagem do espa\u00e7o.<\/p>\n","protected":false},"excerpt":{"rendered":"<p>O Polo de Aperfei\u00e7oamento Integral (PAI), localizado em Ribeir\u00e3o\/PE, promove de 15 a 17 de dezembro de 2017 o\u00a0Retiro de Sun Power Yoga, conduzido pelos instrutores de Yoga Regina Padma Rinchen e Neal Dawkins. O encontro ser\u00e1 uma imers\u00e3o na natureza, com alimenta\u00e7\u00e3o saud\u00e1vel, ar puro, massagem, trilha e pr\u00e1ticas de Yoga. Uma \u00f3tima oportunidade [&hellip;]<\/p>\n","protected":false},"author":1,"featured_media":31452,"comment_status":"open","ping_status":"open","sticky":false,"template":"","format":"standard","meta":{"om_disable_all_campaigns":false,"_monsterinsights_skip_tracking":false,"_monsterinsights_sitenote_active":false,"_monsterinsights_sitenote_note":"","_monsterinsights_sitenote_category":0,"footnotes":""},"categories":[8,224,214],"tags":[43,396,21],"acf":[],"publishpress_future_action":{"enabled":false,"date":"1969-12-31 21:00:00","action":"","terms":[],"taxonomy":"","browser_timezone_offset":0},"_links":{"self":[{"href":"https:\/\/portalfloresnoar.com\/floresnoar\/wp-json\/wp\/v2\/posts\/31446"}],"collection":[{"href":"https:\/\/portalfloresnoar.com\/floresnoar\/wp-json\/wp\/v2\/posts"}],"about":[{"href":"https:\/\/portalfloresnoar.com\/floresnoar\/wp-json\/wp\/v2\/types\/post"}],"author":[{"embeddable":true,"href":"https:\/\/portalfloresnoar.com\/floresnoar\/wp-json\/wp\/v2\/users\/1"}],"replies":[{"embeddable":true,"href":"https:\/\/portalfloresnoar.com\/floresnoar\/wp-json\/wp\/v2\/comments?post=31446"}],"version-history":[{"count":0,"href":"https:\/\/portalfloresnoar.com\/floresnoar\/wp-json\/wp\/v2\/posts\/31446\/revisions"}],"wp:featuredmedia":[{"embeddable":true,"href":"https:\/\/portalfloresnoar.com\/floresnoar\/wp-json\/wp\/v2\/media\/31452"}],"wp:attachment":[{"href":"https:\/\/portalfloresnoar.com\/floresnoar\/wp-json\/wp\/v2\/media?parent=31446"}],"wp:term":[{"taxonomy":"category","embeddable":true,"href":"https:\/\/portalfloresnoar.com\/floresnoar\/wp-json\/wp\/v2\/categories?post=31446"},{"taxonomy":"post_tag","embeddable":true,"href":"https:\/\/portalfloresnoar.com\/floresnoar\/wp-json\/wp\/v2\/tags?post=31446"}],"curies":[{"name":"wp","href":"https:\/\/api.w.org\/{rel}","templated":true}]}}