

{"id":31445,"date":"2017-09-05T20:52:12","date_gmt":"2017-09-05T23:52:12","guid":{"rendered":"http:\/\/portalfloresnoar.com\/floresnoar\/?p=31445"},"modified":"2017-11-13T10:21:53","modified_gmt":"2017-11-13T13:21:53","slug":"agenda-pe-neste-sabado-tem-cinecao-na-maumau-galeria","status":"publish","type":"post","link":"https:\/\/portalfloresnoar.com\/floresnoar\/agenda-pe-neste-sabado-tem-cinecao-na-maumau-galeria\/","title":{"rendered":"[AGENDA PE] Neste s\u00e1bado tem Cinec\u00e3o na Maumau Galeria"},"content":{"rendered":"<p><img decoding=\"async\" loading=\"lazy\" class=\"aligncenter size-full wp-image-31461\" src=\"http:\/\/portalfloresnoar.com\/floresnoar\/wp-content\/uploads\/2017\/11\/cinecao_maumau-galeria.jpg\" alt=\"\" width=\"650\" height=\"910\" srcset=\"https:\/\/portalfloresnoar.com\/floresnoar\/wp-content\/uploads\/2017\/11\/cinecao_maumau-galeria.jpg 650w, https:\/\/portalfloresnoar.com\/floresnoar\/wp-content\/uploads\/2017\/11\/cinecao_maumau-galeria-214x300.jpg 214w, https:\/\/portalfloresnoar.com\/floresnoar\/wp-content\/uploads\/2017\/11\/cinecao_maumau-galeria-500x700.jpg 500w\" sizes=\"(max-width: 650px) 100vw, 650px\" \/><\/p>\n<p>Neste s\u00e1bado (11\/11) acontece a \u00faltima edi\u00e7\u00e3o deste ano do Cinec\u00e3o, realizado pela Maumau Galeria, com a participa\u00e7\u00e3o de artistas do Rio, S\u00e3o Paulo e Bel\u00e9m do Par\u00e1, alem da interven\u00e7\u00e3o urbana RadioBike, fruto do projeto Maumau Labarat\u00f3rio- Ano II<\/p>\n<p>Nesta edi\u00e7\u00e3o, a Maumau, gestada e gerida por mulheres, abre os port\u00f5es para receber a artista Virginia Medeiros, com o filme Cais do Corpo, realizado durante a derradeiras etapas da \u201crevitaliza\u00e7\u00e3o\u201d da Pra\u00e7a Mau\u00e1, na zona portu\u00e1ria do Rio de Janeiro. CAIS DO CORPO constitui-se como uma esp\u00e9cie de registro dos \u00faltimos dias do universo de prostitui\u00e7\u00e3o que florescia na regi\u00e3o desde a d\u00e9cada de 1930. Abordando, sob um olhar cr\u00edtico, os projetos urban\u00edsticos que gentrificam zonas inteiras das cidades sem nenhum planejamento de inclus\u00e3o social, a obra encara a performatividade do corpo das prostitutas como pr\u00e1tica social e pol\u00edtica na qual se comunicam, \u00e0s vezes de modo singelo, erotismo e resist\u00eancia.<\/p>\n<p>Tamb\u00e9m recebe o amigo e enviado especial no mundo Lourival Cuquinha com o trabalho PROJ\u00c9TIL DE ARMA FRIA. Quem porta a arma? Quem comete o crime? Nestes \u00faltimos epis\u00f3dios da farsa fascista, como entender a arte no c\u00f3digo penal? &#8220;O crime n\u00e3o \u00e9 o ato em si. Num exemplo bem radical o ato de matar que pode ser considerado a priori um crime, por\u00e9m quando feito pelo estado numa pena de morte pode n\u00e3o ser considerado crime. N\u00e3o s\u00e3o atos, mas o que se escreve sobre eles no c\u00f3digo penal.&#8221; Neste mesmo sentido, Cuquinha junto com Joana Amador, Mariana Lacerda e Mariana Sgarion, trazem a instala\u00e7\u00e3o UM E TR\u00caS MENOS UM CRIME, que, assim como o crime tamb\u00e9m \u00e9 s\u00f3 o que se define como crime, o conceito da obra vai por a\u00ed. Segundo os artistas &#8220;Nesta obra, temos n\u00e3o s\u00f3 o que se escreve no c\u00f3digo penal sobre o porte das subst\u00e2ncias, mas tamb\u00e9m quem est\u00e1 portando elas(&#8230;) Temos principalmente o crime social na obra que \u00e9 a diferencia\u00e7\u00e3o dos acusados pelo poder econ\u00f4mico.<\/p>\n<p>Ronald Duarte(RJ) mostrar\u00e1 GUERRA \u00c9 GUERRA, uma s\u00e9rie de 12 v\u00eddeos que envolvem a quest\u00e3o da viol\u00eancia nas cidades, em especial na cidade do Rio de Janeiro. Por exemplo,o v\u00eddeo \u201cO que rola VC V\u00ca\u201d , Ronald &#8216;lava&#8217; as ruas do bairro com corante vegetal vermelho, numa clara alus\u00e3o ao sangue que corre pelas ruas da cidade. As ruas cheias de \u201csangue\u201d se transformam em um cen\u00e1rio macabro que se abre para as mais diversas rea\u00e7\u00f5es da popula\u00e7\u00e3o. O trabalho de Ronald Duarte \u00e9 marcado pela presen\u00e7a das diversas formas de viol\u00eancia vivenciadas nas cidades.<\/p>\n<p>Na Galeria B da Maumau, o artista paraense Fernando D Padua traz registros em v\u00eddeo de experi\u00eancias de ocupa\u00e7\u00f5es po\u00e9ticas da cidade, com CICLOVIDA: FLOR NO ASFALTO. Um tra\u00e7ado atravessado por questionamentos sobre a pr\u00e1tica da arte no \u00e2mbito poel\u00edtico-est\u00e9tico de interven\u00e7\u00e3o direta nos espa\u00e7os p\u00fablicos, instigando pr\u00e1ticas de reivindica\u00e7\u00e3o das vias de tr\u00e2nsito. A\u00e7\u00f5es aleat\u00f3rias nas vias da cidade, demarcando espa\u00e7os f\u00edsicos de transito na psicogeografia urbana para provocar a reflex\u00e3o sobre o direito a locomover-se na cidade utilizando outros meios para o transporte n\u00e3o motorizados.<\/p>\n<p>Uma a\u00e7\u00e3o puxando a outra: a oficina de RadioBike, do Projeto &#8220;Maumau Labrat\u00f3rio- Ano II&#8221; encerra com uma grande interven\u00e7\u00e3o urbana partindo e voltando pra Maumau. Fabiana Tubino, Vitor Maciel e Sofia Galv\u00e3o v\u00e3o nos informando como vai rolar! \u00c9 aberta, ocupando a cidade e voltando para tomar uma Turvalina na Mapuche ou uns driks no Bar Primeiramente ForaTemer!<\/p>\n<p>O som vai estar por conta da dupla predileta Abel Alencar e Guto Conde! Set list guerrilha!<\/p>\n<p>&#8220;Lembrando que estamos dentro de uma programa\u00e7\u00e3o incrivel de a\u00e7\u00f5es de arte em Recife neste m\u00eas de novembro, como o Criaturas Urbanas, a quem o Cinec\u00e3o agradece por proporcionar a vinda de todos os aristas desta edi\u00e7\u00e3o LUXOOOOOOOOO!&#8221;, declaram as organizadoras.<\/p>\n<p>SERVI\u00c7O<br \/>\n<strong>Cinec\u00e3o: Macho Adulto Branco em (DES)Comando<\/strong><br \/>\nDia 11 de novembro, das 19h a meia-noite<br \/>\nNa Maumau, Rua Nicar\u00e1gua, 173\/Espinheiro<br \/>\nInforma\u00e7\u00f5es: (81) 99556 0741<\/p>\n","protected":false},"excerpt":{"rendered":"<p>Neste s\u00e1bado (11\/11) acontece a \u00faltima edi\u00e7\u00e3o deste ano do Cinec\u00e3o, realizado pela Maumau Galeria, com a participa\u00e7\u00e3o de artistas do Rio, S\u00e3o Paulo e Bel\u00e9m do Par\u00e1, alem da interven\u00e7\u00e3o urbana RadioBike, fruto do projeto Maumau Labarat\u00f3rio- Ano II Nesta edi\u00e7\u00e3o, a Maumau, gestada e gerida por mulheres, abre os port\u00f5es para receber a [&hellip;]<\/p>\n","protected":false},"author":1,"featured_media":31462,"comment_status":"open","ping_status":"open","sticky":false,"template":"","format":"standard","meta":{"om_disable_all_campaigns":false,"_monsterinsights_skip_tracking":false,"_monsterinsights_sitenote_active":false,"_monsterinsights_sitenote_note":"","_monsterinsights_sitenote_category":0,"footnotes":""},"categories":[8,214],"tags":[364,332,628],"acf":[],"publishpress_future_action":{"enabled":false,"date":"1969-12-31 21:00:00","action":"","terms":[],"taxonomy":"","browser_timezone_offset":0},"_links":{"self":[{"href":"https:\/\/portalfloresnoar.com\/floresnoar\/wp-json\/wp\/v2\/posts\/31445"}],"collection":[{"href":"https:\/\/portalfloresnoar.com\/floresnoar\/wp-json\/wp\/v2\/posts"}],"about":[{"href":"https:\/\/portalfloresnoar.com\/floresnoar\/wp-json\/wp\/v2\/types\/post"}],"author":[{"embeddable":true,"href":"https:\/\/portalfloresnoar.com\/floresnoar\/wp-json\/wp\/v2\/users\/1"}],"replies":[{"embeddable":true,"href":"https:\/\/portalfloresnoar.com\/floresnoar\/wp-json\/wp\/v2\/comments?post=31445"}],"version-history":[{"count":0,"href":"https:\/\/portalfloresnoar.com\/floresnoar\/wp-json\/wp\/v2\/posts\/31445\/revisions"}],"wp:featuredmedia":[{"embeddable":true,"href":"https:\/\/portalfloresnoar.com\/floresnoar\/wp-json\/wp\/v2\/media\/31462"}],"wp:attachment":[{"href":"https:\/\/portalfloresnoar.com\/floresnoar\/wp-json\/wp\/v2\/media?parent=31445"}],"wp:term":[{"taxonomy":"category","embeddable":true,"href":"https:\/\/portalfloresnoar.com\/floresnoar\/wp-json\/wp\/v2\/categories?post=31445"},{"taxonomy":"post_tag","embeddable":true,"href":"https:\/\/portalfloresnoar.com\/floresnoar\/wp-json\/wp\/v2\/tags?post=31445"}],"curies":[{"name":"wp","href":"https:\/\/api.w.org\/{rel}","templated":true}]}}