

{"id":31405,"date":"2017-09-01T12:18:21","date_gmt":"2017-09-01T15:18:21","guid":{"rendered":"http:\/\/portalfloresnoar.com\/floresnoar\/?p=31405"},"modified":"2017-11-13T10:23:36","modified_gmt":"2017-11-13T13:23:36","slug":"agenda-pe-xiii-congresso-brasileiro-de-medicina-antroposofica-de-8-a-1111-no-recife","status":"publish","type":"post","link":"https:\/\/portalfloresnoar.com\/floresnoar\/agenda-pe-xiii-congresso-brasileiro-de-medicina-antroposofica-de-8-a-1111-no-recife\/","title":{"rendered":"[AGENDA PE] XIII Congresso Brasileiro de Medicina Antropos\u00f3fica, at\u00e9 11\/11, no Recife"},"content":{"rendered":"<p><img decoding=\"async\" loading=\"lazy\" class=\"aligncenter size-full wp-image-31406\" src=\"http:\/\/portalfloresnoar.com\/floresnoar\/wp-content\/uploads\/2017\/11\/congresso-brasileiro-de-medicina-antroposofica.jpg\" alt=\"\" width=\"720\" height=\"402\" srcset=\"https:\/\/portalfloresnoar.com\/floresnoar\/wp-content\/uploads\/2017\/11\/congresso-brasileiro-de-medicina-antroposofica.jpg 720w, https:\/\/portalfloresnoar.com\/floresnoar\/wp-content\/uploads\/2017\/11\/congresso-brasileiro-de-medicina-antroposofica-300x168.jpg 300w, https:\/\/portalfloresnoar.com\/floresnoar\/wp-content\/uploads\/2017\/11\/congresso-brasileiro-de-medicina-antroposofica-700x391.jpg 700w\" sizes=\"(max-width: 720px) 100vw, 720px\" \/><\/p>\n<p>Com o tema &#8216;As For\u00e7as do Cora\u00e7\u00e3o como Pontes para a Sa\u00fade e o Desenvolvimento Humano&#8217;, Recife recebe o XIII Congresso Brasileiro de Medicina Antropos\u00f3fica e o VIII Simp\u00f3sio de Terapias Antropos\u00f3ficas, entre os dias 8 e 11 de novembro, no Mar Hotel, em Boa Viagem. O evento \u00e9 promovido pela Associa\u00e7\u00e3o Brasileira de Medicina Antropos\u00f3fica (ABMA), que contar\u00e1 com 77 atividades e 160 palestrantes de cinco pa\u00edses: Brasil, Alemanha, \u00cdndia, Argentina e Holanda<\/p>\n<p>O Congresso contar\u00e1 com a apresenta\u00e7\u00e3o de 47 Trabalhos Cient\u00edficos e tem a previs\u00e3o de receber 500 participantes, entre m\u00e9dicos, terapeutas, profissionais das mais diversas \u00e1reas de sa\u00fade, pedagogos, estudantes acad\u00eamicos.<\/p>\n<p>\u201cO conte\u00fado do Programa, constru\u00eddo a muitas m\u00e3os, traz um entrela\u00e7amento de saberes e pr\u00e1ticas atualizadas que permitir\u00e3o um enriquecimento dos que buscam, atrav\u00e9s da Antroposofia e suas diversas vertentes, aprimorar o tratamento do ser humano para que encontre as for\u00e7as de cura no calor do cora\u00e7\u00e3o e na plenitude de sua liberdade\u201d, explica Dra. \u00c2ngela Santana, presidente desta edi\u00e7\u00e3o e tamb\u00e9m da ABMA Regional PE.<\/p>\n<p>\u201cPara n\u00f3s da ABMA Regional PE \u00e9 uma grande satisfa\u00e7\u00e3o que o Congresso aconte\u00e7a em Recife, a fim de consolidar as influ\u00eancias da medicina antropos\u00f3fica em nossa cidade\u201d, completa.<\/p>\n<p>PROGRAMA\u00c7\u00c3O<br \/>\nA programa\u00e7\u00e3o do Congresso conta com palestras, minicursos e oficinas voltadas para atender profissionais e estudantes com os mais diversos n\u00edveis de conhecimento em Antroposofia. No dia 8, por exemplo, acontecer\u00e1 o Pr\u00e9-Congresso, uma oportunidade de aprofundamento em temas como: \u201cMedicina Antropos\u00f3fica: uma amplia\u00e7\u00e3o da arte de curar\u201d, \u201cAlimenta\u00e7\u00e3o na inf\u00e2ncia e o papel pedag\u00f3gico da Nutri\u00e7\u00e3o\u201d e \u201cAlergia em Pediatria &#8211; Uma das grandes contribui\u00e7\u00f5es cl\u00ednicas da Medicina Antropos\u00f3fica\u201d, entre outros que podem ser conferidos no site:\u00a0<a id=\"m_-7095808872037815858LPlnk553378\" href=\"http:\/\/www.cbmantroposofica2017.com.br\/\" target=\"_blank\" rel=\"noopener\" data-saferedirecturl=\"https:\/\/www.google.com\/url?hl=pt-BR&amp;q=http:\/\/www.cbmantroposofica2017.com.br&amp;source=gmail&amp;ust=1509817032214000&amp;usg=AFQjCNG53YTuDUWiekEcm4heyQPtYWV3Ng\">www.cbmantroposofica2017.com.<wbr \/>br<\/a><\/p>\n<p>As inscri\u00e7\u00f5es tamb\u00e9m podem ser feitas pelo <a href=\"http:\/\/www.cbmantroposofica2017.com.br\/\" target=\"_blank\" rel=\"noopener\">site<\/a>. Para quem n\u00e3o tem a disponibilidade de conferir a programa\u00e7\u00e3o completa, h\u00e1 oportunidade de utilizar o DAY USE. Nesta op\u00e7\u00e3o, o participante poder\u00e1 inscrever-se em at\u00e9 dois dias do congresso pagando o valor de R$ 100,00 por cada dia.<\/p>\n<p>MEDICINA ANTROPOS\u00d3FICA<\/p>\n<p>A Medicina Antropos\u00f3fica amplia a vis\u00e3o da Medicina Acad\u00eamica ou Tradicional vendo o Homem como um ser integral em v\u00e1rios aspectos do seu adoecimento e comportamento, incluindo o que se revela no \u00e2mbito f\u00edsico, emocional e individual. Foi introduzida e sistematizada no s\u00e9culo XIX, na Alemanha e Su\u00ed\u00e7a, pelo fil\u00f3sofo Rudolf Steiner e pela m\u00e9dica Ita Wegman.<\/p>\n<p>No Brasil chegou atrav\u00e9s da pioneira Dra. Gudrun Buckhard, em S\u00e3o Paulo, que fundou h\u00e1 35 anos a Associa\u00e7\u00e3o Brasileira de Medicina Antropos\u00f3fica (ABMA), entidade presente atualmente em mais de 10 Estados brasileiros e promotora do Congresso.<\/p>\n<p>A medicina ampliada pela Antroposofia tem crescido de forma expressiva no Brasil e proporcionado, aos profissionais de sa\u00fade, um olhar integral e uma pr\u00e1tica m\u00e9dica mais humana.<\/p>\n<p>Cada vez um maior n\u00famero de profissionais, al\u00e9m de m\u00e9dicos, enfermeiras, nutricionistas, psic\u00f3logos, fonoaudi\u00f3logos, terapeutas art\u00edsticas, se dedicam a esta op\u00e7\u00e3o no campo da Sa\u00fade que oferece diversos tipos de Terapias e complementam o trabalho do m\u00e9dico.<\/p>\n<p>H\u00e1 10 anos, a Medicina Antropos\u00f3fica integra a PNPIC (Pol\u00edtica Nacional de Pr\u00e1ticas Integrativas e Complementares), levando este saber a um maior n\u00famero de pessoas em Ambulat\u00f3rios P\u00fablicos em v\u00e1rios pontos do pa\u00eds. Tamb\u00e9m est\u00e1 presente na UNIFESP e USP al\u00e9m de Ambulat\u00f3rios do SUS em S\u00e3o Jo\u00e3o del Rei e Belo Horizonte.<\/p>\n<p>MAIS INFORMA\u00c7\u00d5ES:<br \/>\nMaria J\u00falia Sette: (81) 99994 3214<br \/>\nDra. \u00c2ngela Santana: (81) 98831-2461<br \/>\n<a href=\"http:\/\/www.cbmantroposofica2017.com.br\/\" target=\"_blank\" rel=\"noopener\">www.cbmantroposofica2017.com.br<\/a><\/p>\n","protected":false},"excerpt":{"rendered":"<p>Com o tema &#8216;As For\u00e7as do Cora\u00e7\u00e3o como Pontes para a Sa\u00fade e o Desenvolvimento Humano&#8217;, Recife recebe o XIII Congresso Brasileiro de Medicina Antropos\u00f3fica e o VIII Simp\u00f3sio de Terapias Antropos\u00f3ficas, entre os dias 8 e 11 de novembro, no Mar Hotel, em Boa Viagem. O evento \u00e9 promovido pela Associa\u00e7\u00e3o Brasileira de Medicina [&hellip;]<\/p>\n","protected":false},"author":1,"featured_media":31407,"comment_status":"open","ping_status":"open","sticky":false,"template":"","format":"standard","meta":{"om_disable_all_campaigns":false,"_monsterinsights_skip_tracking":false,"_monsterinsights_sitenote_active":false,"_monsterinsights_sitenote_note":"","_monsterinsights_sitenote_category":0,"footnotes":""},"categories":[8,214],"tags":[23,321,625,624],"acf":[],"publishpress_future_action":{"enabled":false,"date":"1969-12-31 21:00:00","action":"","terms":[],"taxonomy":"","browser_timezone_offset":0},"_links":{"self":[{"href":"https:\/\/portalfloresnoar.com\/floresnoar\/wp-json\/wp\/v2\/posts\/31405"}],"collection":[{"href":"https:\/\/portalfloresnoar.com\/floresnoar\/wp-json\/wp\/v2\/posts"}],"about":[{"href":"https:\/\/portalfloresnoar.com\/floresnoar\/wp-json\/wp\/v2\/types\/post"}],"author":[{"embeddable":true,"href":"https:\/\/portalfloresnoar.com\/floresnoar\/wp-json\/wp\/v2\/users\/1"}],"replies":[{"embeddable":true,"href":"https:\/\/portalfloresnoar.com\/floresnoar\/wp-json\/wp\/v2\/comments?post=31405"}],"version-history":[{"count":0,"href":"https:\/\/portalfloresnoar.com\/floresnoar\/wp-json\/wp\/v2\/posts\/31405\/revisions"}],"wp:featuredmedia":[{"embeddable":true,"href":"https:\/\/portalfloresnoar.com\/floresnoar\/wp-json\/wp\/v2\/media\/31407"}],"wp:attachment":[{"href":"https:\/\/portalfloresnoar.com\/floresnoar\/wp-json\/wp\/v2\/media?parent=31405"}],"wp:term":[{"taxonomy":"category","embeddable":true,"href":"https:\/\/portalfloresnoar.com\/floresnoar\/wp-json\/wp\/v2\/categories?post=31405"},{"taxonomy":"post_tag","embeddable":true,"href":"https:\/\/portalfloresnoar.com\/floresnoar\/wp-json\/wp\/v2\/tags?post=31405"}],"curies":[{"name":"wp","href":"https:\/\/api.w.org\/{rel}","templated":true}]}}