

{"id":31387,"date":"2017-11-02T14:29:20","date_gmt":"2017-11-02T17:29:20","guid":{"rendered":"http:\/\/portalfloresnoar.com\/floresnoar\/?p=31387"},"modified":"2017-11-02T16:37:17","modified_gmt":"2017-11-02T19:37:17","slug":"menina-madura-dieta-sem-laticinios","status":"publish","type":"post","link":"https:\/\/portalfloresnoar.com\/floresnoar\/menina-madura-dieta-sem-laticinios\/","title":{"rendered":"[MENINA MADURA] Dieta sem latic\u00ednios"},"content":{"rendered":"<figure id=\"attachment_31395\" aria-describedby=\"caption-attachment-31395\" style=\"width: 624px\" class=\"wp-caption aligncenter\"><img decoding=\"async\" loading=\"lazy\" class=\"wp-image-31395\" src=\"http:\/\/portalfloresnoar.com\/floresnoar\/wp-content\/uploads\/2017\/11\/leite-vegetal_-foto-CityTree_licenca-CC.jpg\" alt=\"\" width=\"624\" height=\"376\" srcset=\"https:\/\/portalfloresnoar.com\/floresnoar\/wp-content\/uploads\/2017\/11\/leite-vegetal_-foto-CityTree_licenca-CC.jpg 720w, https:\/\/portalfloresnoar.com\/floresnoar\/wp-content\/uploads\/2017\/11\/leite-vegetal_-foto-CityTree_licenca-CC-300x181.jpg 300w, https:\/\/portalfloresnoar.com\/floresnoar\/wp-content\/uploads\/2017\/11\/leite-vegetal_-foto-CityTree_licenca-CC-700x422.jpg 700w\" sizes=\"(max-width: 624px) 100vw, 624px\" \/><figcaption id=\"caption-attachment-31395\" class=\"wp-caption-text\">Foto: CityTree (licen\u00e7a Creative Commons)<\/figcaption><\/figure>\n<p>|<em>\u00a0Por\u00a0<a href=\"http:\/\/portalfloresnoar.com\/floresnoar\/sobre-a-coluna-menina-madura\/\" target=\"_blank\" rel=\"noopener\">Menina Madura<\/a>\u00a0<\/em>|<\/p>\n<p>Faz tempo que queria passar uns dias experimentando retirar os latic\u00ednios de minha dieta alimentar. Pois bem, faz uma semana que consegui. A ideia, ainda, n\u00e3o \u00e9 radicalizar e parar total de comer queijos e ghee (leite e iogurtes j\u00e1 n\u00e3o consumo porque me d\u00e1 enxaqueca e muito muco). Mas t\u00f4 querendo sentir como meu corpo reage sem nenhum latic\u00ednio.<\/p>\n<p>Como o leite e derivados s\u00e3o culturalmente alimentos muito presentes em nossa mesa, tem sido um desafio tirar queijo e manteiga de minha alimenta\u00e7\u00e3o. Mas tenho que confessar que t\u00f4 gostando. Tenho experimentado novas receitas e minha alimenta\u00e7\u00e3o est\u00e1 bem mais variada e saud\u00e1vel.<\/p>\n<p>As raz\u00f5es para este experimento s\u00e3o tr\u00eas: me alimentar de forma mais saud\u00e1vel, colaborar com a redu\u00e7\u00e3o do sofrimento de vacas e bezerros e ir de encontro ao sistema capitalista que vem detonando nossa M\u00e3e Natureza com a sempre crescente cria\u00e7\u00e3o de gado.<\/p>\n<p>Sei que uma semana ainda \u00e9 pouco tempo pra sentir os benef\u00edcios da retirada dos latic\u00ednios de minha dieta, mas quero seguir mais dias assim e, quem sabe, futuramente, possa extinguir esses alimentos de minha alimenta\u00e7\u00e3o.<\/p>\n<p>Aqui abaixo listo algumas receitas para substituir o queijo, a manteiga e o leite!<\/p>\n<p>PASTAS, QUEIJOS VEGANOS E OUTRAS COISITAS DELICIOSAS<\/p>\n<p><strong>Ricota vegana:<\/strong>\u00a0<a href=\"https:\/\/portalfloresnoar.com\/floresnoar\/menina-madura-receita-de-ricota-vegana\/\" target=\"_blank\" rel=\"noopener\">https:\/\/portalfloresnoar.com\/floresnoar\/menina-madura-receita-de-ricota-vegana\/<\/a><br \/>\n<strong>Pasta de am\u00eandoas:<\/strong><a href=\"https:\/\/portalfloresnoar.com\/floresnoar\/cozinha-sem-fronteiras-cruzinhando-com-amor\/\" target=\"_blank\" rel=\"noopener\"> https:\/\/portalfloresnoar.com\/floresnoar\/cozinha-sem-fronteiras-cruzinhando-com-amor\/<\/a><br \/>\n<strong>Homus:<\/strong> <a href=\"https:\/\/portalfloresnoar.com\/floresnoar\/veja-como-preparar-homus-deliciosa-pasta-arabe\/\" target=\"_blank\" rel=\"noopener\">https:\/\/portalfloresnoar.com\/floresnoar\/veja-como-preparar-homus-deliciosa-pasta-arabe\/<\/a><br \/>\n<strong>Tabule:<\/strong> <a href=\"https:\/\/portalfloresnoar.com\/floresnoar\/aprenda-a-fazer-tabule\/\" target=\"_blank\" rel=\"noopener\">https:\/\/portalfloresnoar.com\/floresnoar\/aprenda-a-fazer-tabule\/<\/a><br \/>\n<strong>Beringela refogada:<\/strong> <a href=\"https:\/\/portalfloresnoar.com\/floresnoar\/beringela-refogada\/\" target=\"_blank\" rel=\"noopener\">https:\/\/portalfloresnoar.com\/floresnoar\/beringela-refogada\/<\/a><\/p>\n<p>LEITE<br \/>\n<strong>Leites Vegetais:\u00a0<\/strong><a href=\"https:\/\/portalfloresnoar.com\/floresnoar\/receitas-de-leites-vegetais\/\" target=\"_blank\" rel=\"noopener\">https:\/\/portalfloresnoar.com\/floresnoar\/receitas-de-leites-vegetais\/<\/a><\/p>\n<p>SOBREMESAS<br \/>\n<strong>Mousse de abacate com cacau:<\/strong> <a href=\"https:\/\/portalfloresnoar.com\/floresnoar\/mousse-de-abacate-com-cacau\/\" target=\"_blank\" rel=\"noopener\">https:\/\/portalfloresnoar.com\/floresnoar\/mousse-de-abacate-com-cacau\/<\/a><br \/>\n<strong>Bolo de Fub\u00e1:<\/strong> <a href=\"https:\/\/portalfloresnoar.com\/floresnoar\/receita-de-bolo-de-fuba\/\" target=\"_blank\" rel=\"noopener\">https:\/\/portalfloresnoar.com\/floresnoar\/receita-de-bolo-de-fuba\/<\/a><br \/>\n<strong>Bolo integral de banana:<\/strong> <a href=\"https:\/\/portalfloresnoar.com\/floresnoar\/bolo-integral-de-banana\/\" target=\"_blank\" rel=\"noopener\">https:\/\/portalfloresnoar.com\/floresnoar\/bolo-integral-de-banana\/<\/a><\/p>\n","protected":false},"excerpt":{"rendered":"<p>|\u00a0Por\u00a0Menina Madura\u00a0| Faz tempo que queria passar uns dias experimentando retirar os latic\u00ednios de minha dieta alimentar. Pois bem, faz uma semana que consegui. A ideia, ainda, n\u00e3o \u00e9 radicalizar e parar total de comer queijos e ghee (leite e iogurtes j\u00e1 n\u00e3o consumo porque me d\u00e1 enxaqueca e muito muco). Mas t\u00f4 querendo sentir [&hellip;]<\/p>\n","protected":false},"author":1,"featured_media":31395,"comment_status":"open","ping_status":"open","sticky":false,"template":"","format":"standard","meta":{"om_disable_all_campaigns":false,"_monsterinsights_skip_tracking":false,"_monsterinsights_sitenote_active":false,"_monsterinsights_sitenote_note":"","_monsterinsights_sitenote_category":0,"footnotes":""},"categories":[220,224,376],"tags":[50,377,162],"acf":[],"publishpress_future_action":{"enabled":false,"date":"1969-12-31 21:00:00","action":"","terms":[],"taxonomy":"","browser_timezone_offset":0},"_links":{"self":[{"href":"https:\/\/portalfloresnoar.com\/floresnoar\/wp-json\/wp\/v2\/posts\/31387"}],"collection":[{"href":"https:\/\/portalfloresnoar.com\/floresnoar\/wp-json\/wp\/v2\/posts"}],"about":[{"href":"https:\/\/portalfloresnoar.com\/floresnoar\/wp-json\/wp\/v2\/types\/post"}],"author":[{"embeddable":true,"href":"https:\/\/portalfloresnoar.com\/floresnoar\/wp-json\/wp\/v2\/users\/1"}],"replies":[{"embeddable":true,"href":"https:\/\/portalfloresnoar.com\/floresnoar\/wp-json\/wp\/v2\/comments?post=31387"}],"version-history":[{"count":0,"href":"https:\/\/portalfloresnoar.com\/floresnoar\/wp-json\/wp\/v2\/posts\/31387\/revisions"}],"wp:featuredmedia":[{"embeddable":true,"href":"https:\/\/portalfloresnoar.com\/floresnoar\/wp-json\/wp\/v2\/media\/31395"}],"wp:attachment":[{"href":"https:\/\/portalfloresnoar.com\/floresnoar\/wp-json\/wp\/v2\/media?parent=31387"}],"wp:term":[{"taxonomy":"category","embeddable":true,"href":"https:\/\/portalfloresnoar.com\/floresnoar\/wp-json\/wp\/v2\/categories?post=31387"},{"taxonomy":"post_tag","embeddable":true,"href":"https:\/\/portalfloresnoar.com\/floresnoar\/wp-json\/wp\/v2\/tags?post=31387"}],"curies":[{"name":"wp","href":"https:\/\/api.w.org\/{rel}","templated":true}]}}