

{"id":31346,"date":"2017-08-31T11:23:36","date_gmt":"2017-08-31T14:23:36","guid":{"rendered":"http:\/\/portalfloresnoar.com\/floresnoar\/?p=31346"},"modified":"2017-11-17T14:51:26","modified_gmt":"2017-11-17T17:51:26","slug":"agenda-pe-grupo-de-estudo-afetivo-vivencial-os-contos-e-o-feminino-dia-1611-no-recife","status":"publish","type":"post","link":"https:\/\/portalfloresnoar.com\/floresnoar\/agenda-pe-grupo-de-estudo-afetivo-vivencial-os-contos-e-o-feminino-dia-1611-no-recife\/","title":{"rendered":"[AGENDA PE] &#8216;Grupo de Estudo Afetivo Vivencial: Os Contos e o Feminino&#8217; dia 16\/11 no Recife"},"content":{"rendered":"<p><img decoding=\"async\" loading=\"lazy\" class=\"aligncenter wp-image-31347\" src=\"http:\/\/portalfloresnoar.com\/floresnoar\/wp-content\/uploads\/2017\/10\/a-bela-adormecida_juliana-florencio.jpg\" alt=\"\" width=\"640\" height=\"789\" srcset=\"https:\/\/portalfloresnoar.com\/floresnoar\/wp-content\/uploads\/2017\/10\/a-bela-adormecida_juliana-florencio.jpg 700w, https:\/\/portalfloresnoar.com\/floresnoar\/wp-content\/uploads\/2017\/10\/a-bela-adormecida_juliana-florencio-244x300.jpg 244w, https:\/\/portalfloresnoar.com\/floresnoar\/wp-content\/uploads\/2017\/10\/a-bela-adormecida_juliana-florencio-568x700.jpg 568w\" sizes=\"(max-width: 640px) 100vw, 640px\" \/><\/p>\n<p>A psic\u00f3loga, arteterapeuta e consteladora Familiar Sist\u00eamica Juliana Florencio realiza o primeiro encontro do Grupo de Estudo Afetivo Vivencial: Os Contos e o Feminino no dia 16 de novembro, \u00e0s 19h, com o tema A Bela Adormecida.<\/p>\n<p>&#8220;O estudo do feminino, atrav\u00e9s dos contos, \u00e9 uma ferramenta rica para os processos de descobertas e transforma\u00e7\u00f5es. Neste encontro veremos A Bela Adormecida e faremos a leitura do conto a partir da perspectiva junguiana de Marie-Louise von Franz. Al\u00e9m do estudo, teremos uma viv\u00eancia arteterap\u00eautica sobre o tema&#8221;, explica a terapeuta.<\/p>\n<p><strong>Grupo de Estudo Afetivo Vivencial: Os Contos e o Feminino<\/strong><br \/>\n<strong>Tema:<\/strong> A Bela Adormecida<br \/>\n<strong>Dia:<\/strong> 16\/11\/2017<br \/>\n<strong>Hora:<\/strong> 19h<br \/>\n<strong>Local:<\/strong> Espa\u00e7o Psiqu\u00ea Recife &#8211; Rua Luiz Pimentel, 100 &#8211; Boa Viagem<br \/>\n<strong>Investimento:<\/strong> 100,00<br \/>\n<strong>Facilitadora:<\/strong> Juliana Florencio &#8211; psic\u00f3loga, arteterapeuta, consteladora familiar sist\u00eamica<br \/>\n<strong>Inscri\u00e7\u00f5es e mais informa\u00e7\u00f5es:<\/strong> (81) 99812-4921<\/p>\n","protected":false},"excerpt":{"rendered":"<p>A psic\u00f3loga, arteterapeuta e consteladora Familiar Sist\u00eamica Juliana Florencio realiza o primeiro encontro do Grupo de Estudo Afetivo Vivencial: Os Contos e o Feminino no dia 16 de novembro, \u00e0s 19h, com o tema A Bela Adormecida. &#8220;O estudo do feminino, atrav\u00e9s dos contos, \u00e9 uma ferramenta rica para os processos de descobertas e transforma\u00e7\u00f5es. [&hellip;]<\/p>\n","protected":false},"author":1,"featured_media":31349,"comment_status":"open","ping_status":"open","sticky":false,"template":"","format":"standard","meta":{"om_disable_all_campaigns":false,"_monsterinsights_skip_tracking":false,"_monsterinsights_sitenote_active":false,"_monsterinsights_sitenote_note":"","_monsterinsights_sitenote_category":0,"footnotes":""},"categories":[8,214],"tags":[79,622,137,22,304],"acf":[],"publishpress_future_action":{"enabled":false,"date":"1969-12-31 21:00:00","action":"","terms":[],"taxonomy":"","browser_timezone_offset":0},"_links":{"self":[{"href":"https:\/\/portalfloresnoar.com\/floresnoar\/wp-json\/wp\/v2\/posts\/31346"}],"collection":[{"href":"https:\/\/portalfloresnoar.com\/floresnoar\/wp-json\/wp\/v2\/posts"}],"about":[{"href":"https:\/\/portalfloresnoar.com\/floresnoar\/wp-json\/wp\/v2\/types\/post"}],"author":[{"embeddable":true,"href":"https:\/\/portalfloresnoar.com\/floresnoar\/wp-json\/wp\/v2\/users\/1"}],"replies":[{"embeddable":true,"href":"https:\/\/portalfloresnoar.com\/floresnoar\/wp-json\/wp\/v2\/comments?post=31346"}],"version-history":[{"count":0,"href":"https:\/\/portalfloresnoar.com\/floresnoar\/wp-json\/wp\/v2\/posts\/31346\/revisions"}],"wp:featuredmedia":[{"embeddable":true,"href":"https:\/\/portalfloresnoar.com\/floresnoar\/wp-json\/wp\/v2\/media\/31349"}],"wp:attachment":[{"href":"https:\/\/portalfloresnoar.com\/floresnoar\/wp-json\/wp\/v2\/media?parent=31346"}],"wp:term":[{"taxonomy":"category","embeddable":true,"href":"https:\/\/portalfloresnoar.com\/floresnoar\/wp-json\/wp\/v2\/categories?post=31346"},{"taxonomy":"post_tag","embeddable":true,"href":"https:\/\/portalfloresnoar.com\/floresnoar\/wp-json\/wp\/v2\/tags?post=31346"}],"curies":[{"name":"wp","href":"https:\/\/api.w.org\/{rel}","templated":true}]}}