

{"id":31312,"date":"2017-10-27T17:30:49","date_gmt":"2017-10-27T20:30:49","guid":{"rendered":"http:\/\/portalfloresnoar.com\/floresnoar\/?p=31312"},"modified":"2017-11-01T22:03:03","modified_gmt":"2017-11-02T01:03:03","slug":"agenda-pb-retiro-de-purificacao-integral-com-mestre-hori-dias-24-25-e-26-de-novembro","status":"publish","type":"post","link":"https:\/\/portalfloresnoar.com\/floresnoar\/agenda-pb-retiro-de-purificacao-integral-com-mestre-hori-dias-24-25-e-26-de-novembro\/","title":{"rendered":"[AGENDA PB] Retiro de Purifica\u00e7\u00e3o Integral com Mestre Hori dias 24, 25 e 26 de novembro, em Conde\/PB"},"content":{"rendered":"<p>&nbsp;<\/p>\n<p><img decoding=\"async\" loading=\"lazy\" class=\"aligncenter  wp-image-31373\" src=\"http:\/\/portalfloresnoar.com\/floresnoar\/wp-content\/uploads\/2017\/10\/Retiro-com-Mestre-Hori.jpg\" alt=\"\" width=\"600\" height=\"852\" srcset=\"https:\/\/portalfloresnoar.com\/floresnoar\/wp-content\/uploads\/2017\/10\/Retiro-com-Mestre-Hori.jpg 697w, https:\/\/portalfloresnoar.com\/floresnoar\/wp-content\/uploads\/2017\/10\/Retiro-com-Mestre-Hori-211x300.jpg 211w, https:\/\/portalfloresnoar.com\/floresnoar\/wp-content\/uploads\/2017\/10\/Retiro-com-Mestre-Hori-493x700.jpg 493w\" sizes=\"(max-width: 600px) 100vw, 600px\" \/><\/p>\n<p>O mestre de Yoga Horivaldo Gomes conduz nos dias 24, 25 e 26 de novembro de 2017, um Retiro de Purifica\u00e7\u00e3o Integral, no S\u00edtio Riacho Preto, em Conde, na Para\u00edba.\u00a0O encontro visa a purifica\u00e7\u00e3o do f\u00edsico, mental, emocional e\u00a0 espiritual para a chegada de um Novo Ano com a alma mais leve e plena. O s\u00edtio \u00e9 um lugar especial, com muito verde,\u00a0flores, nascente, riacho, trilha e muito Prana.<\/p>\n<p><strong>PROGRAMA\u00c7\u00c3O:<\/strong><br \/>\nYoga<br \/>\nViv\u00eancia na Mata<br \/>\nMedita\u00e7\u00e3o<br \/>\nYogaterapia<br \/>\nArgiloterapia<br \/>\nBanho de Rio<br \/>\nSanga na Fogueira<br \/>\nMantras<br \/>\nMassagem Indiana<\/p>\n<p><em>Horivaldo Gomes \u00e9 professor de yoga h\u00e1 mais de 30 anos, Refer\u00eancia em yogaterapia no Brasil, autor de v\u00e1rios livros, presidente da Associa\u00e7\u00e3o Nacional de Yoga Integral (ANYI) e fundador do Purna Ananda Ashram, em Vassouras\/RJ.<\/em><\/p>\n<p><strong>Retiro de Purifica\u00e7\u00e3o Integral com Mestre Hori<\/strong><br \/>\n<strong>Data:<\/strong>24, 25 e 26 de novembro de 2017<br \/>\n<strong>Local:<\/strong> S\u00edtio Riacho Preto, em Conde, na Para\u00edba<br \/>\n<strong>Valor:<\/strong> R$ 330,00 (refei\u00e7\u00f5es vegetarianas e pr\u00e1ticas inclusas (com exce\u00e7\u00e3o da massagem)<br \/>\n<strong>Hospedagem:<\/strong> quartos ou camping<br \/>\n<em>Vagas Limitadas!<\/em><\/p>\n<p>INSCRI\u00c7\u00d5ES E MAIS INFORMA\u00c7\u00d5ES<br \/>\n<strong>Fone:<\/strong> (83) 98731.0058<br \/>\n<strong>E-mail:<\/strong> milena.esther@hotmail.com<\/p>\n","protected":false},"excerpt":{"rendered":"<p>&nbsp; O mestre de Yoga Horivaldo Gomes conduz nos dias 24, 25 e 26 de novembro de 2017, um Retiro de Purifica\u00e7\u00e3o Integral, no S\u00edtio Riacho Preto, em Conde, na Para\u00edba.\u00a0O encontro visa a purifica\u00e7\u00e3o do f\u00edsico, mental, emocional e\u00a0 espiritual para a chegada de um Novo Ano com a alma mais leve e plena. [&hellip;]<\/p>\n","protected":false},"author":1,"featured_media":27272,"comment_status":"open","ping_status":"open","sticky":false,"template":"","format":"standard","meta":{"om_disable_all_campaigns":false,"_monsterinsights_skip_tracking":false,"_monsterinsights_sitenote_active":false,"_monsterinsights_sitenote_note":"","_monsterinsights_sitenote_category":0,"footnotes":""},"categories":[8,224,216],"tags":[396,21,165],"acf":[],"publishpress_future_action":{"enabled":false,"date":"1969-12-31 21:00:00","action":"","terms":[],"taxonomy":"","browser_timezone_offset":0},"_links":{"self":[{"href":"https:\/\/portalfloresnoar.com\/floresnoar\/wp-json\/wp\/v2\/posts\/31312"}],"collection":[{"href":"https:\/\/portalfloresnoar.com\/floresnoar\/wp-json\/wp\/v2\/posts"}],"about":[{"href":"https:\/\/portalfloresnoar.com\/floresnoar\/wp-json\/wp\/v2\/types\/post"}],"author":[{"embeddable":true,"href":"https:\/\/portalfloresnoar.com\/floresnoar\/wp-json\/wp\/v2\/users\/1"}],"replies":[{"embeddable":true,"href":"https:\/\/portalfloresnoar.com\/floresnoar\/wp-json\/wp\/v2\/comments?post=31312"}],"version-history":[{"count":0,"href":"https:\/\/portalfloresnoar.com\/floresnoar\/wp-json\/wp\/v2\/posts\/31312\/revisions"}],"wp:featuredmedia":[{"embeddable":true,"href":"https:\/\/portalfloresnoar.com\/floresnoar\/wp-json\/wp\/v2\/media\/27272"}],"wp:attachment":[{"href":"https:\/\/portalfloresnoar.com\/floresnoar\/wp-json\/wp\/v2\/media?parent=31312"}],"wp:term":[{"taxonomy":"category","embeddable":true,"href":"https:\/\/portalfloresnoar.com\/floresnoar\/wp-json\/wp\/v2\/categories?post=31312"},{"taxonomy":"post_tag","embeddable":true,"href":"https:\/\/portalfloresnoar.com\/floresnoar\/wp-json\/wp\/v2\/tags?post=31312"}],"curies":[{"name":"wp","href":"https:\/\/api.w.org\/{rel}","templated":true}]}}