

{"id":31276,"date":"2017-08-20T12:09:44","date_gmt":"2017-08-20T15:09:44","guid":{"rendered":"http:\/\/portalfloresnoar.com\/floresnoar\/?p=31276"},"modified":"2017-11-09T21:57:58","modified_gmt":"2017-11-10T00:57:58","slug":"agenda-pe-mostra-prato-de-artista-neste-sabado-na-maumau-galeria","status":"publish","type":"post","link":"https:\/\/portalfloresnoar.com\/floresnoar\/agenda-pe-mostra-prato-de-artista-neste-sabado-na-maumau-galeria\/","title":{"rendered":"[AGENDA PE] Mostra Prato de Artista em cartaz na Maumau Galeria at\u00e9 10\/11"},"content":{"rendered":"<p><img decoding=\"async\" loading=\"lazy\" class=\"aligncenter size-full wp-image-31279\" src=\"http:\/\/portalfloresnoar.com\/floresnoar\/wp-content\/uploads\/2017\/10\/cartaz-prato-de-artista.jpg\" alt=\"\" width=\"650\" height=\"910\" srcset=\"https:\/\/portalfloresnoar.com\/floresnoar\/wp-content\/uploads\/2017\/10\/cartaz-prato-de-artista.jpg 650w, https:\/\/portalfloresnoar.com\/floresnoar\/wp-content\/uploads\/2017\/10\/cartaz-prato-de-artista-214x300.jpg 214w, https:\/\/portalfloresnoar.com\/floresnoar\/wp-content\/uploads\/2017\/10\/cartaz-prato-de-artista-500x700.jpg 500w\" sizes=\"(max-width: 650px) 100vw, 650px\" \/><\/p>\n<p>A Maumau abriu no dia 28\/10 a Mostra Prato de Artista. A exposi\u00e7\u00e3o apresenta trabalhos in\u00e9ditos, entre outros j\u00e1 conhecidos, das artistas Bia Melo, Clara Moreira, Joana Liberal e Simone Mendes. S\u00e3o instala\u00e7\u00f5es, colagens, desenhos e pinturas.<\/p>\n<p>Al\u00e9m das obras, a mostra apresenta vinhetas das artistas ao lado de Fabiane Valente, chef de cozinha, que nos d\u00e1 dicas de culin\u00e1ria.<\/p>\n<p>A mostra conta ainda com produtos exclusivos elaborados pela Gr\u00e1fica Lenta. Jogos americanos, panos de prato, toalhas de mesa&#8230;etc.<\/p>\n<p>Em cartaz at\u00e9 o dia 10 de novembro, os artistas da maumau prometem ocupar a cozinha, em dias alternados, com almo\u00e7os, jantares, ch\u00e1s da tarde e at\u00e9 caf\u00e9 da manh\u00e3.<\/p>\n<figure id=\"attachment_31278\" aria-describedby=\"caption-attachment-31278\" style=\"width: 223px\" class=\"wp-caption alignleft\"><img decoding=\"async\" loading=\"lazy\" class=\"wp-image-31278\" src=\"http:\/\/portalfloresnoar.com\/floresnoar\/wp-content\/uploads\/2017\/10\/Bia-Melo.jpg\" alt=\"\" width=\"223\" height=\"223\" srcset=\"https:\/\/portalfloresnoar.com\/floresnoar\/wp-content\/uploads\/2017\/10\/Bia-Melo.jpg 500w, https:\/\/portalfloresnoar.com\/floresnoar\/wp-content\/uploads\/2017\/10\/Bia-Melo-150x150.jpg 150w, https:\/\/portalfloresnoar.com\/floresnoar\/wp-content\/uploads\/2017\/10\/Bia-Melo-300x300.jpg 300w, https:\/\/portalfloresnoar.com\/floresnoar\/wp-content\/uploads\/2017\/10\/Bia-Melo-100x100.jpg 100w\" sizes=\"(max-width: 223px) 100vw, 223px\" \/><figcaption id=\"caption-attachment-31278\" class=\"wp-caption-text\">A artista Bia Melo \u00e9 uma das participantes da Mostra<\/figcaption><\/figure>\n<p>A Mostra faz parte do Cozinha de Quintal e conta com o apoio do Funcultura. O projeto realizou a oficina Ecogastronomia, numa parceria entre a Maumau e o Centro Nordestino de Medicina Popular e implantou uma horta que segue em manuten\u00e7\u00e3o pelos artistas da casa.<\/p>\n<p>O Cozinha de Quintal tem coordena\u00e7\u00e3o de Irma Brown, produ\u00e7\u00e3o de Daniela Azevedo e conta com arte da designer Daniela Brilhante.<\/p>\n<p>&nbsp;<\/p>\n<p>EXPOSI\u00c7\u00c3O PRATO DE ARTISTA<\/p>\n<p><strong>Local:<\/strong>\u00a0Maumau Galeria &#8211; Rua Nicar\u00e1gua, 173, Espinheiro, Recife\/PE<\/p>\n<p><strong>Visita\u00e7\u00e3o:<\/strong><br \/>\nS\u00e1bado \/Domingo: 15h \u00e0s 18h<br \/>\nTer\u00e7a: 10h \u00e0s 20h<br \/>\nOutros dias: hor\u00e1rios ainda em abertos\/ visita\u00e7\u00e3o agendada<\/p>\n<p><strong>Mais informa\u00e7\u00f5es:<\/strong><br \/>\n<strong>Fones:<\/strong> 986617559 (Irma Brown)\/ 98511-0704 (Bia Melo) \/ 9931- 0821 (Ronaldo Fonseca)<br \/>\n<strong>Evento no facebook:<\/strong> <a href=\"https:\/\/www.facebook.com\/events\/860160800824047\/\" target=\"_blank\" rel=\"noopener\">https:\/\/www.facebook.com\/events\/860160800824047\/<\/a><\/p>\n","protected":false},"excerpt":{"rendered":"<p>A Maumau abriu no dia 28\/10 a Mostra Prato de Artista. A exposi\u00e7\u00e3o apresenta trabalhos in\u00e9ditos, entre outros j\u00e1 conhecidos, das artistas Bia Melo, Clara Moreira, Joana Liberal e Simone Mendes. S\u00e3o instala\u00e7\u00f5es, colagens, desenhos e pinturas. Al\u00e9m das obras, a mostra apresenta vinhetas das artistas ao lado de Fabiane Valente, chef de cozinha, que [&hellip;]<\/p>\n","protected":false},"author":1,"featured_media":31277,"comment_status":"open","ping_status":"open","sticky":false,"template":"","format":"standard","meta":{"om_disable_all_campaigns":false,"_monsterinsights_skip_tracking":false,"_monsterinsights_sitenote_active":false,"_monsterinsights_sitenote_note":"","_monsterinsights_sitenote_category":0,"footnotes":""},"categories":[8,214],"tags":[332],"acf":[],"publishpress_future_action":{"enabled":false,"date":"1969-12-31 21:00:00","action":"","terms":[],"taxonomy":"","browser_timezone_offset":0},"_links":{"self":[{"href":"https:\/\/portalfloresnoar.com\/floresnoar\/wp-json\/wp\/v2\/posts\/31276"}],"collection":[{"href":"https:\/\/portalfloresnoar.com\/floresnoar\/wp-json\/wp\/v2\/posts"}],"about":[{"href":"https:\/\/portalfloresnoar.com\/floresnoar\/wp-json\/wp\/v2\/types\/post"}],"author":[{"embeddable":true,"href":"https:\/\/portalfloresnoar.com\/floresnoar\/wp-json\/wp\/v2\/users\/1"}],"replies":[{"embeddable":true,"href":"https:\/\/portalfloresnoar.com\/floresnoar\/wp-json\/wp\/v2\/comments?post=31276"}],"version-history":[{"count":0,"href":"https:\/\/portalfloresnoar.com\/floresnoar\/wp-json\/wp\/v2\/posts\/31276\/revisions"}],"wp:featuredmedia":[{"embeddable":true,"href":"https:\/\/portalfloresnoar.com\/floresnoar\/wp-json\/wp\/v2\/media\/31277"}],"wp:attachment":[{"href":"https:\/\/portalfloresnoar.com\/floresnoar\/wp-json\/wp\/v2\/media?parent=31276"}],"wp:term":[{"taxonomy":"category","embeddable":true,"href":"https:\/\/portalfloresnoar.com\/floresnoar\/wp-json\/wp\/v2\/categories?post=31276"},{"taxonomy":"post_tag","embeddable":true,"href":"https:\/\/portalfloresnoar.com\/floresnoar\/wp-json\/wp\/v2\/tags?post=31276"}],"curies":[{"name":"wp","href":"https:\/\/api.w.org\/{rel}","templated":true}]}}