

{"id":31235,"date":"2017-08-31T07:30:25","date_gmt":"2017-08-31T10:30:25","guid":{"rendered":"http:\/\/portalfloresnoar.com\/floresnoar\/?p=31235"},"modified":"2017-11-18T15:47:49","modified_gmt":"2017-11-18T18:47:49","slug":"agenda-pe-especializacao-em-psicologia-junguiana-tem-inicio-no-dia-1811-no-recife","status":"publish","type":"post","link":"https:\/\/portalfloresnoar.com\/floresnoar\/agenda-pe-especializacao-em-psicologia-junguiana-tem-inicio-no-dia-1811-no-recife\/","title":{"rendered":"[AGENDA PE] Especializa\u00e7\u00e3o em Psicologia Junguiana tem in\u00edcio no dia 18\/11 no Recife"},"content":{"rendered":"<p><img decoding=\"async\" loading=\"lazy\" class=\" wp-image-31238 alignleft\" src=\"http:\/\/portalfloresnoar.com\/floresnoar\/wp-content\/uploads\/2017\/10\/especializacao-jung-recife.jpg\" alt=\"\" width=\"259\" height=\"365\" srcset=\"https:\/\/portalfloresnoar.com\/floresnoar\/wp-content\/uploads\/2017\/10\/especializacao-jung-recife.jpg 400w, https:\/\/portalfloresnoar.com\/floresnoar\/wp-content\/uploads\/2017\/10\/especializacao-jung-recife-213x300.jpg 213w\" sizes=\"(max-width: 259px) 100vw, 259px\" \/>Tem in\u00edcio nos dias 18 e 19 de novembro de 2017, no Recife, o I m\u00f3dulo da nova turma da Especializa\u00e7\u00e3o em Psicologia Junguiana com Enfoque na Pr\u00e1tica Cl\u00ednica, voltada a profissionais graduados que atuem nas \u00e1reas de Sa\u00fade e\/ou Educa\u00e7\u00e3o. As aulas ser\u00e3o realizadas durante um final de semana por m\u00eas (nos terceiros fins de semana de cada m\u00eas), na sede do Instituto de Desenvolvimento Educacional (IDE-Recife).<\/p>\n<p>O curso (p\u00f3s gradua\u00e7\u00e3o latu senso) tem como objetivo possibilitar conhecimento te\u00f3rico e pr\u00e1tico da Psicologia Junguiana, com enfoque na pr\u00e1tica cl\u00ednica, para viabilizar a atua\u00e7\u00e3o profissional de acordo com a abordagem Junguiana, nas \u00e1reas de sa\u00fade e\/ou educa\u00e7\u00e3o, de maneira qualificada. Ao todo, a especializa\u00e7\u00e3o conta com 18 m\u00f3dulos.<\/p>\n<p><strong>In\u00edcio (primeiro m\u00f3dulo):<\/strong> 18 e 19 de novembro de 2017<br \/>\nAulas aos s\u00e1bados e domingos<br \/>\nS\u00e1bado das 8h \u00e0s 18h<br \/>\nDomingo das 8h \u00e0s 17h<\/p>\n<p><em>Obs.1: Est\u00e1gio optativo ao final do curso<\/em><br \/>\n<em> Obs.2: Durante as aulas acontecem tamb\u00e9m supervis\u00f5es em grupo a partir do terceiro m\u00f3dulo.<\/em><\/p>\n<p><strong>Coordena\u00e7\u00e3o administrativa:<\/strong> Ide Cursos.<br \/>\n<strong>Coordena\u00e7\u00e3o pedag\u00f3gica:<\/strong> Alessandra Guimar\u00e3es, L\u00edvia Campello, Manuelle Andreani e Sayuri Matsumiya.<\/p>\n<p>INSCRI\u00c7\u00d5ES E MAIS INFORMA\u00c7\u00d5ES<br \/>\n<strong>Site:<\/strong> <a href=\"http:\/\/www.idecursos.com.br\/\">www.idecursos.com.br<\/a><br \/>\n<strong>Telefone:<\/strong> 3465.0002<\/p>\n<p><em>CONFIRA ABAIXO ENTREVISTA COM A COORDENA\u00c7\u00c3O DA ESPECIALIZA\u00c7\u00c3O EM PSICOLOGIA JUNGUIANA COM ENFOQUE NA PR\u00c1TICA CL\u00cdNICA!<\/em><\/p>\n<figure id=\"attachment_31241\" aria-describedby=\"caption-attachment-31241\" style=\"width: 651px\" class=\"wp-caption alignnone\"><img decoding=\"async\" loading=\"lazy\" class=\"wp-image-31241\" src=\"http:\/\/portalfloresnoar.com\/floresnoar\/wp-content\/uploads\/2017\/10\/pos-jung-recife.jpeg\" alt=\"\" width=\"651\" height=\"344\" srcset=\"https:\/\/portalfloresnoar.com\/floresnoar\/wp-content\/uploads\/2017\/10\/pos-jung-recife.jpeg 755w, https:\/\/portalfloresnoar.com\/floresnoar\/wp-content\/uploads\/2017\/10\/pos-jung-recife-300x159.jpeg 300w, https:\/\/portalfloresnoar.com\/floresnoar\/wp-content\/uploads\/2017\/10\/pos-jung-recife-700x370.jpeg 700w\" sizes=\"(max-width: 651px) 100vw, 651px\" \/><figcaption id=\"caption-attachment-31241\" class=\"wp-caption-text\">Coordenadoras do curso: L\u00edvia Campello, Manuelle Andreani, Alessandra Guimar\u00e3es e Sayuri Matsumiya<\/figcaption><\/figure>\n<p><strong>Como surgiu a ideia de oferecer o curso de Especializa\u00e7\u00e3o em Psicologia Junguiana com Enfoque na Pr\u00e1tica Cl\u00ednica ?<\/strong><br \/>\nSurgiu a partir de um desejo nosso de contribuir de alguma maneira para uma amplia\u00e7\u00e3o no acesso ao aprofundamento da abordagem junguiana no estado. Apesar de ser um te\u00f3rico muito importante para a hist\u00f3ria da psicologia, Jung ainda \u00e9 muito pouco visto nas universidades, mas o interesse pelo pensamento dele vem crescendo cada vez mais, em diversas \u00e1reas. N\u00f3s fizemos parte da primeira turma de Recife da Especializa\u00e7\u00e3o em Teoria e Pr\u00e1tica Junguiana que foi oferecida pela Universidade Veiga de Almeida (de 2007 a 2009). Atualmente estamos fazendo uma Forma\u00e7\u00e3o de Analista Junguiano no Instituto de Psicologia Anal\u00edtica da Bahia, em Salvador.<br \/>\nAs pessoas interessadas na abordagem junguiana acabam buscando conhecimento atrav\u00e9s de cursos menores, ou como auto-didatas, como n\u00f3s mesmas fizemos no in\u00edcio. Surgiu ent\u00e3o, em 2016, a proposta de parceria com o IDE (Instituto de Desenvolvimento Educacional). A procura pela abordagem junguiana vem crescendo, por este motivo uma segunda turma est\u00e1 sendo formada e tem previs\u00e3o de in\u00edcio em 18 de novembro de 2017.<\/p>\n<p><strong>A quem se destina a especializa\u00e7\u00e3o?<\/strong><br \/>\nA profissionais graduados que atuem nas \u00e1reas de sa\u00fade e\/ou educa\u00e7\u00e3o. Nossa id\u00e9ia \u00e9 oferecer um embasamento para a pr\u00e1tica profissional exercida pelo vi\u00e9s da abordagem. O curso ter\u00e1 um enfoque cl\u00ednico, trazendo temas e quest\u00f5es relacionadas a vis\u00e3o e ao manejo do profissional no contexto da pr\u00e1tica cl\u00ednica.<\/p>\n<p><strong>Como vai funcionar o curso?<\/strong><br \/>\nSer\u00e3o oferecidos 18 m\u00f3dulos te\u00f3ricos mensais, com aulas nos s\u00e1bados e domingos, uma vez por m\u00eas. Ao final desses m\u00f3dulos haver\u00e1 a possibilidade de o(a) aluno(a) fazer um est\u00e1gio optativo durante 4 meses, numa cl\u00ednica de sa\u00fade mental que atua com base na psicologia anal\u00edtica. Tamb\u00e9m haver\u00e1 supervis\u00e3o cl\u00ednica ao longo do curso, com discuss\u00e3o dos casos trazidos pelos alunos. Al\u00e9m de professores de Recife, tamb\u00e9m convidaremos professores de outros estados para dar m\u00f3dulos do curso.<\/p>\n<p><strong>Como pode ser feito o processo de inscri\u00e7\u00e3o e matr\u00edcula?<\/strong><br \/>\nPelo site:<a href=\"http:\/\/www.idecursos.com.br\/\" target=\"_blank\" rel=\"noopener\"> www.idecursos.com.br<\/a><br \/>\nOu pelo telefone: 3465.0002<\/p>\n<p><strong>CURR\u00cdCULO DAS COORDENADORAS DO CURSO:<\/strong><\/p>\n<p>ALESSANDRA GUIMAR\u00c3ES<br \/>\nPsic\u00f3loga CRP 02\/13530<br \/>\nEspecialista em Teoria e Pr\u00e1tica Junguiana<br \/>\nArteterapeuta<br \/>\nFacilitadora de SoulCollage(R)<br \/>\nAnalista Junguiana (em forma\u00e7\u00e3o) pelo Instituto de Psicologia Anal\u00edtica da Bahia &#8211; Filiado \u00e0 Associa\u00e7\u00e3o Junguiana do Brasil (AJB) e \u00e0 International Association for Analitical Psycology (IAP)<br \/>\nAtividades: atende crian\u00e7as, adolescentes e adultos.Realiza Orienta\u00e7\u00e3o profissional individual, grupos e oficinas arteterap\u00eauticas. Supervis\u00e3o em Arteterapia e Psicologia Anal\u00edtica.<\/p>\n<p>L\u00cdVIA CAMPELLO<br \/>\nPsic\u00f3loga CRP 02\/12858<br \/>\nArteterapeuta<br \/>\nEspecialista em Teoria e Pr\u00e1tica Junguiana &#8211; Especialista em Sa\u00fade Mental<br \/>\nFacilitadora de SoulCollage(R)<br \/>\nAnalista Junguiana (em forma\u00e7\u00e3o) pelo Instituto de Psicologia Anal\u00edtica da Bahia &#8211; Filiado \u00e0 Associa\u00e7\u00e3o Junguiana do Brasil (AJB) e \u00e0 International Association for Analitical Psycology (IAP)<br \/>\nAtividades: atende crian\u00e7as, adolescentes e adultos. Supervis\u00e3o em Arteterapia e Psicologia Anal\u00edtica.<\/p>\n<p>MANUELLE ANDREANI<br \/>\nPsic\u00f3loga CRP 02\/12595<br \/>\nEspecialista em Teoria e Pr\u00e1tica Junguiana<br \/>\nArteterapeuta<br \/>\nConsteladora familiar<br \/>\nFacilitadora de SoulCollage(R)<br \/>\nAnalista Junguiana (em forma\u00e7\u00e3o) pelo Instituto de Psicologia Anal\u00edtica da Bahia &#8211; Filiado \u00e0 Associa\u00e7\u00e3o Junguiana do Brasil (AJB) e \u00e0 International Association for Analitical Psycology (IAP).<\/p>\n<p>SAYURI MATSUMIYA<br \/>\nPsic\u00f3loga CRP 02\/13207<br \/>\nEspecialista em Teoria e Pr\u00e1tica Junguiana<br \/>\nArteterapeuta<br \/>\nFacilitadora de SoulCollage(R)<br \/>\nAnalista Junguiana (em forma\u00e7\u00e3o) pelo Instituto de Psicologia Anal\u00edtica da Bahia &#8211; Filiado \u00e0 Associa\u00e7\u00e3o Junguiana do Brasil (AJB) e \u00e0 International Association for Analitical Psycology (IAP)<br \/>\nAtividades:atende adolescentes e adultos. Supervis\u00e3o em Arteterapia e Psicologia Anal\u00edtica.<\/p>\n","protected":false},"excerpt":{"rendered":"<p>Tem in\u00edcio nos dias 18 e 19 de novembro de 2017, no Recife, o I m\u00f3dulo da nova turma da Especializa\u00e7\u00e3o em Psicologia Junguiana com Enfoque na Pr\u00e1tica Cl\u00ednica, voltada a profissionais graduados que atuem nas \u00e1reas de Sa\u00fade e\/ou Educa\u00e7\u00e3o. As aulas ser\u00e3o realizadas durante um final de semana por m\u00eas (nos terceiros fins [&hellip;]<\/p>\n","protected":false},"author":1,"featured_media":31242,"comment_status":"open","ping_status":"open","sticky":false,"template":"","format":"standard","meta":{"om_disable_all_campaigns":false,"_monsterinsights_skip_tracking":false,"_monsterinsights_sitenote_active":false,"_monsterinsights_sitenote_note":"","_monsterinsights_sitenote_category":0,"footnotes":""},"categories":[8,214],"tags":[167,592,60,618],"acf":[],"publishpress_future_action":{"enabled":false,"date":"1969-12-31 21:00:00","action":"","terms":[],"taxonomy":"","browser_timezone_offset":0},"_links":{"self":[{"href":"https:\/\/portalfloresnoar.com\/floresnoar\/wp-json\/wp\/v2\/posts\/31235"}],"collection":[{"href":"https:\/\/portalfloresnoar.com\/floresnoar\/wp-json\/wp\/v2\/posts"}],"about":[{"href":"https:\/\/portalfloresnoar.com\/floresnoar\/wp-json\/wp\/v2\/types\/post"}],"author":[{"embeddable":true,"href":"https:\/\/portalfloresnoar.com\/floresnoar\/wp-json\/wp\/v2\/users\/1"}],"replies":[{"embeddable":true,"href":"https:\/\/portalfloresnoar.com\/floresnoar\/wp-json\/wp\/v2\/comments?post=31235"}],"version-history":[{"count":0,"href":"https:\/\/portalfloresnoar.com\/floresnoar\/wp-json\/wp\/v2\/posts\/31235\/revisions"}],"wp:featuredmedia":[{"embeddable":true,"href":"https:\/\/portalfloresnoar.com\/floresnoar\/wp-json\/wp\/v2\/media\/31242"}],"wp:attachment":[{"href":"https:\/\/portalfloresnoar.com\/floresnoar\/wp-json\/wp\/v2\/media?parent=31235"}],"wp:term":[{"taxonomy":"category","embeddable":true,"href":"https:\/\/portalfloresnoar.com\/floresnoar\/wp-json\/wp\/v2\/categories?post=31235"},{"taxonomy":"post_tag","embeddable":true,"href":"https:\/\/portalfloresnoar.com\/floresnoar\/wp-json\/wp\/v2\/tags?post=31235"}],"curies":[{"name":"wp","href":"https:\/\/api.w.org\/{rel}","templated":true}]}}