

{"id":31011,"date":"2017-10-11T05:42:39","date_gmt":"2017-10-11T08:42:39","guid":{"rendered":"https:\/\/portalfloresnoar.com\/floresnoar\/?p=31011"},"modified":"2022-02-04T16:19:11","modified_gmt":"2022-02-04T19:19:11","slug":"kelly-saura-o-voo-dos-passaros","status":"publish","type":"post","link":"https:\/\/portalfloresnoar.com\/floresnoar\/kelly-saura-o-voo-dos-passaros\/","title":{"rendered":"[A MULHER N\u00d4MADE] O v\u00f4o dos p\u00e1ssaros"},"content":{"rendered":"<p><iframe loading=\"lazy\" src=\"https:\/\/player.vimeo.com\/video\/234514653\" width=\"500\" height=\"281\" frameborder=\"0\" title=\"o v&ocirc;o dos p&aacute;ssaros\" webkitallowfullscreen mozallowfullscreen allowfullscreen><\/iframe><\/p>\n<p>Ter asas em aerof\u00f3lio.<br \/>\nA estrutura necess\u00e1ria para poder voar.<\/p>\n<p><em>Por Kelly Saura<\/em><br \/>\n<em> mulher, n\u00f4made (Recife-Brasil, 1986)<\/em><br \/>\n<em> artista visual, designer, curadora<\/em><br \/>\n<em> desenvolve e colabora com projetos culturais e sociais de m\u00eddia-t\u00e1tica<\/em><br \/>\n<em> articula tecnologias e linguagens do tempo<\/em><\/p>\n<p><strong>E-mail:<\/strong> Kellysaura@gmail.com<br \/>\n<strong>Instagram:<\/strong> <a href=\"https:\/\/www.instagram.com\/saura.kelly\/\" target=\"_blank\" rel=\"noopener\">@saura.kelly<\/a><\/p>\n","protected":false},"excerpt":{"rendered":"<p>Ter asas em aerof\u00f3lio. A estrutura necess\u00e1ria para poder voar. Por Kelly Saura mulher, n\u00f4made (Recife-Brasil, 1986) artista visual, designer, curadora desenvolve e colabora com projetos culturais e sociais de m\u00eddia-t\u00e1tica articula tecnologias e linguagens do tempo E-mail: Kellysaura@gmail.com Instagram: @saura.kelly<\/p>\n","protected":false},"author":299,"featured_media":31029,"comment_status":"open","ping_status":"open","sticky":false,"template":"","format":"standard","meta":{"om_disable_all_campaigns":false,"_monsterinsights_skip_tracking":false,"_monsterinsights_sitenote_active":false,"_monsterinsights_sitenote_note":"","_monsterinsights_sitenote_category":0,"footnotes":""},"categories":[1092,220],"tags":[426],"acf":[],"publishpress_future_action":{"enabled":false,"date":"1969-12-31 21:00:00","action":"","terms":[],"taxonomy":"","browser_timezone_offset":0},"_links":{"self":[{"href":"https:\/\/portalfloresnoar.com\/floresnoar\/wp-json\/wp\/v2\/posts\/31011"}],"collection":[{"href":"https:\/\/portalfloresnoar.com\/floresnoar\/wp-json\/wp\/v2\/posts"}],"about":[{"href":"https:\/\/portalfloresnoar.com\/floresnoar\/wp-json\/wp\/v2\/types\/post"}],"author":[{"embeddable":true,"href":"https:\/\/portalfloresnoar.com\/floresnoar\/wp-json\/wp\/v2\/users\/299"}],"replies":[{"embeddable":true,"href":"https:\/\/portalfloresnoar.com\/floresnoar\/wp-json\/wp\/v2\/comments?post=31011"}],"version-history":[{"count":0,"href":"https:\/\/portalfloresnoar.com\/floresnoar\/wp-json\/wp\/v2\/posts\/31011\/revisions"}],"wp:featuredmedia":[{"embeddable":true,"href":"https:\/\/portalfloresnoar.com\/floresnoar\/wp-json\/wp\/v2\/media\/31029"}],"wp:attachment":[{"href":"https:\/\/portalfloresnoar.com\/floresnoar\/wp-json\/wp\/v2\/media?parent=31011"}],"wp:term":[{"taxonomy":"category","embeddable":true,"href":"https:\/\/portalfloresnoar.com\/floresnoar\/wp-json\/wp\/v2\/categories?post=31011"},{"taxonomy":"post_tag","embeddable":true,"href":"https:\/\/portalfloresnoar.com\/floresnoar\/wp-json\/wp\/v2\/tags?post=31011"}],"curies":[{"name":"wp","href":"https:\/\/api.w.org\/{rel}","templated":true}]}}