

{"id":30893,"date":"2017-09-22T13:49:42","date_gmt":"2017-09-22T16:49:42","guid":{"rendered":"https:\/\/portalfloresnoar.com\/floresnoar\/?p=30893"},"modified":"2022-02-22T13:21:13","modified_gmt":"2022-02-22T16:21:13","slug":"canto-de-lu-vem-primavera","status":"publish","type":"post","link":"https:\/\/portalfloresnoar.com\/floresnoar\/canto-de-lu-vem-primavera\/","title":{"rendered":"[CANTO DE LU] Vem, Primavera!"},"content":{"rendered":"<p>|<em> Por Lu Rabelo*<\/em> |<\/p>\n<p>\u00c0s 17h02 deste 22 de setembro de 2017, o Sol entra no signo de Libra, marcando o in\u00edcio da Primavera.<\/p>\n<p>Pensei em escrever um texto falando do processo de limpeza que tem me acompanhado nesse per\u00edodo pr\u00e9-primavera; dessa necessidade de me desfazer de coisas e energias que n\u00e3o me servem mais&#8230;<\/p>\n<p>Mas neste coco, que compus h\u00e1 uns poucos anos, t\u00e1 resumidamente tudo que quero dizer.<\/p>\n<p><strong>PRIMAVERA<\/strong><br \/>\n(Lu Rabelo)<\/p>\n<p><em>Vou ali<\/em><br \/>\n<em> que \u00e9 Primavera<\/em><br \/>\n<em> limpar tudo o que restou<\/em><br \/>\n<em> e que j\u00e1 n\u00e3o serve mais<\/em><\/p>\n<p><em>Eu vou seguir um novo caminho<\/em><br \/>\n<em> vou curar o meu cora\u00e7\u00e3o<\/em><br \/>\n<em> vou me abrir a toda mudan\u00e7a<\/em><br \/>\n<em> e pedir \u00e0 M\u00e3e prote\u00e7\u00e3o<\/em><\/p>\n<p><em>Eu vou cantar<\/em><br \/>\n<em> feito um passarinho<\/em><br \/>\n<em> me balan\u00e7ar<\/em><br \/>\n<em> como onda do Mar<\/em><br \/>\n<em> vou aprender que a vida \u00e9 agora<\/em><br \/>\n<em> e me entregar \u00e0 transforma\u00e7\u00e3o<\/em><\/p>\n<p><em>T\u00f4 preparada pode chegar<\/em><br \/>\n<em> que os meus Guias v\u00e3o me apoiar<\/em><\/p>\n<p><em>Vem, Primavera!\u00a0<\/em><\/p>\n<p><em>* Lu Rabelo\u00a0\u00e9\u00a0<a href=\"https:\/\/www.facebook.com\/cantadeiralu\" target=\"_blank\" rel=\"noopener\">cantadeira<\/a>,\u00a0<a href=\"https:\/\/www.instagram.com\/jardimarteterapeutico\/\" target=\"_blank\" rel=\"noopener\">arteterapeuta<\/a>, jornalista e editora do\u00a0<a href=\"http:\/\/portalfloresnoar.com\/\" target=\"_blank\" rel=\"noopener\">Portal Flores no Ar.<\/a><\/em><\/p>\n","protected":false},"excerpt":{"rendered":"<p>| Por Lu Rabelo* | \u00c0s 17h02 deste 22 de setembro de 2017, o Sol entra no signo de Libra, marcando o in\u00edcio da Primavera. Pensei em escrever um texto falando do processo de limpeza que tem me acompanhado nesse per\u00edodo pr\u00e9-primavera; dessa necessidade de me desfazer de coisas e energias que n\u00e3o me servem [&hellip;]<\/p>\n","protected":false},"author":1,"featured_media":22267,"comment_status":"open","ping_status":"open","sticky":false,"template":"","format":"standard","meta":{"om_disable_all_campaigns":false,"_monsterinsights_skip_tracking":false,"_monsterinsights_sitenote_active":false,"_monsterinsights_sitenote_note":"","_monsterinsights_sitenote_category":0,"footnotes":""},"categories":[227,220],"tags":[591,31],"acf":[],"publishpress_future_action":{"enabled":false,"date":"1969-12-31 21:00:00","action":"","terms":[],"taxonomy":"","browser_timezone_offset":0},"_links":{"self":[{"href":"https:\/\/portalfloresnoar.com\/floresnoar\/wp-json\/wp\/v2\/posts\/30893"}],"collection":[{"href":"https:\/\/portalfloresnoar.com\/floresnoar\/wp-json\/wp\/v2\/posts"}],"about":[{"href":"https:\/\/portalfloresnoar.com\/floresnoar\/wp-json\/wp\/v2\/types\/post"}],"author":[{"embeddable":true,"href":"https:\/\/portalfloresnoar.com\/floresnoar\/wp-json\/wp\/v2\/users\/1"}],"replies":[{"embeddable":true,"href":"https:\/\/portalfloresnoar.com\/floresnoar\/wp-json\/wp\/v2\/comments?post=30893"}],"version-history":[{"count":0,"href":"https:\/\/portalfloresnoar.com\/floresnoar\/wp-json\/wp\/v2\/posts\/30893\/revisions"}],"wp:featuredmedia":[{"embeddable":true,"href":"https:\/\/portalfloresnoar.com\/floresnoar\/wp-json\/wp\/v2\/media\/22267"}],"wp:attachment":[{"href":"https:\/\/portalfloresnoar.com\/floresnoar\/wp-json\/wp\/v2\/media?parent=30893"}],"wp:term":[{"taxonomy":"category","embeddable":true,"href":"https:\/\/portalfloresnoar.com\/floresnoar\/wp-json\/wp\/v2\/categories?post=30893"},{"taxonomy":"post_tag","embeddable":true,"href":"https:\/\/portalfloresnoar.com\/floresnoar\/wp-json\/wp\/v2\/tags?post=30893"}],"curies":[{"name":"wp","href":"https:\/\/api.w.org\/{rel}","templated":true}]}}