

{"id":30850,"date":"2017-07-16T07:39:47","date_gmt":"2017-07-16T10:39:47","guid":{"rendered":"https:\/\/portalfloresnoar.com\/floresnoar\/?p=30850"},"modified":"2017-11-01T21:58:04","modified_gmt":"2017-11-02T00:58:04","slug":"agenda-pe-jornada-criativa-da-lua-tem-inicio-no-dia-1910-no-recife","status":"publish","type":"post","link":"https:\/\/portalfloresnoar.com\/floresnoar\/agenda-pe-jornada-criativa-da-lua-tem-inicio-no-dia-1910-no-recife\/","title":{"rendered":"[AGENDA PE] Jornada Criativa da Lua com os Florais da Amaz\u00f4nia nesta sexta!"},"content":{"rendered":"<p>&nbsp;<\/p>\n<p><img decoding=\"async\" loading=\"lazy\" class=\"aligncenter wp-image-30922\" src=\"http:\/\/portalfloresnoar.com\/floresnoar\/wp-content\/uploads\/2017\/09\/jornada-da-lua.jpg\" alt=\"\" width=\"653\" height=\"653\" srcset=\"https:\/\/portalfloresnoar.com\/floresnoar\/wp-content\/uploads\/2017\/09\/jornada-da-lua.jpg 700w, https:\/\/portalfloresnoar.com\/floresnoar\/wp-content\/uploads\/2017\/09\/jornada-da-lua-150x150.jpg 150w, https:\/\/portalfloresnoar.com\/floresnoar\/wp-content\/uploads\/2017\/09\/jornada-da-lua-300x300.jpg 300w, https:\/\/portalfloresnoar.com\/floresnoar\/wp-content\/uploads\/2017\/09\/jornada-da-lua-100x100.jpg 100w\" sizes=\"(max-width: 653px) 100vw, 653px\" \/><\/p>\n<p>As terapeutas Jaqueline Cavalcante e \u00a0Morgana Maria realizam nesta sexta-feira (03\/11) mais um encontro da &#8216;Jornada Criativa da Lua&#8217;, um convite ao resgate interior do poder pessoal feminino atrav\u00e9s da conex\u00e3o com a Lua, seus simbolismos, e aprofundamento, por meio da utiliza\u00e7\u00e3o dos Florais da Amaz\u00f4nia e da Arteterapia. O tema do pr\u00f3ximo encontro ser\u00e1 a LUA CHEIA.<\/p>\n<p>Os encontros t\u00eam como foco o autoconhecimento, a partir de cada fase lunar. Nas viv\u00eancias s\u00e3o utilizados instrumentos como medita\u00e7\u00e3o, m\u00fasica, dan\u00e7a e suportes expressivos pl\u00e1sticos, al\u00e9m do Florais da Amaz\u00f4nia.<\/p>\n<p>&#8220;Com muita delicadeza e amor, possibilitaremos uma abertura, um contato de retorno \u00e0 nossa ess\u00eancia para uma caminhada mais consciente e empoderada em si mesma&#8221;, declaram as facilitadoras da Jornada.<\/p>\n<p>FACILITADORAS<br \/>\n<strong>Jaqueline Cavalcante<\/strong> &#8211; Terapeuta dos Florais da Amaz\u00f4nia, Arteterapeuta (Arte-PE10602) com abordagem junguiana, Arte-educadora e professora. Utiliza tamb\u00e9m como ferramenta pr\u00e1ticas energ\u00e9ticas (Reiki Usui-n\u00edvel 3 \/ Deeksha) e o Sincron\u00e1rio das 13 Luas. \u00c9 facilitadora de grupos terap\u00eauticos de mulheres, crian\u00e7as e adolescentes. Atualmente, encontra-se em Forma\u00e7\u00e3o vivencial das 13 Matriarcas- Cl\u00e3 das treze m\u00e3es das tribos originais.<\/p>\n<p><strong>Morgana Maria<\/strong> &#8211; \u00c9 Mestre em Reiki, Terapeuta dos Florais da Amaz\u00f4nia e Arte-educadora. Facilita um grupo terap\u00eautico feminino onde utiliza os Florais e as Artes Pl\u00e1sticas como meio de aprofundamento no processo de autoconhecimento. Participou de cursos e Workshops de Autoconhecimento Feminino, incluindo \u201cMeus Ciclos, Minhas Fases e a Lua\u201d, ministrado por Julia Larotonda e \u201cOficina de Ginecologia Aut\u00f4noma\u201d. No caminho tem como prop\u00f3sito a reconex\u00e3o com a Natureza Essencial e os saberes profundos do Ser atrav\u00e9s das curas naturais<\/p>\n<p>PER\u00cdODOS LUNARES:<\/p>\n<p><strong>19\/10 (quinta-feira), das 19h \u00e0s 21h &#8211; LUA NOVA- O que eu gostaria de iniciar?<\/strong><br \/>\nComo semente, quando germina, cresce e frutifica. A minha consci\u00eancia acompanha o processo e em cada Lua nova o meu conhecimento aumenta.<\/p>\n<p><strong>27\/10 (sexta-feira), das 19h \u00e0s 21h\u00a0&#8211; QUARTO CRESCENTE &#8211; O que eu quero nutrir na minha vida e colocar a minha energia?<\/strong><br \/>\nNesta Lua, temos um momento prop\u00edcio para plantar as novas ideias que brotaram, levando-as \u00e0 a\u00e7\u00e3o.<\/p>\n<p><strong>03\/11(sexta-feira), das 19h \u00e0s 21h\u00a0&#8211; LUA CHEIA &#8211; Qual a melhor maneira de nutrir o fruto gerado? <\/strong><br \/>\nEssa fase compreende a plenitude de todas as coisas.<\/p>\n<p><strong>10\/11(sexta-feira), das 19h \u00e0s 21h\u00a0&#8211; QUARTO MINGUANTE &#8211; O que eu n\u00e3o quero mais para o novo ciclo?<\/strong><\/p>\n<p><strong>P\u00fablico-alvo:<\/strong> Mulheres<\/p>\n<p><strong>Local:<\/strong> Rua Guimar\u00e3es Peixoto, 75, sala 802, Casa Amarela, Recife &#8211; PE<\/p>\n<p>INVESTIMENTO<br \/>\n<strong>Jornada completa (as 4 Luas):<\/strong> R$ 260<br \/>\n<strong>Por encontro (cada Lua):<\/strong> R$ 80<br \/>\n<em>Obs.: \u00e9 aceito pagamento com cart\u00e3o de cr\u00e9dito<\/em><\/p>\n<p><strong>Inscri\u00e7\u00f5es atrav\u00e9s do e-mail:<\/strong> jornadacriativadalua@gmail.com<\/p>\n<p><strong>Mais Informa\u00e7\u00f5es:<\/strong> (81) 9 98253988 (Morgana) ou 9 99352525 (Jaqueline)<\/p>\n","protected":false},"excerpt":{"rendered":"<p>&nbsp; As terapeutas Jaqueline Cavalcante e \u00a0Morgana Maria realizam nesta sexta-feira (03\/11) mais um encontro da &#8216;Jornada Criativa da Lua&#8217;, um convite ao resgate interior do poder pessoal feminino atrav\u00e9s da conex\u00e3o com a Lua, seus simbolismos, e aprofundamento, por meio da utiliza\u00e7\u00e3o dos Florais da Amaz\u00f4nia e da Arteterapia. O tema do pr\u00f3ximo encontro [&hellip;]<\/p>\n","protected":false},"author":1,"featured_media":30924,"comment_status":"open","ping_status":"open","sticky":false,"template":"","format":"standard","meta":{"om_disable_all_campaigns":false,"_monsterinsights_skip_tracking":false,"_monsterinsights_sitenote_active":false,"_monsterinsights_sitenote_note":"","_monsterinsights_sitenote_category":0,"footnotes":""},"categories":[8,214],"tags":[34,611,586,569,585,238,304],"acf":[],"publishpress_future_action":{"enabled":false,"date":"1969-12-31 21:00:00","action":"","terms":[],"taxonomy":"","browser_timezone_offset":0},"_links":{"self":[{"href":"https:\/\/portalfloresnoar.com\/floresnoar\/wp-json\/wp\/v2\/posts\/30850"}],"collection":[{"href":"https:\/\/portalfloresnoar.com\/floresnoar\/wp-json\/wp\/v2\/posts"}],"about":[{"href":"https:\/\/portalfloresnoar.com\/floresnoar\/wp-json\/wp\/v2\/types\/post"}],"author":[{"embeddable":true,"href":"https:\/\/portalfloresnoar.com\/floresnoar\/wp-json\/wp\/v2\/users\/1"}],"replies":[{"embeddable":true,"href":"https:\/\/portalfloresnoar.com\/floresnoar\/wp-json\/wp\/v2\/comments?post=30850"}],"version-history":[{"count":0,"href":"https:\/\/portalfloresnoar.com\/floresnoar\/wp-json\/wp\/v2\/posts\/30850\/revisions"}],"wp:featuredmedia":[{"embeddable":true,"href":"https:\/\/portalfloresnoar.com\/floresnoar\/wp-json\/wp\/v2\/media\/30924"}],"wp:attachment":[{"href":"https:\/\/portalfloresnoar.com\/floresnoar\/wp-json\/wp\/v2\/media?parent=30850"}],"wp:term":[{"taxonomy":"category","embeddable":true,"href":"https:\/\/portalfloresnoar.com\/floresnoar\/wp-json\/wp\/v2\/categories?post=30850"},{"taxonomy":"post_tag","embeddable":true,"href":"https:\/\/portalfloresnoar.com\/floresnoar\/wp-json\/wp\/v2\/tags?post=30850"}],"curies":[{"name":"wp","href":"https:\/\/api.w.org\/{rel}","templated":true}]}}