

{"id":30819,"date":"2017-07-16T11:20:46","date_gmt":"2017-07-16T14:20:46","guid":{"rendered":"https:\/\/portalfloresnoar.com\/floresnoar\/?p=30819"},"modified":"2017-09-28T12:49:55","modified_gmt":"2017-09-28T15:49:55","slug":"agenda-pe-palestra-e-dinamica-sobre-pre-e-posvencao-do-suicidio-dia-279-no-horizonte-desenvolvimento-humano","status":"publish","type":"post","link":"https:\/\/portalfloresnoar.com\/floresnoar\/agenda-pe-palestra-e-dinamica-sobre-pre-e-posvencao-do-suicidio-dia-279-no-horizonte-desenvolvimento-humano\/","title":{"rendered":"[AGENDA PE] Palestra e din\u00e2mica sobre pr\u00e9 e p\u00f3sven\u00e7\u00e3o do suic\u00eddio, dia 27\/9, no Horizonte Desenvolvimento Humano"},"content":{"rendered":"<p><img decoding=\"async\" loading=\"lazy\" class=\"aligncenter size-full wp-image-30820\" src=\"https:\/\/portalfloresnoar.com\/floresnoar\/wp-content\/uploads\/2017\/09\/palestra-horizonte.jpg\" alt=\"\" width=\"700\" height=\"990\" srcset=\"https:\/\/portalfloresnoar.com\/floresnoar\/wp-content\/uploads\/2017\/09\/palestra-horizonte.jpg 700w, https:\/\/portalfloresnoar.com\/floresnoar\/wp-content\/uploads\/2017\/09\/palestra-horizonte-212x300.jpg 212w, https:\/\/portalfloresnoar.com\/floresnoar\/wp-content\/uploads\/2017\/09\/palestra-horizonte-495x700.jpg 495w\" sizes=\"(max-width: 700px) 100vw, 700px\" \/><\/p>\n<p>A psicoterapeuta Corporal, terapeuta de Fam\u00edlia e Arteterapeuta Fernanda Andrade Lima ministra no dia 27 de setembro , \u00e0s 19h, no Horizonte Desenvolvimento Humano, palestra e din\u00e2mica &#8217;13 raz\u00f5es pra viver, pr\u00e9 e p\u00f3sven\u00e7\u00e3o do suic\u00eddio: uma vis\u00e3o sist\u00eamica&#8217;. O investimento para participar \u00e9 de R$ 40,00.<\/p>\n<p><strong>Local:<\/strong>\u00a0Horizonte Desenvolvimento Humano &#8211; Rua Joaquim Xavier de Andrade, 117, Po\u00e7o da Panela, Recife\/PE<\/p>\n<p><strong>Mais informa\u00e7\u00f5es:<\/strong> (81) 3268.6588 | 99504.2219<\/p>\n","protected":false},"excerpt":{"rendered":"<p>A psicoterapeuta Corporal, terapeuta de Fam\u00edlia e Arteterapeuta Fernanda Andrade Lima ministra no dia 27 de setembro , \u00e0s 19h, no Horizonte Desenvolvimento Humano, palestra e din\u00e2mica &#8217;13 raz\u00f5es pra viver, pr\u00e9 e p\u00f3sven\u00e7\u00e3o do suic\u00eddio: uma vis\u00e3o sist\u00eamica&#8217;. O investimento para participar \u00e9 de R$ 40,00. Local:\u00a0Horizonte Desenvolvimento Humano &#8211; Rua Joaquim Xavier de [&hellip;]<\/p>\n","protected":false},"author":1,"featured_media":30821,"comment_status":"open","ping_status":"open","sticky":false,"template":"","format":"standard","meta":{"om_disable_all_campaigns":false,"_monsterinsights_skip_tracking":false,"_monsterinsights_sitenote_active":false,"_monsterinsights_sitenote_note":"","_monsterinsights_sitenote_category":0,"footnotes":""},"categories":[8,214],"tags":[305],"acf":[],"publishpress_future_action":{"enabled":false,"date":"1969-12-31 21:00:00","action":"","terms":[],"taxonomy":"","browser_timezone_offset":0},"_links":{"self":[{"href":"https:\/\/portalfloresnoar.com\/floresnoar\/wp-json\/wp\/v2\/posts\/30819"}],"collection":[{"href":"https:\/\/portalfloresnoar.com\/floresnoar\/wp-json\/wp\/v2\/posts"}],"about":[{"href":"https:\/\/portalfloresnoar.com\/floresnoar\/wp-json\/wp\/v2\/types\/post"}],"author":[{"embeddable":true,"href":"https:\/\/portalfloresnoar.com\/floresnoar\/wp-json\/wp\/v2\/users\/1"}],"replies":[{"embeddable":true,"href":"https:\/\/portalfloresnoar.com\/floresnoar\/wp-json\/wp\/v2\/comments?post=30819"}],"version-history":[{"count":0,"href":"https:\/\/portalfloresnoar.com\/floresnoar\/wp-json\/wp\/v2\/posts\/30819\/revisions"}],"wp:featuredmedia":[{"embeddable":true,"href":"https:\/\/portalfloresnoar.com\/floresnoar\/wp-json\/wp\/v2\/media\/30821"}],"wp:attachment":[{"href":"https:\/\/portalfloresnoar.com\/floresnoar\/wp-json\/wp\/v2\/media?parent=30819"}],"wp:term":[{"taxonomy":"category","embeddable":true,"href":"https:\/\/portalfloresnoar.com\/floresnoar\/wp-json\/wp\/v2\/categories?post=30819"},{"taxonomy":"post_tag","embeddable":true,"href":"https:\/\/portalfloresnoar.com\/floresnoar\/wp-json\/wp\/v2\/tags?post=30819"}],"curies":[{"name":"wp","href":"https:\/\/api.w.org\/{rel}","templated":true}]}}