

{"id":30802,"date":"2017-09-14T21:29:21","date_gmt":"2017-09-15T00:29:21","guid":{"rendered":"https:\/\/portalfloresnoar.com\/floresnoar\/?p=30802"},"modified":"2022-04-30T11:09:41","modified_gmt":"2022-04-30T14:09:41","slug":"cozinha-sem-fronteiras-difundindo-o-amor","status":"publish","type":"post","link":"https:\/\/portalfloresnoar.com\/floresnoar\/cozinha-sem-fronteiras-difundindo-o-amor\/","title":{"rendered":"[COZINHA SEM FRONTEIRAS] Difundindo o amor"},"content":{"rendered":"<p><img decoding=\"async\" loading=\"lazy\" class=\"aligncenter size-full wp-image-30803\" src=\"https:\/\/portalfloresnoar.com\/floresnoar\/wp-content\/uploads\/2017\/09\/dany-santos-1.jpg\" alt=\"\" width=\"600\" height=\"600\" srcset=\"https:\/\/portalfloresnoar.com\/floresnoar\/wp-content\/uploads\/2017\/09\/dany-santos-1.jpg 600w, https:\/\/portalfloresnoar.com\/floresnoar\/wp-content\/uploads\/2017\/09\/dany-santos-1-150x150.jpg 150w, https:\/\/portalfloresnoar.com\/floresnoar\/wp-content\/uploads\/2017\/09\/dany-santos-1-300x300.jpg 300w, https:\/\/portalfloresnoar.com\/floresnoar\/wp-content\/uploads\/2017\/09\/dany-santos-1-100x100.jpg 100w\" sizes=\"(max-width: 600px) 100vw, 600px\" \/><\/p>\n<p>| Por\u00a0<a href=\"https:\/\/www.facebook.com\/danysantosculinarista\/\" target=\"_blank\" rel=\"noopener\">Dany Santos<\/a>\u00a0|<\/p>\n<p>Fazendo a semente brotar, dando vida aos gr\u00e3os, germinando, \u00e9 t\u00e3o lindo esse processo, \u00e0s vezes tenho vontade de germinar todas as sementes e gr\u00e3os ao mesmo tempo.<\/p>\n<p>Quando nem sabia o poder dos brotos, j\u00e1 me sentia muito bem ao me alimentar dessas plantinhas (era assim que chamava). S\u00e3o t\u00e3o saud\u00e1veis e transmitem s\u00f3 pela apar\u00eancia uma sensa\u00e7\u00e3o de alimento saud\u00e1vel; sua maior vitalidade no ciclo de vida \u00e9 quando ocorre o processo de germina\u00e7\u00e3o.<\/p>\n<p>Uma coisa muito importante \u00e9 o processo de germina\u00e7\u00e3o que torna os nutrientes mais diger\u00edveis.<\/p>\n<p>Podem ser germinados cereais integrais; centeio, aveia, trigo, algumas leguminosas; gr\u00e3o de bico, lentilha, feij\u00e3o moyashi, semente; de mostarda, alfafa, ab\u00f3bora, girassol, gergelim entre muitos outros.<\/p>\n<p><em><strong>Dicas para fazer processo de germina\u00e7\u00e3o<\/strong><\/em><\/p>\n<p>As tr\u00eas maneiras poss\u00edveis de germinar s\u00e3o pelo ar, \u00e1gua e terra. Usar \u00e1gua filtrada para per\u00edodo de molho; a escurid\u00e3o estimula o crescimento nos primeiros dias. \u00c9 importante que os gr\u00e3os sejam de boa qualidade e de prefer\u00eancia org\u00e2nicos.<\/p>\n<p>Escolhidas as sementes, tenha um vidro para deixar de molho durante a noite em \u00e1gua filtrada, por 8 horas, coberto com um tule (vual).<\/p>\n<p>Em seguida, descarte a \u00e1gua, enx\u00e1gue e coloque o vidro sobre um escorredor de lou\u00e7a, com a abertura para baixo, ent\u00e3o enx\u00e1gue 2 ou 3 vezes por dia, e coloque o vidro de volta no escorredor de lou\u00e7a. O vidro, coberto com tule, serve para n\u00e3o deixar entrar poeira.<\/p>\n<p>Quando estiverem com uma pontinha para fora, o \u201cnarizinho\u201d do gr\u00e3o, est\u00e1 come\u00e7ando a ter vida, dobrando de tamanho. Dependendo de cada uma, as sementes germinam em 2 a 3 dias, as leguminosas demoram 5 \u00e0 6 dias. Pode consumir e servem para v\u00e1rias prepara\u00e7\u00f5es. Podem ser consumidos crus, em sucos, saladas e sopas, \u00e9 s\u00f3 usar a imagina\u00e7\u00e3o.<\/p>\n<p>As sementes germinadas t\u00eam poderes alt\u00edssimos que aumentam a imunidade, facilitam a digest\u00e3o, t\u00eam alto teor de antioxidantes, ricos em vitaminas do complexo B, vitaminas A e C, minerais e clorofila.<\/p>\n<p>Mas sen\u00e3o quiser fazer em casa, mas quiser experimentar em feiras org\u00e2nicas, tamb\u00e9m pode encontrar, procure no seu bairro a feira agroecol\u00f3gica mais perto de voc\u00ea.<\/p>\n<p>Ficam as dicas e boa sorte!<\/p>\n<p>Se tiver d\u00favida pode entrar em contato comigo nos contatos abaixo.<\/p>\n<p><em>(Fonte de pesquisa: Livro Lugar de M\u00e9dico \u00e9 na Cozinha)<\/em><\/p>\n<p><img decoding=\"async\" loading=\"lazy\" class=\"wp-image-29866 alignleft\" src=\"https:\/\/portalfloresnoar.com\/floresnoar\/wp-content\/uploads\/2017\/07\/Dany-Santos.jpg\" sizes=\"(max-width: 158px) 100vw, 158px\" srcset=\"https:\/\/portalfloresnoar.com\/floresnoar\/wp-content\/uploads\/2017\/07\/Dany-Santos.jpg 389w, https:\/\/portalfloresnoar.com\/floresnoar\/wp-content\/uploads\/2017\/07\/Dany-Santos-273x300.jpg 273w\" alt=\"\" width=\"158\" height=\"174\" data-pin-nopin=\"true\" \/><\/p>\n<p>&nbsp;<\/p>\n<p><em><strong>Dany Santos<\/strong><\/em><br \/>\n<em><strong>Fone:<\/strong>\u00a0(81) 99627.2761<\/em><br \/>\n<em><strong>Fanpage:<\/strong>\u00a0<a href=\"https:\/\/www.facebook.com\/danysantosculinarista\/\" target=\"_blank\" rel=\"noopener noreferrer\">https:\/\/www.facebook.com\/danysantosculinarista\/<\/a><\/em><br \/>\n<em><strong>Instagram:<\/strong>\u00a0@danysantos_culinarista<\/em><\/p>\n<div class=\"fb-like-wrp\"><\/div>\n","protected":false},"excerpt":{"rendered":"<p>| Por\u00a0Dany Santos\u00a0| Fazendo a semente brotar, dando vida aos gr\u00e3os, germinando, \u00e9 t\u00e3o lindo esse processo, \u00e0s vezes tenho vontade de germinar todas as sementes e gr\u00e3os ao mesmo tempo. Quando nem sabia o poder dos brotos, j\u00e1 me sentia muito bem ao me alimentar dessas plantinhas (era assim que chamava). S\u00e3o t\u00e3o saud\u00e1veis [&hellip;]<\/p>\n","protected":false},"author":1,"featured_media":30804,"comment_status":"open","ping_status":"open","sticky":false,"template":"","format":"standard","meta":{"om_disable_all_campaigns":false,"_monsterinsights_skip_tracking":false,"_monsterinsights_sitenote_active":false,"_monsterinsights_sitenote_note":"","_monsterinsights_sitenote_category":0,"footnotes":""},"categories":[91],"tags":[50,1163,608,377,168],"acf":[],"publishpress_future_action":{"enabled":false,"date":"1969-12-31 21:00:00","action":"","terms":[],"taxonomy":"","browser_timezone_offset":0},"_links":{"self":[{"href":"https:\/\/portalfloresnoar.com\/floresnoar\/wp-json\/wp\/v2\/posts\/30802"}],"collection":[{"href":"https:\/\/portalfloresnoar.com\/floresnoar\/wp-json\/wp\/v2\/posts"}],"about":[{"href":"https:\/\/portalfloresnoar.com\/floresnoar\/wp-json\/wp\/v2\/types\/post"}],"author":[{"embeddable":true,"href":"https:\/\/portalfloresnoar.com\/floresnoar\/wp-json\/wp\/v2\/users\/1"}],"replies":[{"embeddable":true,"href":"https:\/\/portalfloresnoar.com\/floresnoar\/wp-json\/wp\/v2\/comments?post=30802"}],"version-history":[{"count":0,"href":"https:\/\/portalfloresnoar.com\/floresnoar\/wp-json\/wp\/v2\/posts\/30802\/revisions"}],"wp:featuredmedia":[{"embeddable":true,"href":"https:\/\/portalfloresnoar.com\/floresnoar\/wp-json\/wp\/v2\/media\/30804"}],"wp:attachment":[{"href":"https:\/\/portalfloresnoar.com\/floresnoar\/wp-json\/wp\/v2\/media?parent=30802"}],"wp:term":[{"taxonomy":"category","embeddable":true,"href":"https:\/\/portalfloresnoar.com\/floresnoar\/wp-json\/wp\/v2\/categories?post=30802"},{"taxonomy":"post_tag","embeddable":true,"href":"https:\/\/portalfloresnoar.com\/floresnoar\/wp-json\/wp\/v2\/tags?post=30802"}],"curies":[{"name":"wp","href":"https:\/\/api.w.org\/{rel}","templated":true}]}}