

{"id":30795,"date":"2017-08-09T20:45:24","date_gmt":"2017-08-09T23:45:24","guid":{"rendered":"https:\/\/portalfloresnoar.com\/floresnoar\/?p=30795"},"modified":"2017-10-14T16:38:17","modified_gmt":"2017-10-14T19:38:17","slug":"agenda-pe-oberom-realiza-retiro-em-pernambuco-dias-13-14-e-15-de-outubro","status":"publish","type":"post","link":"https:\/\/portalfloresnoar.com\/floresnoar\/agenda-pe-oberom-realiza-retiro-em-pernambuco-dias-13-14-e-15-de-outubro\/","title":{"rendered":"[AGENDA PE] Oberom realiza Retiro em Pernambuco dias 13, 14 e 15 de outubro"},"content":{"rendered":"<p><img decoding=\"async\" loading=\"lazy\" class=\"aligncenter size-full wp-image-30797\" src=\"https:\/\/portalfloresnoar.com\/floresnoar\/wp-content\/uploads\/2017\/09\/retiro-oberom-pernambuco.jpg\" alt=\"\" width=\"600\" height=\"848\" srcset=\"https:\/\/portalfloresnoar.com\/floresnoar\/wp-content\/uploads\/2017\/09\/retiro-oberom-pernambuco.jpg 600w, https:\/\/portalfloresnoar.com\/floresnoar\/wp-content\/uploads\/2017\/09\/retiro-oberom-pernambuco-212x300.jpg 212w, https:\/\/portalfloresnoar.com\/floresnoar\/wp-content\/uploads\/2017\/09\/retiro-oberom-pernambuco-495x700.jpg 495w\" sizes=\"(max-width: 600px) 100vw, 600px\" \/><\/p>\n<p>Oberom volta no m\u00eas de outubro a Pernambuco, trazendo pela primeira vez ao Nordeste um trabalho em formato de Retiro, onde ser\u00e1 vivenciado o despertar da conex\u00e3o natural atrav\u00e9s da pr\u00e1tica de Asanas, da medita\u00e7\u00e3o, palestras, alimenta\u00e7\u00e3o consciente e do Princ\u00edpio de Satchitananda &#8211; Verdade, Consci\u00eancia e Bem-aventuran\u00e7a.<\/p>\n<p>Oberom \u00e9 professor de Yoga, credenciado pela alian\u00e7a de Yoga, formado no Brasil e na PVA School of Yoga na \u00cdndia. Iniciado pelo Swami Prakashamayananda, Sri Lanka, \u00e9 facilitador do processo de 21 dias, relacionado \u00e0 Consci\u00eancia Pr\u00e2nica. Transmite essa sabedoria e experi\u00eancia pelo mundo atrav\u00e9s de Workshops nas Am\u00e9ricas, Europa e \u00c1sia. Tamb\u00e9m \u00e9 autor dos livros \u201cViajando na Luz\u201d, \u201cNo Fluir da Felicidade\u201d e \u201cVegan Yoga\u201d.<br \/>\nhttp:\/\/www.conscienciapranica.com\/<\/p>\n<p><strong>Retiro com Oberom<\/strong><br \/>\n<strong>Data:<\/strong> 13, 14 e 15 de Outubro de 2017<br \/>\n<strong>Hor\u00e1rio:<\/strong> 16h (sexta) \u00e0s 15h (domingo)<br \/>\n<strong>Local:<\/strong> Espa\u00e7o Tempo Xammaiar \u2013 Ch\u00e3 Grande\/PE *<\/p>\n<p>Programa\u00e7\u00e3o<\/p>\n<h4>Dia 13 &#8211; Sexta<\/h4>\n<p>Chegada \u00e0s 16 horas.<\/p>\n<p>17:00 &#8211; \u00a0pr\u00e1tica introdut\u00f3ria de \u00e1sanas.<br \/>\n19:00 &#8211; \u00a0Jantar<br \/>\n20:00 &#8211; Abertura e boas-vindas.<\/p>\n<h4>Dia 14 &#8211; S\u00e1bado<\/h4>\n<p>5:30 &#8211; pr\u00e1tica de medita\u00e7\u00e3o<br \/>\n7:00 &#8211; Yogasana<br \/>\n8:30 &#8211; desjejum<br \/>\n10:00 &#8211; palestra: Ashtanga Yoga de Patanjali<br \/>\n12:30 &#8211; almo\u00e7o<br \/>\n17:00 &#8211; palestra: Samyama<br \/>\n19:00 &#8211; jantar<br \/>\n20:00 &#8211; medita\u00e7\u00e3o<\/p>\n<h4>Dia 15 &#8211; Domingo<\/h4>\n<p>5:30 &#8211; pr\u00e1tica de medita\u00e7\u00e3o<br \/>\n7:00 &#8211; Yogasana<br \/>\n8:30 &#8211; desjejum<br \/>\n10:00 &#8211; palestra: Os alicerces do Yoga na transforma\u00e7\u00e3o planet\u00e1ria<br \/>\n12:30 &#8211; almo\u00e7o<br \/>\n14:00 &#8211; encerramento<\/p>\n<p><strong>Material necess\u00e1rio de uso pessoal<\/strong><br \/>\nRoupa de cama e banho, travesseiro, tapete de yoga (se tiver), roupas leves e confort\u00e1veis, meias e sapatilhas antiderrapantes, repelentes, roupa de frio para a noite.<\/p>\n<p><strong>Investimento<\/strong><br \/>\nR$ 620,00 \u2013 \u00e0 vista ou em duas parcelas (at\u00e9 12\/10), incluindo hospedagem e alimenta\u00e7\u00e3o.<br \/>\n<em>Obs.: N\u00e3o est\u00e1 incluso no valor o transporte at\u00e9 o local.<\/em><\/p>\n<p><em>Caixa Econ\u00f4mica Federal<\/em><br \/>\n<em> Ag: 0048<\/em><br \/>\n<em> Op: 013<\/em><br \/>\n<em> Conta: 00015135-5<\/em><br \/>\n<em> Wladimir Jos\u00e9 Ara\u00fajo da Silva<\/em><br \/>\n<em> CPF: 642779684-49<\/em><\/p>\n<p><strong>Mais informa\u00e7\u00f5es e Inscri\u00e7\u00f5es:<\/strong><br \/>\nFone: (81) 3037-2594 (Espa\u00e7o Rosa dos Ventos)<\/p>\n<p>ALGUMAS CONSIDERA\u00c7\u00d5ES<\/p>\n<p>&gt; Esse retiro tem como objetivo uma imers\u00e3o profunda com o ser e a natureza. Por isso a escolha de um local r\u00fastico em meio \u00e0 natureza, hospedagem simples em quartos coletivos, alimenta\u00e7\u00e3o vegana, pr\u00e1tica de sil\u00eancio durante as refei\u00e7\u00f5es e \u00e0 noite, ap\u00f3s \u00e0s 21h, e uso consciente da \u00e1gua no local.<\/p>\n<p>&gt; Por se tratar de um retiro de imers\u00e3o s\u00f3 ser\u00e3o aceitos aqueles que tenham a disponibilidade de participar de forma integral (os 3 dias).<\/p>\n<p>&gt; As reservas dever\u00e3o ser feitas antecipadamente, por serem limitadas para apenas 26 participantes.<\/p>\n<p>&gt; Em caso de desist\u00eancia n\u00e3o haver\u00e1 devolu\u00e7\u00e3o do valor at\u00e9 que a mesma vaga seja novamente preenchida.<\/p>\n<p>&gt; A reserva ser\u00e1 confirmada ap\u00f3s o dep\u00f3sito, e o comprovante a ser enviado para o e-mail ecrosadosventos@gmail.com<\/p>\n<p>&gt; Para pessoas que queiram participar do retiro e tenham lugar pra dormir em Ch\u00e3 Grande, o investimento \u00e9 de R$ 530,00 (pelas viv\u00eancias e alimenta\u00e7\u00e3o dos tr\u00eas dias).<\/p>\n<p>&gt; Sugerimos a todas as pessoas interessadas fazerem a inscri\u00e7\u00e3o com anteced\u00eancia por conta do n\u00famero reduzido de vagas.<\/p>\n<p><em><strong>* Como chegar no Espa\u00e7o Tempo Xammaiar<\/strong><\/em><br \/>\nVindo de Recife, ap\u00f3s a subida da Serra das Russas, fazer o retorno no posto rodovi\u00e1rio e entrar \u00e0 direita depois na BR em dire\u00e7\u00e3o a Ch\u00e3 Grande e depois seguir as placas que indicam o hotel Highlander. Quando passar na frente do hotel, seguir descendo e subindo as duas ladeiras. Quando chegar ao topo, virar \u00e0 direita na placa Tic\u00f3, e depois da placa, \u00e9 o terceiro port\u00e3o de entrada do lado esquerdo, logo ap\u00f3s o port\u00e3o amarelo do s\u00edtio Shambala.<\/p>\n<p>ORGANIZA\u00c7\u00c3O<br \/>\nWladimir Ara\u00fajo (81) 3037-2594<br \/>\nL\u00edvia Falc\u00e3o (81) 99986-3170<br \/>\nAnjolina Grisi (81) 99998-2373<\/p>\n<p>APOIO<br \/>\nEspa\u00e7o Rosa dos Ventos<\/p>\n","protected":false},"excerpt":{"rendered":"<p>Oberom volta no m\u00eas de outubro a Pernambuco, trazendo pela primeira vez ao Nordeste um trabalho em formato de Retiro, onde ser\u00e1 vivenciado o despertar da conex\u00e3o natural atrav\u00e9s da pr\u00e1tica de Asanas, da medita\u00e7\u00e3o, palestras, alimenta\u00e7\u00e3o consciente e do Princ\u00edpio de Satchitananda &#8211; Verdade, Consci\u00eancia e Bem-aventuran\u00e7a. Oberom \u00e9 professor de Yoga, credenciado pela [&hellip;]<\/p>\n","protected":false},"author":1,"featured_media":30796,"comment_status":"open","ping_status":"open","sticky":false,"template":"","format":"standard","meta":{"om_disable_all_campaigns":false,"_monsterinsights_skip_tracking":false,"_monsterinsights_sitenote_active":false,"_monsterinsights_sitenote_note":"","_monsterinsights_sitenote_category":0,"footnotes":""},"categories":[8,214],"tags":[396],"acf":[],"publishpress_future_action":{"enabled":false,"date":"1969-12-31 21:00:00","action":"","terms":[],"taxonomy":"","browser_timezone_offset":0},"_links":{"self":[{"href":"https:\/\/portalfloresnoar.com\/floresnoar\/wp-json\/wp\/v2\/posts\/30795"}],"collection":[{"href":"https:\/\/portalfloresnoar.com\/floresnoar\/wp-json\/wp\/v2\/posts"}],"about":[{"href":"https:\/\/portalfloresnoar.com\/floresnoar\/wp-json\/wp\/v2\/types\/post"}],"author":[{"embeddable":true,"href":"https:\/\/portalfloresnoar.com\/floresnoar\/wp-json\/wp\/v2\/users\/1"}],"replies":[{"embeddable":true,"href":"https:\/\/portalfloresnoar.com\/floresnoar\/wp-json\/wp\/v2\/comments?post=30795"}],"version-history":[{"count":0,"href":"https:\/\/portalfloresnoar.com\/floresnoar\/wp-json\/wp\/v2\/posts\/30795\/revisions"}],"wp:featuredmedia":[{"embeddable":true,"href":"https:\/\/portalfloresnoar.com\/floresnoar\/wp-json\/wp\/v2\/media\/30796"}],"wp:attachment":[{"href":"https:\/\/portalfloresnoar.com\/floresnoar\/wp-json\/wp\/v2\/media?parent=30795"}],"wp:term":[{"taxonomy":"category","embeddable":true,"href":"https:\/\/portalfloresnoar.com\/floresnoar\/wp-json\/wp\/v2\/categories?post=30795"},{"taxonomy":"post_tag","embeddable":true,"href":"https:\/\/portalfloresnoar.com\/floresnoar\/wp-json\/wp\/v2\/tags?post=30795"}],"curies":[{"name":"wp","href":"https:\/\/api.w.org\/{rel}","templated":true}]}}