

{"id":30725,"date":"2017-07-09T23:32:56","date_gmt":"2017-07-10T02:32:56","guid":{"rendered":"https:\/\/portalfloresnoar.com\/floresnoar\/?p=30725"},"modified":"2017-09-18T15:02:51","modified_gmt":"2017-09-18T18:02:51","slug":"agenda-pe-nesta-sexta-e-sabado-acontece-o-sonora-olinda","status":"publish","type":"post","link":"https:\/\/portalfloresnoar.com\/floresnoar\/agenda-pe-nesta-sexta-e-sabado-acontece-o-sonora-olinda\/","title":{"rendered":"[AGENDA PE] Sonora Olinda, dias dias 15 e 16 de setembro de 2017!"},"content":{"rendered":"<p><img decoding=\"async\" loading=\"lazy\" class=\"aligncenter wp-image-30730\" src=\"https:\/\/portalfloresnoar.com\/floresnoar\/wp-content\/uploads\/2017\/09\/sonora-olinda-2017.jpg\" alt=\"\" width=\"700\" height=\"700\" srcset=\"https:\/\/portalfloresnoar.com\/floresnoar\/wp-content\/uploads\/2017\/09\/sonora-olinda-2017.jpg 960w, https:\/\/portalfloresnoar.com\/floresnoar\/wp-content\/uploads\/2017\/09\/sonora-olinda-2017-150x150.jpg 150w, https:\/\/portalfloresnoar.com\/floresnoar\/wp-content\/uploads\/2017\/09\/sonora-olinda-2017-300x300.jpg 300w, https:\/\/portalfloresnoar.com\/floresnoar\/wp-content\/uploads\/2017\/09\/sonora-olinda-2017-768x768.jpg 768w, https:\/\/portalfloresnoar.com\/floresnoar\/wp-content\/uploads\/2017\/09\/sonora-olinda-2017-700x700.jpg 700w, https:\/\/portalfloresnoar.com\/floresnoar\/wp-content\/uploads\/2017\/09\/sonora-olinda-2017-100x100.jpg 100w\" sizes=\"(max-width: 700px) 100vw, 700px\" \/><\/p>\n<p>Nos pr\u00f3ximos dias 15 e 16 de setembro de 2017 acontece em Olinda o Sonora &#8211; Ciclo Internacional de Compositoras. O Sonora Olinda reunir\u00e1 mulheres da m\u00fasica, em roda de di\u00e1logos, performances e <em>pocket shows<\/em>. O encontro ser\u00e1 no Solar da Marquesa, Varadouro, Olinda\/PE.<\/p>\n<p>O Sonora \u00e9 um festival internacional que surgiu no Brasil, a partir do anseio de mostrar e incentivar a for\u00e7a da mulher compositora, criando espa\u00e7o para que compartilhe suas cria\u00e7\u00f5es regadas a sensibilidade a quem quiser ouvir, discutindo sua posi\u00e7\u00e3o na ind\u00fastria da m\u00fasica.<\/p>\n<p>Por meio de encontros intimistas nos quais artistas e p\u00fablico est\u00e3o em conex\u00e3o direta, o Sonora promoveu em 2016 mais de uma centena apresenta\u00e7\u00f5es, em 21 cidades em 6 pa\u00edses. Organizado e executado por mulheres, o processo \u00e9 todo feito de forma colaborativa, construindo uma grande rede de contatos e, principalmente, de compositoras-produtoras.<\/p>\n<p>Este ano est\u00e3o previstas mais de 500 apresenta\u00e7\u00f5es, em 68 cidades, em 17 pa\u00edses diferentes. Uma rede que cresce exponencialmente e acompanha o movimento de empoderamento feminino.<\/p>\n<h3><strong>PROGRAMA\u00c7\u00c3O SONORA OLINDA<\/strong><\/h3>\n<h5><strong>Dia 15\/9\/2017 (sexta)<\/strong><\/h5>\n<p>18h &#8211; Abertura da casa<\/p>\n<p>19h &#8211; Roda de di\u00e1logos &#8211; TEMA: &#8220;Mulheres na m\u00fasica&#8221;<br \/>\n<em>Convidadas:<\/em><br \/>\n-Paloma Granjeiro ( Produtora MEPE)<br \/>\n-Paula Caal ( Produtora Isaar)<br \/>\n-Isaar ( cantora e compositora)<br \/>\n-Renata Farias ( produtora Abril pro Rock)<br \/>\n-Mariana Brito ( Produtoraq BoiKOT)<br \/>\n-Maria Flor ( Multiartista e produtora)<br \/>\n-Roberta Barbosa ( Produtora Coquetel Molotov)<\/p>\n<p><strong>Pocket Shows::<\/strong><br \/>\n20h &#8211; Abertura (Part. Especial) Maria Flor<br \/>\n20h40 &#8211; Nira Santos<br \/>\n21h20 &#8211; Sam Silva<br \/>\n22h &#8211; Darc Cintra<br \/>\n22h40 &#8211; Encerramento 9Part. Especial) ISAAR<\/p>\n<h5>Dia 16\/9\/2017 (S\u00c1BADO)<\/h5>\n<p>17h \u00e0s 18h &#8211; Bate-papo e sess\u00e3o de Yoga com Schelly Santiago<\/p>\n<p>19h &#8211; In\u00edcio Roda de di\u00e1logos &#8211; TEMA &#8221; Mulheres na m\u00fasica&#8221;<br \/>\n<em>Convidadas:<\/em><br \/>\n-Marileide Alves ( Produtora Grupo Bongar)<br \/>\n-Catarina Dee Jah ( Produtora e agitadora cultural)<br \/>\n-Flaira Ferro ( Cantora e compositora)<br \/>\n-Luna Vitrolira ( Poetisa)<br \/>\n-Natalie Revoredo (Iluminadore Farol de Luz)<\/p>\n<p>19h40- Performance Luna Vitrolira<\/p>\n<p><strong>Pocket Shows:<\/strong><br \/>\n20h &#8211; Abertura Pocket show (Part. Especial) MC RiRiCA<br \/>\n20h40 &#8211; Carina Mayara<br \/>\n21h 20 &#8211; Lu Rabelo<br \/>\n22h &#8211; Projeto Arrete<\/p>\n<p>22h40 &#8211; Encerramento (part. Especial) &#8211; Flaira Ferro<\/p>\n<p><strong>Data:<\/strong> 15 e 16 de setembro de 2017<br \/>\n<strong>Hor\u00e1rio:<\/strong> 18h<br \/>\n<strong>Entrada:<\/strong> R$ 10,00<br \/>\n<strong>Ingressos on line:<\/strong> www.sympla.com.br<\/p>\n<p><em>Obs.: *Teremos vendas de ingressos na hora (dinheiro)<\/em><\/p>\n<p><strong>Local:<\/strong> Solar da Marquesa &#8211; Av. Joaquim Nabuco, n 5 &#8211; Largo do Varadouro\/Olinda<\/p>\n<p>Produ\u00e7\u00e3o: Marah Rubia &#8211; Juliana Sena &#8211; Natalie Revoredo<br \/>\nApresenta\u00e7\u00e3o: Joanah Flor<br \/>\nProdu\u00e7\u00e3o de palco: Julia Andrade<br \/>\nProdu\u00e7\u00e3o audiovisual: L\u00ed Neves<br \/>\nCobertura fotogr\u00e1fica: Nina Fran\u00e7a<br \/>\nEnsaio fotogr\u00e1fico: Andr\u00e9 Occenstain\/ Humberto Reis<br \/>\nDesigner: Tito Fran\u00e7a<\/p>\n<p>PARCEIROS<br \/>\nHostel Canto dos Artistas<br \/>\nLoj\u00e3o do Cabeleireiro e Hair Fly<br \/>\nFarol Ateli\u00ea de luz<br \/>\nGlitteria<\/p>\n<p>APOIO<br \/>\nSolar da Marquesa<\/p>\n<p>REALIZA\u00c7\u00c3O<br \/>\nSoplar Produ\u00e7\u00f5es<br \/>\nContatos: 99783.2053 \/ 97118.1979<\/p>\n","protected":false},"excerpt":{"rendered":"<p>Nos pr\u00f3ximos dias 15 e 16 de setembro de 2017 acontece em Olinda o Sonora &#8211; Ciclo Internacional de Compositoras. O Sonora Olinda reunir\u00e1 mulheres da m\u00fasica, em roda de di\u00e1logos, performances e pocket shows. O encontro ser\u00e1 no Solar da Marquesa, Varadouro, Olinda\/PE. O Sonora \u00e9 um festival internacional que surgiu no Brasil, a [&hellip;]<\/p>\n","protected":false},"author":1,"featured_media":30734,"comment_status":"open","ping_status":"open","sticky":false,"template":"","format":"standard","meta":{"om_disable_all_campaigns":false,"_monsterinsights_skip_tracking":false,"_monsterinsights_sitenote_active":false,"_monsterinsights_sitenote_note":"","_monsterinsights_sitenote_category":0,"footnotes":""},"categories":[8,214],"tags":[607,22,31,125,606],"acf":[],"publishpress_future_action":{"enabled":false,"date":"1969-12-31 21:00:00","action":"","terms":[],"taxonomy":"","browser_timezone_offset":0},"_links":{"self":[{"href":"https:\/\/portalfloresnoar.com\/floresnoar\/wp-json\/wp\/v2\/posts\/30725"}],"collection":[{"href":"https:\/\/portalfloresnoar.com\/floresnoar\/wp-json\/wp\/v2\/posts"}],"about":[{"href":"https:\/\/portalfloresnoar.com\/floresnoar\/wp-json\/wp\/v2\/types\/post"}],"author":[{"embeddable":true,"href":"https:\/\/portalfloresnoar.com\/floresnoar\/wp-json\/wp\/v2\/users\/1"}],"replies":[{"embeddable":true,"href":"https:\/\/portalfloresnoar.com\/floresnoar\/wp-json\/wp\/v2\/comments?post=30725"}],"version-history":[{"count":0,"href":"https:\/\/portalfloresnoar.com\/floresnoar\/wp-json\/wp\/v2\/posts\/30725\/revisions"}],"wp:featuredmedia":[{"embeddable":true,"href":"https:\/\/portalfloresnoar.com\/floresnoar\/wp-json\/wp\/v2\/media\/30734"}],"wp:attachment":[{"href":"https:\/\/portalfloresnoar.com\/floresnoar\/wp-json\/wp\/v2\/media?parent=30725"}],"wp:term":[{"taxonomy":"category","embeddable":true,"href":"https:\/\/portalfloresnoar.com\/floresnoar\/wp-json\/wp\/v2\/categories?post=30725"},{"taxonomy":"post_tag","embeddable":true,"href":"https:\/\/portalfloresnoar.com\/floresnoar\/wp-json\/wp\/v2\/tags?post=30725"}],"curies":[{"name":"wp","href":"https:\/\/api.w.org\/{rel}","templated":true}]}}