

{"id":30702,"date":"2017-07-10T12:30:53","date_gmt":"2017-07-10T15:30:53","guid":{"rendered":"https:\/\/portalfloresnoar.com\/floresnoar\/?p=30702"},"modified":"2017-09-21T10:06:39","modified_gmt":"2017-09-21T13:06:39","slug":"agenda-pe-grupo-para-adolescentes-minhas-escolhas-profissionais-palestra-gratuita-dia-139","status":"publish","type":"post","link":"https:\/\/portalfloresnoar.com\/floresnoar\/agenda-pe-grupo-para-adolescentes-minhas-escolhas-profissionais-palestra-gratuita-dia-139\/","title":{"rendered":"[AGENDA PE] Grupo para Adolescentes &#8216;Minhas escolhas profissionais&#8217;. In\u00edcio 20 de setembro!"},"content":{"rendered":"<p>&nbsp;<\/p>\n<p><img decoding=\"async\" loading=\"lazy\" class=\"aligncenter size-full wp-image-30705\" src=\"https:\/\/portalfloresnoar.com\/floresnoar\/wp-content\/uploads\/2017\/09\/grupo-terapeutico-para-adolescentes.jpg\" alt=\"\" width=\"600\" height=\"848\" srcset=\"https:\/\/portalfloresnoar.com\/floresnoar\/wp-content\/uploads\/2017\/09\/grupo-terapeutico-para-adolescentes.jpg 600w, https:\/\/portalfloresnoar.com\/floresnoar\/wp-content\/uploads\/2017\/09\/grupo-terapeutico-para-adolescentes-212x300.jpg 212w, https:\/\/portalfloresnoar.com\/floresnoar\/wp-content\/uploads\/2017\/09\/grupo-terapeutico-para-adolescentes-495x700.jpg 495w\" sizes=\"(max-width: 600px) 100vw, 600px\" \/><\/p>\n<p>As terapeutas Aline S\u00e1 Barreto e Juliana Sampaio convidam adolescentes entre 16 e 18 anos que estejam definindo suas escolhas profissionais e passando por processos seletivos como ENEM e vestibulares para, em grupo, trabalharem as quest\u00f5es relacionadas a esse momento da vida, como press\u00e3o familiar e social, medo, ansiedade, estresse, d\u00favida, competi\u00e7\u00e3o, cansa\u00e7o. Para isso, ser\u00e3o utilizados os recursos da Constela\u00e7\u00e3o Sist\u00eamica Familiar, medita\u00e7\u00e3o e escuta terap\u00eautica. O Objetivo \u00e9 tornar essa experi\u00eancia mais suave e prazerosa.\u00a0Ser\u00e3o quatro encontros com duas horas de dura\u00e7\u00e3o cada, sendo um por semana, nas quartas-feiras \u00e0 noite.<\/p>\n<p>FACILITADORAS<br \/>\n<strong>Aline S\u00e1 Barreto<\/strong> &#8211; Psic\u00f3loga, Consteladora Sist\u00eamica Familiar, Terapeuta de Reiki e Terapeuta de Cura Multidimensional.<br \/>\n<strong>Juliana Sampaio<\/strong> &#8211; Consteladora Sist\u00eamica Familiar, Terapeuta de Reiki, Terapeuta de Cura Multidimensional, Doadora de Deeksha e Professora.<\/p>\n<p><strong>Datas dos encontros do grupo:<\/strong> 20 e 27 de setembro; 4 e 11 de outubro<br \/>\n<strong>Hor\u00e1rio:<\/strong> \u00a019h30 \u00e0s 21h30<br \/>\n<strong>Local:\u00a0<\/strong>Avenida Ayrton Senna da Silva, n\u00ba 790, Piedade, Jaboat\u00e3o\/PE ( Galeria Esquina 40, em frente \u00e0 Padaria Santo Cristo).<br \/>\n<strong>Investimento:<\/strong> R$ 420,00 (pode ser pago \u00e0 vista ou parcelado e at\u00e9 4 vezes pelo PagSeguro)<\/p>\n<p><strong>Mais informa\u00e7\u00f5es:<\/strong> (81) 98646.9285 \/ 99996.5726<\/p>\n","protected":false},"excerpt":{"rendered":"<p>&nbsp; As terapeutas Aline S\u00e1 Barreto e Juliana Sampaio convidam adolescentes entre 16 e 18 anos que estejam definindo suas escolhas profissionais e passando por processos seletivos como ENEM e vestibulares para, em grupo, trabalharem as quest\u00f5es relacionadas a esse momento da vida, como press\u00e3o familiar e social, medo, ansiedade, estresse, d\u00favida, competi\u00e7\u00e3o, cansa\u00e7o. Para [&hellip;]<\/p>\n","protected":false},"author":1,"featured_media":30739,"comment_status":"open","ping_status":"open","sticky":false,"template":"","format":"standard","meta":{"om_disable_all_campaigns":false,"_monsterinsights_skip_tracking":false,"_monsterinsights_sitenote_active":false,"_monsterinsights_sitenote_note":"","_monsterinsights_sitenote_category":0,"footnotes":""},"categories":[8,214],"tags":[369,137,175,604],"acf":[],"publishpress_future_action":{"enabled":false,"date":"1969-12-31 21:00:00","action":"","terms":[],"taxonomy":"","browser_timezone_offset":0},"_links":{"self":[{"href":"https:\/\/portalfloresnoar.com\/floresnoar\/wp-json\/wp\/v2\/posts\/30702"}],"collection":[{"href":"https:\/\/portalfloresnoar.com\/floresnoar\/wp-json\/wp\/v2\/posts"}],"about":[{"href":"https:\/\/portalfloresnoar.com\/floresnoar\/wp-json\/wp\/v2\/types\/post"}],"author":[{"embeddable":true,"href":"https:\/\/portalfloresnoar.com\/floresnoar\/wp-json\/wp\/v2\/users\/1"}],"replies":[{"embeddable":true,"href":"https:\/\/portalfloresnoar.com\/floresnoar\/wp-json\/wp\/v2\/comments?post=30702"}],"version-history":[{"count":0,"href":"https:\/\/portalfloresnoar.com\/floresnoar\/wp-json\/wp\/v2\/posts\/30702\/revisions"}],"wp:featuredmedia":[{"embeddable":true,"href":"https:\/\/portalfloresnoar.com\/floresnoar\/wp-json\/wp\/v2\/media\/30739"}],"wp:attachment":[{"href":"https:\/\/portalfloresnoar.com\/floresnoar\/wp-json\/wp\/v2\/media?parent=30702"}],"wp:term":[{"taxonomy":"category","embeddable":true,"href":"https:\/\/portalfloresnoar.com\/floresnoar\/wp-json\/wp\/v2\/categories?post=30702"},{"taxonomy":"post_tag","embeddable":true,"href":"https:\/\/portalfloresnoar.com\/floresnoar\/wp-json\/wp\/v2\/tags?post=30702"}],"curies":[{"name":"wp","href":"https:\/\/api.w.org\/{rel}","templated":true}]}}