

{"id":30667,"date":"2017-07-04T06:25:46","date_gmt":"2017-07-04T09:25:46","guid":{"rendered":"https:\/\/portalfloresnoar.com\/floresnoar\/?p=30667"},"modified":"2017-09-13T19:22:18","modified_gmt":"2017-09-13T22:22:18","slug":"agenda-pe-cinecao-arte-e-contato-dia-129-na-maumau-com-entrada-gratuita","status":"publish","type":"post","link":"https:\/\/portalfloresnoar.com\/floresnoar\/agenda-pe-cinecao-arte-e-contato-dia-129-na-maumau-com-entrada-gratuita\/","title":{"rendered":"[AGENDA PE] Cinec\u00e3o: Arte \u00e9 Contato dia 12\/9 na Maumau com entrada gratuita"},"content":{"rendered":"<p><img decoding=\"async\" loading=\"lazy\" class=\"aligncenter size-full wp-image-30668\" src=\"https:\/\/portalfloresnoar.com\/floresnoar\/wp-content\/uploads\/2017\/09\/cinec\u00e3o.jpg\" alt=\"\" width=\"709\" height=\"992\" srcset=\"https:\/\/portalfloresnoar.com\/floresnoar\/wp-content\/uploads\/2017\/09\/cinec\u00e3o.jpg 709w, https:\/\/portalfloresnoar.com\/floresnoar\/wp-content\/uploads\/2017\/09\/cinec\u00e3o-214x300.jpg 214w, https:\/\/portalfloresnoar.com\/floresnoar\/wp-content\/uploads\/2017\/09\/cinec\u00e3o-500x700.jpg 500w\" sizes=\"(max-width: 709px) 100vw, 709px\" \/>Em sua pen\u00faltima edi\u00e7\u00e3o, o Cinec\u00e3o traz produ\u00e7\u00f5es que transversalizam conceitos como cria\u00e7\u00e3o art\u00edstica e coletiva e manifesta\u00e7\u00f5es pelos direitos civis. O evento ser\u00e1 no dia 12 de setembro, a partir das 19h, na Maumau Galeria, no Recife.<\/p>\n<p>O Cinec\u00e3o deste m\u00eas traz para uma conversa e troca de experi\u00eancias ex-alunos da Escola Martins J\u00fanior, um dos mais significativos Ocupe aqui em Recife. No per\u00edodo do OCUPE Martins J\u00fanior foram realizadas palestras, cine debates, aulas p\u00fablicas, atividades culturais e mutir\u00f5es de limpeza e revitaliza\u00e7\u00e3o do espa\u00e7o escolar. &#8220;No in\u00edcio da noite conversaremos com alguns destes alunos, assim como tamb\u00e9m exibiremos fotografias de um dia-a-dia de resist\u00eancia e de um vigoroso levante jovem contra for\u00e7as que v\u00eam avan\u00e7ando em todas as esferas de nosso cotidiano. N\u00e3o esque\u00e7amos! Arte \u00e9 Contato!&#8221;, declaram as produtoras do Cinec\u00e3o.<\/p>\n<p>Dialogando, apoiando, revigorando e refletindo experi\u00eancias como as citadas acima, Mariana Lacerda e Pedro Marques(SP) trazem ao Recife a videoinstalac\u00e3o DESERTO. &#8220;Dentre as insurg\u00eancias recentes da hist\u00f3ria pol\u00edtica brasileira, uma das mais inesperadas e potentes foi aquela promovida por estudantes secundaristas em v\u00e1rias cidades do pa\u00eds. Experi\u00eancia coletiva que atava micro e macropol\u00edticas de maneira original e punha em cheque formas de controle e pr\u00e1ticas de ensino, propondo a todos repensar o espa\u00e7o da escola como territ\u00f3rio de emancipa\u00e7\u00e3o.&#8221; DESERTO apresenta imagens dos ambientes ocupados da Escola Fern\u00e3o Dias, em S\u00e3o Paulo, na madrugada do dia 20 de dezembro de 2015, pouco antes do t\u00e9rmino da mobiliza\u00e7\u00e3o estudantil. Arte \u00e9 Contato.<\/p>\n<p>J\u00e1 v\u00eddeo CORRESPOND\u00caNCIA, de Gentil Porto Filho e Oriana Duarte, \u00e9 fruto de um processo de dialogo-carta no formato audiovisual. Segundo Gentil, essa troca di\u00e1ria n\u00e3o tinha data de conclus\u00e3o nem um formato pr\u00e9-estabelecido, realizados com celular, a \u00fanica ressalva era ser respondido no dia subseq\u00fcente ao recebimento. V\u00eddeos curtos, no m\u00e1ximo com 1 minuto de dura\u00e7\u00e3o, n\u00e3o deveriam passar pro processos de edi\u00e7\u00e3o: apenas uma certa coer\u00eancia entre a mensagem e a resposta. Uma maneira de garantir alguma associa\u00e7\u00e3o entre eles, evitando uma sequ\u00eancia arbitr\u00e1ria. A sequencia de setenta e oito v\u00eddeos ser\u00e1 exibida pela primeira vez neste Cinec\u00e3o, montados pela artista Isabela Stampanoni. O trabalho tem como perspectiva principal essa interlocu\u00e7\u00e3o e escuta, sinalizando essa sa\u00edda em comum nas a\u00e7\u00f5es deste Cinec\u00e3o: Arte \u00e9 Contato.<\/p>\n<p>O ambiente sonoro \u00e9 assinado por Thelmo Cristovam. O Cinec\u00e3o \u00e9 coordenado pela artista Lia Let\u00edcia, mas conta com o apoio dos artistas e de outros profissionais, da montagem ao registro fotogr\u00e1fico. Alem disso, importante lembrar do atual patrocinador, o Bar #PrimeiramenteForaTemer, sempre com bebidas geladas e quitutes caseiros. Ap\u00f3ie a iniciativa independente!<\/p>\n<p>SERVI\u00c7O<br \/>\nCinec\u00e3o: Arte \u00e9 Contato, com ex-alunos do Ocupe Martins Junior, Mariana Lacerda &amp; Pedro Marques e Gentil Porto Filho &amp; Oriana Duarte<br \/>\nDia 12 de setembro, a partir das 19h<br \/>\nSele\u00e7\u00e3o sonora de Thelmo Cristovam<br \/>\nLocal: Maumau, Rua Nicar\u00e1gua 173\/Espinheiro\/Recife<\/p>\n","protected":false},"excerpt":{"rendered":"<p>Em sua pen\u00faltima edi\u00e7\u00e3o, o Cinec\u00e3o traz produ\u00e7\u00f5es que transversalizam conceitos como cria\u00e7\u00e3o art\u00edstica e coletiva e manifesta\u00e7\u00f5es pelos direitos civis. O evento ser\u00e1 no dia 12 de setembro, a partir das 19h, na Maumau Galeria, no Recife. O Cinec\u00e3o deste m\u00eas traz para uma conversa e troca de experi\u00eancias ex-alunos da Escola Martins J\u00fanior, [&hellip;]<\/p>\n","protected":false},"author":1,"featured_media":30669,"comment_status":"open","ping_status":"open","sticky":false,"template":"","format":"standard","meta":{"om_disable_all_campaigns":false,"_monsterinsights_skip_tracking":false,"_monsterinsights_sitenote_active":false,"_monsterinsights_sitenote_note":"","_monsterinsights_sitenote_category":0,"footnotes":""},"categories":[8,214],"tags":[601,310,383,154],"acf":[],"publishpress_future_action":{"enabled":false,"date":"1969-12-31 21:00:00","action":"","terms":[],"taxonomy":"","browser_timezone_offset":0},"_links":{"self":[{"href":"https:\/\/portalfloresnoar.com\/floresnoar\/wp-json\/wp\/v2\/posts\/30667"}],"collection":[{"href":"https:\/\/portalfloresnoar.com\/floresnoar\/wp-json\/wp\/v2\/posts"}],"about":[{"href":"https:\/\/portalfloresnoar.com\/floresnoar\/wp-json\/wp\/v2\/types\/post"}],"author":[{"embeddable":true,"href":"https:\/\/portalfloresnoar.com\/floresnoar\/wp-json\/wp\/v2\/users\/1"}],"replies":[{"embeddable":true,"href":"https:\/\/portalfloresnoar.com\/floresnoar\/wp-json\/wp\/v2\/comments?post=30667"}],"version-history":[{"count":0,"href":"https:\/\/portalfloresnoar.com\/floresnoar\/wp-json\/wp\/v2\/posts\/30667\/revisions"}],"wp:featuredmedia":[{"embeddable":true,"href":"https:\/\/portalfloresnoar.com\/floresnoar\/wp-json\/wp\/v2\/media\/30669"}],"wp:attachment":[{"href":"https:\/\/portalfloresnoar.com\/floresnoar\/wp-json\/wp\/v2\/media?parent=30667"}],"wp:term":[{"taxonomy":"category","embeddable":true,"href":"https:\/\/portalfloresnoar.com\/floresnoar\/wp-json\/wp\/v2\/categories?post=30667"},{"taxonomy":"post_tag","embeddable":true,"href":"https:\/\/portalfloresnoar.com\/floresnoar\/wp-json\/wp\/v2\/tags?post=30667"}],"curies":[{"name":"wp","href":"https:\/\/api.w.org\/{rel}","templated":true}]}}