

{"id":30544,"date":"2017-08-03T14:00:07","date_gmt":"2017-08-03T17:00:07","guid":{"rendered":"https:\/\/portalfloresnoar.com\/floresnoar\/?p=30544"},"modified":"2017-10-10T14:55:26","modified_gmt":"2017-10-10T17:55:26","slug":"agenda-pecurso-de-florais-da-amazonia-com-maria-alice-dias-7-e-8-de-outubro-no-recife","status":"publish","type":"post","link":"https:\/\/portalfloresnoar.com\/floresnoar\/agenda-pecurso-de-florais-da-amazonia-com-maria-alice-dias-7-e-8-de-outubro-no-recife\/","title":{"rendered":"[AGENDA PE] Curso de Florais da Amaz\u00f4nia, com Maria Alice, dias 7 e 8 de outubro no Recife"},"content":{"rendered":"<p><img decoding=\"async\" loading=\"lazy\" class=\"aligncenter size-full wp-image-30545\" src=\"https:\/\/portalfloresnoar.com\/floresnoar\/wp-content\/uploads\/2017\/08\/curso-florais-da-amazonia-maria-alice.jpg\" alt=\"\" width=\"600\" height=\"760\" srcset=\"https:\/\/portalfloresnoar.com\/floresnoar\/wp-content\/uploads\/2017\/08\/curso-florais-da-amazonia-maria-alice.jpg 600w, https:\/\/portalfloresnoar.com\/floresnoar\/wp-content\/uploads\/2017\/08\/curso-florais-da-amazonia-maria-alice-237x300.jpg 237w, https:\/\/portalfloresnoar.com\/floresnoar\/wp-content\/uploads\/2017\/08\/curso-florais-da-amazonia-maria-alice-553x700.jpg 553w\" sizes=\"(max-width: 600px) 100vw, 600px\" \/><\/p>\n<p>A co-criadora do Sistema Florais da Amaz\u00f4nia, Maria Alice Campos Freire, realiza nos dias 7 e 8 de outubro, no Hotel Campestre de Aldeia, o &#8216;Curso de Florais da Amaz\u00f4nia &#8211; Equil\u00edbrio dos Padr\u00f5es Internos&#8217;.<\/p>\n<p>O curso &#8211; te\u00f3rico-vivencial, com carga hor\u00e1ria de 16 horas &#8211; \u00e9 voltado a estudantes e profissionais que atuem na \u00e1rea de sa\u00fade, educa\u00e7\u00e3o e desenvolvimento humano, bem como a qualquer indiv\u00edduo que queira ampliar seu processo de autoconhecimento. N\u00e3o \u00e9 necess\u00e1rio ter cursado o m\u00f3dulo B\u00e1sico para participar deste curso.<\/p>\n<p>\u201cEm todas as for\u00e7as da cria\u00e7\u00e3o o homem pode buscar amparo para potencializar-se na sua caminhada. Nas plantas poder\u00e1 encontrar aux\u00edlio espec\u00edfico para cada desequil\u00edbrio, cada enfrentamento, pois nas plantas podemos encontrar o sentimento e a sensibilidade&#8221;, declara Maria Alice.<\/p>\n<p>SOBRE MARIA ALICE<br \/>\n<img decoding=\"async\" loading=\"lazy\" class=\"wp-image-30547 alignleft\" src=\"https:\/\/portalfloresnoar.com\/floresnoar\/wp-content\/uploads\/2017\/08\/maria-alice_curso-florais-amazonia.jpg\" alt=\"\" width=\"332\" height=\"257\" srcset=\"https:\/\/portalfloresnoar.com\/floresnoar\/wp-content\/uploads\/2017\/08\/maria-alice_curso-florais-amazonia.jpg 974w, https:\/\/portalfloresnoar.com\/floresnoar\/wp-content\/uploads\/2017\/08\/maria-alice_curso-florais-amazonia-300x232.jpg 300w, https:\/\/portalfloresnoar.com\/floresnoar\/wp-content\/uploads\/2017\/08\/maria-alice_curso-florais-amazonia-768x595.jpg 768w, https:\/\/portalfloresnoar.com\/floresnoar\/wp-content\/uploads\/2017\/08\/maria-alice_curso-florais-amazonia-700x542.jpg 700w\" sizes=\"(max-width: 332px) 100vw, 332px\" \/>Maria Alice Campos Freire estuda e desenvolve, h\u00e1 mais de uma d\u00e9cada, conjuntamente com Isabel Bars\u00e9, &#8216;Os Florais da Amaz\u00f4nia&#8217;.<\/p>\n<p>\u00c9 curadora, fundadora do Centro Medicina da Floresta, e trabalha ativamente na preserva\u00e7\u00e3o da Floresta Amaz\u00f4nica e das medicinas tradicionais.<\/p>\n<p>\u00c9 Membro do Conselho Internacional das Treze Av\u00f3s Nativas, f\u00f3rum de av\u00f3s das quatro dire\u00e7\u00f5es do planeta, que peregrina pelo mundo levando a semente da Paz. As treze Av\u00f3s se uniram para proteger as terras onde vivem e as comunidades tradicionais, salvaguardar com seguran\u00e7a a heran\u00e7a coletiva das medicinas tradicionais e defender a pr\u00f3pria Terra. Estabelecem alian\u00e7a por meio de preces, educa\u00e7\u00e3o e cura pela nossa M\u00e3e Terra, todos os seus habitantes, em especial as crian\u00e7as, e as sete gera\u00e7\u00f5es vindouras.<\/p>\n<p>CONTE\u00daDO PROGRAM\u00c1TICO DO CURSO:<br \/>\n\u2022 As flores da Amaz\u00f4nia e os elementos constituintes da natureza.<br \/>\n\u2022 Princ\u00edpios associativos das f\u00f3rmulas do grupo \u201cEquil\u00edbrio dos Padr\u00f5es Internos\u201d.<br \/>\n\u2022 Diagn\u00f3stico com base na elementoterapia.<br \/>\n\u2022 O balanceamento das ess\u00eancias de acordo com os n\u00edveis de manifesta\u00e7\u00e3o e os padr\u00f5es da natureza.<br \/>\n\u2022 O balanceamento das ess\u00eancias de acordo com a elementoterapia.<br \/>\n\u2022 Exerc\u00edcio de autoconhecimento por meio das ess\u00eancias florais.<br \/>\n\u2022 Exerc\u00edcios pr\u00e1ticos de aplica\u00e7\u00e3o dos crit\u00e9rios de associa\u00e7\u00e3o das ess\u00eancias apresentados \u2013 estudo de casos cl\u00ednicos.<\/p>\n<p><strong>Curso de Florais da Amaz\u00f4nia: Equil\u00edbrio dos Padr\u00f5es Internos<\/strong><br \/>\n<strong>Data:<\/strong> 7 e 8 de outubro de 2017<br \/>\n<strong>Hora:<\/strong> das 9h \u00e0s 18h<br \/>\n<strong>Local:<\/strong> Hotel Campestre de Aldeia<br \/>\n(Rua Jos\u00e9 Severino de Barros, km 13, 465 &#8211; Aldeia dos Camar\u00e1s, Camaragibe &#8211; PE)<br \/>\n<strong>Carga Hor\u00e1ria:<\/strong> 16h<br \/>\n<strong>Investimento:<\/strong> R$ 460,00 (at\u00e9 o dia 10\/9) e R$ 510,00 (ap\u00f3s 10\/9)<\/p>\n<p><strong>Informa\u00e7\u00f5es e Inscri\u00e7\u00f5es:<\/strong><br \/>\n7sereias@gmail.com<br \/>\n(81) 997940225<\/p>\n<p><strong>Evento no Facebook:<\/strong> <a href=\"https:\/\/www.facebook.com\/events\/112314609450968\/\" target=\"_blank\" rel=\"noopener\">https:\/\/www.facebook.com\/events\/112314609450968\/<\/a><\/p>\n","protected":false},"excerpt":{"rendered":"<p>A co-criadora do Sistema Florais da Amaz\u00f4nia, Maria Alice Campos Freire, realiza nos dias 7 e 8 de outubro, no Hotel Campestre de Aldeia, o &#8216;Curso de Florais da Amaz\u00f4nia &#8211; Equil\u00edbrio dos Padr\u00f5es Internos&#8217;. O curso &#8211; te\u00f3rico-vivencial, com carga hor\u00e1ria de 16 horas &#8211; \u00e9 voltado a estudantes e profissionais que atuem na [&hellip;]<\/p>\n","protected":false},"author":1,"featured_media":30546,"comment_status":"open","ping_status":"open","sticky":false,"template":"","format":"standard","meta":{"om_disable_all_campaigns":false,"_monsterinsights_skip_tracking":false,"_monsterinsights_sitenote_active":false,"_monsterinsights_sitenote_note":"","_monsterinsights_sitenote_category":0,"footnotes":""},"categories":[8,214],"tags":[167,569,435],"acf":[],"publishpress_future_action":{"enabled":false,"date":"1969-12-31 21:00:00","action":"","terms":[],"taxonomy":"","browser_timezone_offset":0},"_links":{"self":[{"href":"https:\/\/portalfloresnoar.com\/floresnoar\/wp-json\/wp\/v2\/posts\/30544"}],"collection":[{"href":"https:\/\/portalfloresnoar.com\/floresnoar\/wp-json\/wp\/v2\/posts"}],"about":[{"href":"https:\/\/portalfloresnoar.com\/floresnoar\/wp-json\/wp\/v2\/types\/post"}],"author":[{"embeddable":true,"href":"https:\/\/portalfloresnoar.com\/floresnoar\/wp-json\/wp\/v2\/users\/1"}],"replies":[{"embeddable":true,"href":"https:\/\/portalfloresnoar.com\/floresnoar\/wp-json\/wp\/v2\/comments?post=30544"}],"version-history":[{"count":0,"href":"https:\/\/portalfloresnoar.com\/floresnoar\/wp-json\/wp\/v2\/posts\/30544\/revisions"}],"wp:featuredmedia":[{"embeddable":true,"href":"https:\/\/portalfloresnoar.com\/floresnoar\/wp-json\/wp\/v2\/media\/30546"}],"wp:attachment":[{"href":"https:\/\/portalfloresnoar.com\/floresnoar\/wp-json\/wp\/v2\/media?parent=30544"}],"wp:term":[{"taxonomy":"category","embeddable":true,"href":"https:\/\/portalfloresnoar.com\/floresnoar\/wp-json\/wp\/v2\/categories?post=30544"},{"taxonomy":"post_tag","embeddable":true,"href":"https:\/\/portalfloresnoar.com\/floresnoar\/wp-json\/wp\/v2\/tags?post=30544"}],"curies":[{"name":"wp","href":"https:\/\/api.w.org\/{rel}","templated":true}]}}