

{"id":30482,"date":"2017-06-30T06:40:41","date_gmt":"2017-06-30T09:40:41","guid":{"rendered":"https:\/\/portalfloresnoar.com\/floresnoar\/?p=30482"},"modified":"2017-09-02T14:34:26","modified_gmt":"2017-09-02T17:34:26","slug":"agenda-pe-pazto-com-lu-rabelo-antonio-de-hollanda-e-convidados-nesta-quinta-no-iraq","status":"publish","type":"post","link":"https:\/\/portalfloresnoar.com\/floresnoar\/agenda-pe-pazto-com-lu-rabelo-antonio-de-hollanda-e-convidados-nesta-quinta-no-iraq\/","title":{"rendered":"[AGENDA PE] PAzTO, com Lu Rabelo, Ant\u00f4nio de Hollanda e convidados, dia 31\/8\/2017, no Iraq"},"content":{"rendered":"<figure id=\"attachment_30490\" aria-describedby=\"caption-attachment-30490\" style=\"width: 700px\" class=\"wp-caption aligncenter\"><img decoding=\"async\" loading=\"lazy\" class=\"wp-image-30490\" src=\"https:\/\/portalfloresnoar.com\/floresnoar\/wp-content\/uploads\/2017\/08\/Lu-Rabelo-e-Antonio-de-Hollanda_FOTO-AZUL-ACOSTA-5.jpg\" alt=\"\" width=\"700\" height=\"423\" srcset=\"https:\/\/portalfloresnoar.com\/floresnoar\/wp-content\/uploads\/2017\/08\/Lu-Rabelo-e-Antonio-de-Hollanda_FOTO-AZUL-ACOSTA-5.jpg 1200w, https:\/\/portalfloresnoar.com\/floresnoar\/wp-content\/uploads\/2017\/08\/Lu-Rabelo-e-Antonio-de-Hollanda_FOTO-AZUL-ACOSTA-5-300x181.jpg 300w, https:\/\/portalfloresnoar.com\/floresnoar\/wp-content\/uploads\/2017\/08\/Lu-Rabelo-e-Antonio-de-Hollanda_FOTO-AZUL-ACOSTA-5-768x463.jpg 768w, https:\/\/portalfloresnoar.com\/floresnoar\/wp-content\/uploads\/2017\/08\/Lu-Rabelo-e-Antonio-de-Hollanda_FOTO-AZUL-ACOSTA-5-700x422.jpg 700w\" sizes=\"(max-width: 700px) 100vw, 700px\" \/><figcaption id=\"caption-attachment-30490\" class=\"wp-caption-text\">Foto: Azul Acosta<\/figcaption><\/figure>\n<p>Toda quinta feira, no Iraq (WoW Vegan Club)\u00a0, o m\u00fasico Juvenil Silva recebe ilustres convidados, estimulando a troca entre compositores. Esta semana, na quinta, dia 31\/8, \u00e9 a vez dos m\u00fasicos Ant\u00f4nio de Hollanda e Lu Rabelo, com a participa\u00e7\u00e3o de diversos convidados: Rodrigo CM, Ju Menezes, Rog\u00ea Victor, Ivan Ferreira, Sabrina Carvalho, Jordanna Vit\u00f3ria, Marcos Holanda, Ana\u00edra Mahin, Rildo de Deus e o pr\u00f3prio anfitri\u00e3o, Juvenil Silva.<\/p>\n<p>&#8220;Quando recebi o convite de Juvenil me deu vontade de aproveitar a ocasi\u00e3o para reunir parceiros musicais e amigos, optando por um repert\u00f3rio de can\u00e7\u00f5es minhas que geralmente n\u00e3o toco nos shows e tamb\u00e9m cantando m\u00fasicas dos convidados&#8221;, conta Lu Rabelo.<\/p>\n<p>Ant\u00f4nio de Hollanda, que j\u00e1 toca nos shows de Lu, tamb\u00e9m convidou amigos em comum e o pai, o compositor Marcos de Holanda, para cantarem com ele.<\/p>\n<p>&#8220;A ideia \u00e9 ritualizar neste \u00faltimo dia de agosto, num clima de festa entre amigos, j\u00e1 chamando as energias primaveris&#8221;, convidam Lu e Ant\u00f4nio.<\/p>\n<p><strong>PAzTO, com Lu Rabelo, Ant\u00f4nio de Hollanda e convidados<\/strong><br \/>\n<strong>Data:<\/strong> Quinta, 31\/08\/2017<br \/>\n<strong>Hora:<\/strong> 20h<br \/>\n<strong>Local:<\/strong> IRAQ (WoW Vegan Club) &#8211; Rua do Sossego, 179, Boa Vista, Recife\/PE<br \/>\n<strong>Ingresso:<\/strong> R$ 10,00<\/p>\n<p><strong>Evento no Facebook:<\/strong>\u00a0<a href=\"https:\/\/www.facebook.com\/events\/460803120941793\" target=\"_blank\" rel=\"noopener\">https:\/\/www.facebook.com\/events\/460803120941793<\/a><\/p>\n","protected":false},"excerpt":{"rendered":"<p>Toda quinta feira, no Iraq (WoW Vegan Club)\u00a0, o m\u00fasico Juvenil Silva recebe ilustres convidados, estimulando a troca entre compositores. Esta semana, na quinta, dia 31\/8, \u00e9 a vez dos m\u00fasicos Ant\u00f4nio de Hollanda e Lu Rabelo, com a participa\u00e7\u00e3o de diversos convidados: Rodrigo CM, Ju Menezes, Rog\u00ea Victor, Ivan Ferreira, Sabrina Carvalho, Jordanna Vit\u00f3ria, [&hellip;]<\/p>\n","protected":false},"author":1,"featured_media":30490,"comment_status":"open","ping_status":"open","sticky":false,"template":"","format":"standard","meta":{"om_disable_all_campaigns":false,"_monsterinsights_skip_tracking":false,"_monsterinsights_sitenote_active":false,"_monsterinsights_sitenote_note":"","_monsterinsights_sitenote_category":0,"footnotes":""},"categories":[8,214],"tags":[591,125],"acf":[],"publishpress_future_action":{"enabled":false,"date":"1969-12-31 21:00:00","action":"","terms":[],"taxonomy":"","browser_timezone_offset":0},"_links":{"self":[{"href":"https:\/\/portalfloresnoar.com\/floresnoar\/wp-json\/wp\/v2\/posts\/30482"}],"collection":[{"href":"https:\/\/portalfloresnoar.com\/floresnoar\/wp-json\/wp\/v2\/posts"}],"about":[{"href":"https:\/\/portalfloresnoar.com\/floresnoar\/wp-json\/wp\/v2\/types\/post"}],"author":[{"embeddable":true,"href":"https:\/\/portalfloresnoar.com\/floresnoar\/wp-json\/wp\/v2\/users\/1"}],"replies":[{"embeddable":true,"href":"https:\/\/portalfloresnoar.com\/floresnoar\/wp-json\/wp\/v2\/comments?post=30482"}],"version-history":[{"count":0,"href":"https:\/\/portalfloresnoar.com\/floresnoar\/wp-json\/wp\/v2\/posts\/30482\/revisions"}],"wp:featuredmedia":[{"embeddable":true,"href":"https:\/\/portalfloresnoar.com\/floresnoar\/wp-json\/wp\/v2\/media\/30490"}],"wp:attachment":[{"href":"https:\/\/portalfloresnoar.com\/floresnoar\/wp-json\/wp\/v2\/media?parent=30482"}],"wp:term":[{"taxonomy":"category","embeddable":true,"href":"https:\/\/portalfloresnoar.com\/floresnoar\/wp-json\/wp\/v2\/categories?post=30482"},{"taxonomy":"post_tag","embeddable":true,"href":"https:\/\/portalfloresnoar.com\/floresnoar\/wp-json\/wp\/v2\/tags?post=30482"}],"curies":[{"name":"wp","href":"https:\/\/api.w.org\/{rel}","templated":true}]}}