

{"id":30479,"date":"2017-06-28T15:25:07","date_gmt":"2017-06-28T18:25:07","guid":{"rendered":"https:\/\/portalfloresnoar.com\/floresnoar\/?p=30479"},"modified":"2017-09-02T16:04:24","modified_gmt":"2017-09-02T19:04:24","slug":"agenda-pe-gestar-roda-para-gravids-e-interessads-dia-29-na-maumau","status":"publish","type":"post","link":"https:\/\/portalfloresnoar.com\/floresnoar\/agenda-pe-gestar-roda-para-gravids-e-interessads-dia-29-na-maumau\/","title":{"rendered":"[AGENDA PE] Gestar &#8211; Roda para gr\u00e1vid@s e interessad@s, dia 2\/9, na Maumau"},"content":{"rendered":"<figure id=\"attachment_30480\" aria-describedby=\"caption-attachment-30480\" style=\"width: 720px\" class=\"wp-caption aligncenter\"><a href=\"Foto: Arquivo Pessoal imagem: Taciana Brown \"><img decoding=\"async\" loading=\"lazy\" class=\"wp-image-30480 size-full\" src=\"https:\/\/portalfloresnoar.com\/floresnoar\/wp-content\/uploads\/2017\/08\/roda-de-gestantes-na-maumau.jpg\" alt=\"\" width=\"720\" height=\"410\" srcset=\"https:\/\/portalfloresnoar.com\/floresnoar\/wp-content\/uploads\/2017\/08\/roda-de-gestantes-na-maumau.jpg 720w, https:\/\/portalfloresnoar.com\/floresnoar\/wp-content\/uploads\/2017\/08\/roda-de-gestantes-na-maumau-300x171.jpg 300w, https:\/\/portalfloresnoar.com\/floresnoar\/wp-content\/uploads\/2017\/08\/roda-de-gestantes-na-maumau-700x399.jpg 700w\" sizes=\"(max-width: 720px) 100vw, 720px\" \/><\/a><figcaption id=\"caption-attachment-30480\" class=\"wp-caption-text\">Foto: Tati Brown\/ Arquivo pessoal<\/figcaption><\/figure>\n<p>A pr\u00f3xima Roda de gr\u00e1vid@s do Gestar ser\u00e1 realizada neste s\u00e1bado (2\/9), das 15h \u00e0s 17h, na Maumau, localizada no bairro do Espinheiro, no Recife.\u00a0A Roda \u00e9 aberta a tod@s @s interessad@s (gr\u00e1vid@s e n\u00e3o-gr\u00e1vid@s)!<\/p>\n<p>&#8220;Contamos com a presen\u00e7a daquel@s que j\u00e1 pariram pra nos trazer o seu relato e, claro, @s que est\u00e3o gestando e se preparando para a chegada do beb\u00ea. Esta troca \u00e9 enriquecedora, para o gestar, para o parir, para a vida&#8221;,\u00a0convida Dani Siqueira, facilitadora da Roda.<\/p>\n<p><strong>Gestar &#8211; Roda para gr\u00e1vid@s e interessad@s<\/strong><br \/>\n<strong>Dia:<\/strong> 02\/08\/2107 (s\u00e1bado)<br \/>\n<strong>Hora:<\/strong> 15h \u00e0s 17h<br \/>\n<strong>Tema:<\/strong> Tipos de Parto<br \/>\n<strong>Local:<\/strong> MAUMAU &#8211; Rua Nicar\u00e1gua, 173 \u2013 Espinheiro, Recife \u2013 PE<\/p>\n<p><em>Entrada gratuita!<\/em><\/p>\n<p><strong>+ Informa\u00e7\u00f5es:<\/strong> Dani Siqueira | Gestar (81) 997911582 \/ 985348281<\/p>\n","protected":false},"excerpt":{"rendered":"<p>A pr\u00f3xima Roda de gr\u00e1vid@s do Gestar ser\u00e1 realizada neste s\u00e1bado (2\/9), das 15h \u00e0s 17h, na Maumau, localizada no bairro do Espinheiro, no Recife.\u00a0A Roda \u00e9 aberta a tod@s @s interessad@s (gr\u00e1vid@s e n\u00e3o-gr\u00e1vid@s)! &#8220;Contamos com a presen\u00e7a daquel@s que j\u00e1 pariram pra nos trazer o seu relato e, claro, @s que est\u00e3o gestando [&hellip;]<\/p>\n","protected":false},"author":1,"featured_media":30480,"comment_status":"open","ping_status":"open","sticky":false,"template":"","format":"standard","meta":{"om_disable_all_campaigns":false,"_monsterinsights_skip_tracking":false,"_monsterinsights_sitenote_active":false,"_monsterinsights_sitenote_note":"","_monsterinsights_sitenote_category":0,"footnotes":""},"categories":[8,214],"tags":[80,22,39,599],"acf":[],"publishpress_future_action":{"enabled":false,"date":"1969-12-31 21:00:00","action":"","terms":[],"taxonomy":"","browser_timezone_offset":0},"_links":{"self":[{"href":"https:\/\/portalfloresnoar.com\/floresnoar\/wp-json\/wp\/v2\/posts\/30479"}],"collection":[{"href":"https:\/\/portalfloresnoar.com\/floresnoar\/wp-json\/wp\/v2\/posts"}],"about":[{"href":"https:\/\/portalfloresnoar.com\/floresnoar\/wp-json\/wp\/v2\/types\/post"}],"author":[{"embeddable":true,"href":"https:\/\/portalfloresnoar.com\/floresnoar\/wp-json\/wp\/v2\/users\/1"}],"replies":[{"embeddable":true,"href":"https:\/\/portalfloresnoar.com\/floresnoar\/wp-json\/wp\/v2\/comments?post=30479"}],"version-history":[{"count":0,"href":"https:\/\/portalfloresnoar.com\/floresnoar\/wp-json\/wp\/v2\/posts\/30479\/revisions"}],"wp:featuredmedia":[{"embeddable":true,"href":"https:\/\/portalfloresnoar.com\/floresnoar\/wp-json\/wp\/v2\/media\/30480"}],"wp:attachment":[{"href":"https:\/\/portalfloresnoar.com\/floresnoar\/wp-json\/wp\/v2\/media?parent=30479"}],"wp:term":[{"taxonomy":"category","embeddable":true,"href":"https:\/\/portalfloresnoar.com\/floresnoar\/wp-json\/wp\/v2\/categories?post=30479"},{"taxonomy":"post_tag","embeddable":true,"href":"https:\/\/portalfloresnoar.com\/floresnoar\/wp-json\/wp\/v2\/tags?post=30479"}],"curies":[{"name":"wp","href":"https:\/\/api.w.org\/{rel}","templated":true}]}}