

{"id":30427,"date":"2017-08-01T14:48:09","date_gmt":"2017-08-01T17:48:09","guid":{"rendered":"https:\/\/portalfloresnoar.com\/floresnoar\/?p=30427"},"modified":"2017-09-08T11:43:18","modified_gmt":"2017-09-08T14:43:18","slug":"agenda-pe-curso-de-especializacao-em-psicologia-clinica-com-foco-em-analise-bioenergetica","status":"publish","type":"post","link":"https:\/\/portalfloresnoar.com\/floresnoar\/agenda-pe-curso-de-especializacao-em-psicologia-clinica-com-foco-em-analise-bioenergetica\/","title":{"rendered":"[AGENDA PE] Curso de Especializa\u00e7\u00e3o em Psicologia Cl\u00ednica com foco em An\u00e1lise Bioenerg\u00e9tica"},"content":{"rendered":"<p><img decoding=\"async\" loading=\"lazy\" class=\"aligncenter size-full wp-image-30428\" src=\"https:\/\/portalfloresnoar.com\/floresnoar\/wp-content\/uploads\/2017\/08\/especializacao-psicologia_bioenergetica.jpg\" alt=\"\" width=\"700\" height=\"522\" srcset=\"https:\/\/portalfloresnoar.com\/floresnoar\/wp-content\/uploads\/2017\/08\/especializacao-psicologia_bioenergetica.jpg 700w, https:\/\/portalfloresnoar.com\/floresnoar\/wp-content\/uploads\/2017\/08\/especializacao-psicologia_bioenergetica-300x224.jpg 300w, https:\/\/portalfloresnoar.com\/floresnoar\/wp-content\/uploads\/2017\/08\/especializacao-psicologia_bioenergetica-160x120.jpg 160w\" sizes=\"(max-width: 700px) 100vw, 700px\" \/><\/p>\n<p>O Libertas realiza a partir do dia 15 de setembro, no Recife, o Curso de Especializa\u00e7\u00e3o em Psicologia Cl\u00ednica com foco em An\u00e1lise Bioenerg\u00e9tica. O p\u00fablico-alvo s\u00e3o psic\u00f3logos, m\u00e9dicos e tamb\u00e9m profissionais de outras \u00e1reas. A Especializa\u00e7\u00e3o tem dura\u00e7\u00e3o de 26 meses.<\/p>\n<p>O curso tem como objetivo especializar psic\u00f3logos na \u00e1rea da cl\u00ednica, com foco em an\u00e1lise bioenerg\u00e9tica, capacitando-os a atuarem nas diferentes modalidades da cl\u00ednica privada, p\u00fablica e na comunidade, com vis\u00e3o atualizada sobre as quest\u00f5es humanas e sociais, assim como aprimorar e ampliar o conhecimento dos profissionais das diversas \u00e1reas do conhecimento, atrav\u00e9s do estudo e da interdepend\u00eancia biopsicossocial.<\/p>\n<p>CONTE\u00daDO PROGRAM\u00c1TICO<\/p>\n<ul>\n<li>Teoria da an\u00e1lise bioenerg\u00e9tica<\/li>\n<li>Pr\u00e1tica da an\u00e1lise bioenerg\u00e9tica<\/li>\n<li>Teoria de Winnicott<\/li>\n<li>Recursos terap\u00eauticos na an\u00e1lise bioenerg\u00e9tica<\/li>\n<li>Cl\u00ednica na contemporaneidade<\/li>\n<li>Teoria de Reich<\/li>\n<li>Metodologia da pesquisa<\/li>\n<li>Treinamento em interven\u00e7\u00e3o Psicocorporal<\/li>\n<\/ul>\n<p>MAIS INFORMA\u00c7\u00d5ES<br \/>\n(81) 3269.331\/ 3268.3596\/ 99721.2021<br \/>\nlibertas@libertas.com.br<br \/>\n<a href=\"http:\/\/www.libertas.com.br\/\" target=\"_blank\" rel=\"noopener\">www.libertas.com.br<\/a><\/p>\n","protected":false},"excerpt":{"rendered":"<p>O Libertas realiza a partir do dia 15 de setembro, no Recife, o Curso de Especializa\u00e7\u00e3o em Psicologia Cl\u00ednica com foco em An\u00e1lise Bioenerg\u00e9tica. O p\u00fablico-alvo s\u00e3o psic\u00f3logos, m\u00e9dicos e tamb\u00e9m profissionais de outras \u00e1reas. A Especializa\u00e7\u00e3o tem dura\u00e7\u00e3o de 26 meses. O curso tem como objetivo especializar psic\u00f3logos na \u00e1rea da cl\u00ednica, com foco [&hellip;]<\/p>\n","protected":false},"author":1,"featured_media":30430,"comment_status":"open","ping_status":"open","sticky":false,"template":"","format":"standard","meta":{"om_disable_all_campaigns":false,"_monsterinsights_skip_tracking":false,"_monsterinsights_sitenote_active":false,"_monsterinsights_sitenote_note":"","_monsterinsights_sitenote_category":0,"footnotes":""},"categories":[8,214],"tags":[132,167,592,81],"acf":[],"publishpress_future_action":{"enabled":false,"date":"1969-12-31 21:00:00","action":"","terms":[],"taxonomy":"","browser_timezone_offset":0},"_links":{"self":[{"href":"https:\/\/portalfloresnoar.com\/floresnoar\/wp-json\/wp\/v2\/posts\/30427"}],"collection":[{"href":"https:\/\/portalfloresnoar.com\/floresnoar\/wp-json\/wp\/v2\/posts"}],"about":[{"href":"https:\/\/portalfloresnoar.com\/floresnoar\/wp-json\/wp\/v2\/types\/post"}],"author":[{"embeddable":true,"href":"https:\/\/portalfloresnoar.com\/floresnoar\/wp-json\/wp\/v2\/users\/1"}],"replies":[{"embeddable":true,"href":"https:\/\/portalfloresnoar.com\/floresnoar\/wp-json\/wp\/v2\/comments?post=30427"}],"version-history":[{"count":0,"href":"https:\/\/portalfloresnoar.com\/floresnoar\/wp-json\/wp\/v2\/posts\/30427\/revisions"}],"wp:featuredmedia":[{"embeddable":true,"href":"https:\/\/portalfloresnoar.com\/floresnoar\/wp-json\/wp\/v2\/media\/30430"}],"wp:attachment":[{"href":"https:\/\/portalfloresnoar.com\/floresnoar\/wp-json\/wp\/v2\/media?parent=30427"}],"wp:term":[{"taxonomy":"category","embeddable":true,"href":"https:\/\/portalfloresnoar.com\/floresnoar\/wp-json\/wp\/v2\/categories?post=30427"},{"taxonomy":"post_tag","embeddable":true,"href":"https:\/\/portalfloresnoar.com\/floresnoar\/wp-json\/wp\/v2\/tags?post=30427"}],"curies":[{"name":"wp","href":"https:\/\/api.w.org\/{rel}","templated":true}]}}