

{"id":30369,"date":"2024-04-08T06:01:13","date_gmt":"2024-04-08T09:01:13","guid":{"rendered":"https:\/\/portalfloresnoar.com\/floresnoar\/?p=30369"},"modified":"2024-04-08T22:43:53","modified_gmt":"2024-04-09T01:43:53","slug":"lunario-a-lua-meu-calendario-lua-nova","status":"publish","type":"post","link":"https:\/\/portalfloresnoar.com\/floresnoar\/lunario-a-lua-meu-calendario-lua-nova\/","title":{"rendered":"[Lun\u00e1rio] Lua Nova &#8211; Tempo de Semear"},"content":{"rendered":"<p>&nbsp;<\/p>\n<p><img decoding=\"async\" loading=\"lazy\" class=\"wp-image-30371 aligncenter\" src=\"http:\/\/portalfloresnoar.com\/floresnoar\/wp-content\/uploads\/2017\/08\/lua-nova_lunario_raphael-bruno.jpg\" alt=\"\" width=\"404\" height=\"390\" srcset=\"https:\/\/portalfloresnoar.com\/floresnoar\/wp-content\/uploads\/2017\/08\/lua-nova_lunario_raphael-bruno.jpg 632w, https:\/\/portalfloresnoar.com\/floresnoar\/wp-content\/uploads\/2017\/08\/lua-nova_lunario_raphael-bruno-300x290.jpg 300w\" sizes=\"(max-width: 404px) 100vw, 404px\" \/><\/p>\n<p>| Por<a href=\"https:\/\/www.instagram.com\/raphael_bruno_\/\" target=\"_blank\" rel=\"noopener\"> Raphael Bruno<\/a> |<\/p>\n<p>Na fase nova, SOL e LUA nascem e se poem juntos, numa SINERGIA C\u00d3SMICA. \u00c9 um per\u00edodo escuro e dif\u00edcil para os ca\u00e7adores, mas infinitamente belo para quem olha para as estrelas e o firmamento.<\/p>\n<p>Tempo bom para SEMEAR e elaborar novas arquiteturas, NOVOS SONHOS e visualiza\u00e7\u00f5es criativas para se manifestarem com vigor, esplendor, raz\u00e3o e beleza.<\/p>\n<p>A cada Lua Nova recuperamos a esperan\u00e7a de que tudo pode ser refeito, reconstru\u00eddo, re-organizado. \u00c9 o momento lunar considerado o mais importante, pois todo o ciclo seguinte \u00e9 um desdobramento das inten\u00e7\u00f5es plantadas na LUA NOVA.<\/p>\n<p>Os seres humanos do passado sabiam e reconheciam essa fase Lunar e a celebravam.\u00a0E, mais que isso, sabiam que a cada um de n\u00f3s foi dado o direito de sermos CO-CRIADORES, projetar realiza\u00e7\u00f5es atrav\u00e9s do pensamento e viver sob a for\u00e7a magn\u00e9tica da PALAVRA.<\/p>\n<p>Nessa momento de transi\u00e7\u00e3o, que tal perguntar: &#8216;onde est\u00e3o meus pensamento e palavras?&#8217; &#8216;como estou usando essas vibra\u00e7\u00f5es criativas na minha vida?&#8217;<\/p>\n<p>A for\u00e7a da LUA NOVA solicita essa reflex\u00e3o e demanda disciplina, devido \u00e0 sua natureza amplificadora das nossas proje\u00e7\u00f5es\/manifesta\u00e7\u00f5es na realidade.<\/p>\n<p>A LUA NOVA \u00e9 o melhor momento para soltar nos ares as boas novas, as ideias guardadas e materializ\u00e1-las em SOM e MOVIMENTO. S\u00e3o extraordin\u00e1rios os resultados pr\u00f3speros dessa sincronicidade!<\/p>\n<p>Os povos antigos ficavam assustados quando a Lua sumia do c\u00e9u, quando, do ponto de vista da Terra, a Lua n\u00e3o refletia a luz do Sol. Isso os deixava desorientados, perdidos.<\/p>\n<p>Ainda hoje, mesmo a maioria das pessoas n\u00e3o se orientando pelo ciclo lunar, \u00e9 assim como nos sentimos na fase Nova da Lua. Nosso sistema digestivo fica mais lento, h\u00e1 maior necessidade de horas de sono, as pernas ficam pesadas, o cora\u00e7\u00e3o aperta. H\u00e1 car\u00eancia de energia e isso gera em n\u00f3s uma s\u00e9rie de jogos mentais em que a mente, sem energia e ao mesmo tempo agitada, busca compensar\/explicar isso com pensamentos err\u00e1ticos, sensa\u00e7\u00f5es de perda, de medo, escassez, impulsos de ansiedade e REA\u00c7\u00d5ES N\u00c3O CONVENCIONAIS, pois \u00e9 uma fase natural de reajustes, e nossa engrenagem est\u00e1 recome\u00e7ando o ciclo.<\/p>\n<p>Os cabalistas se referem a esse dia como sendo a \u201ccabe\u00e7a do m\u00eas&#8221;.<\/p>\n<p>Sua natureza \u00e9 da SEMENTE. Seu potencial \u00e9 de FLOR e FRUTO.<\/p>\n<p>H\u00e1 nessa fase uma misteriosa for\u00e7a que possibilita a MANIFESTA\u00c7\u00c3O do novo em nossas vidas.<\/p>\n<p>\u00c9 SOLO especial para SEMEAR todas as mudan\u00e7as, consolida\u00e7\u00e3o de ideias e projetos, materializa\u00e7\u00e3o dos desejos mais \u00edntimos.<\/p>\n<p>A vida que segue e vem em ondas de criatividade te convida para ser tamb\u00e9m um co-criador de realidades.<\/p>\n<p>Os TUPI-GUARANIS nomeiam essa vibra\u00e7\u00e3o criativa do ser de N\u2019HENG. O N\u2019heng se manifesta continuamente por tr\u00eas vias: PALAVRA, PENSAMENTO E SENTIMENTO e encontra seu maior protagonismo na LUA NOVA.<\/p>\n<p>Como a Lua ir\u00e1 crescer em FOR\u00c7A e LUZ, nossas invoca\u00e7\u00f5es para esse per\u00edodo devem ser de PROSPERIDADE e EXPANS\u00c3O.<\/p>\n<p>O que voc\u00ea quiser, projeto-o, CANTE-O, e veja o que acontece!<\/p>\n<p><strong><em>Fonte: Lun\u00e1rio &#8211; a Lua meu calend\u00e1rio<\/em><\/strong><\/p>\n<p><em>Raphael Bruno &#8211; Yoga &amp; Terapia do Som<\/em><br \/>\n<em> <a href=\"https:\/\/www.instagram.com\/raphael_bruno_\/\" target=\"_blank\" rel=\"noopener\">https:\/\/www.instagram.com\/raphael_bruno<\/a><\/em><\/p>\n","protected":false},"excerpt":{"rendered":"<p>&nbsp; | Por Raphael Bruno | Na fase nova, SOL e LUA nascem e se poem juntos, numa SINERGIA C\u00d3SMICA. \u00c9 um per\u00edodo escuro e dif\u00edcil para os ca\u00e7adores, mas infinitamente belo para quem olha para as estrelas e o firmamento. Tempo bom para SEMEAR e elaborar novas arquiteturas, NOVOS SONHOS e visualiza\u00e7\u00f5es criativas para [&hellip;]<\/p>\n","protected":false},"author":1,"featured_media":30372,"comment_status":"open","ping_status":"open","sticky":false,"template":"","format":"standard","meta":{"om_disable_all_campaigns":false,"_monsterinsights_skip_tracking":false,"_monsterinsights_sitenote_active":false,"_monsterinsights_sitenote_note":"","_monsterinsights_sitenote_category":0,"footnotes":""},"categories":[10],"tags":[586,585,587],"acf":[],"publishpress_future_action":{"enabled":false,"date":"1969-12-31 21:00:00","action":"","terms":[],"taxonomy":"","browser_timezone_offset":0},"_links":{"self":[{"href":"https:\/\/portalfloresnoar.com\/floresnoar\/wp-json\/wp\/v2\/posts\/30369"}],"collection":[{"href":"https:\/\/portalfloresnoar.com\/floresnoar\/wp-json\/wp\/v2\/posts"}],"about":[{"href":"https:\/\/portalfloresnoar.com\/floresnoar\/wp-json\/wp\/v2\/types\/post"}],"author":[{"embeddable":true,"href":"https:\/\/portalfloresnoar.com\/floresnoar\/wp-json\/wp\/v2\/users\/1"}],"replies":[{"embeddable":true,"href":"https:\/\/portalfloresnoar.com\/floresnoar\/wp-json\/wp\/v2\/comments?post=30369"}],"version-history":[{"count":1,"href":"https:\/\/portalfloresnoar.com\/floresnoar\/wp-json\/wp\/v2\/posts\/30369\/revisions"}],"predecessor-version":[{"id":45050,"href":"https:\/\/portalfloresnoar.com\/floresnoar\/wp-json\/wp\/v2\/posts\/30369\/revisions\/45050"}],"wp:featuredmedia":[{"embeddable":true,"href":"https:\/\/portalfloresnoar.com\/floresnoar\/wp-json\/wp\/v2\/media\/30372"}],"wp:attachment":[{"href":"https:\/\/portalfloresnoar.com\/floresnoar\/wp-json\/wp\/v2\/media?parent=30369"}],"wp:term":[{"taxonomy":"category","embeddable":true,"href":"https:\/\/portalfloresnoar.com\/floresnoar\/wp-json\/wp\/v2\/categories?post=30369"},{"taxonomy":"post_tag","embeddable":true,"href":"https:\/\/portalfloresnoar.com\/floresnoar\/wp-json\/wp\/v2\/tags?post=30369"}],"curies":[{"name":"wp","href":"https:\/\/api.w.org\/{rel}","templated":true}]}}