

{"id":30361,"date":"2017-09-06T09:32:29","date_gmt":"2017-09-06T12:32:29","guid":{"rendered":"https:\/\/portalfloresnoar.com\/floresnoar\/?p=30361"},"modified":"2017-09-25T11:12:20","modified_gmt":"2017-09-25T14:12:20","slug":"agenda-ba-workshop-arteterapia-corporal-dias-22-23-e-24-de-setembro-no-vale-do-capao","status":"publish","type":"post","link":"https:\/\/portalfloresnoar.com\/floresnoar\/agenda-ba-workshop-arteterapia-corporal-dias-22-23-e-24-de-setembro-no-vale-do-capao\/","title":{"rendered":"[AGENDA BA] &#8216;Workshop Arteterapia Corporal&#8217; dias 22, 23 e 24 de setembro no Vale do Cap\u00e3o"},"content":{"rendered":"<p><img decoding=\"async\" loading=\"lazy\" class=\"aligncenter size-full wp-image-30363\" src=\"https:\/\/portalfloresnoar.com\/floresnoar\/wp-content\/uploads\/2017\/08\/ARTETERAPIA-NA-CHAPADA-DIAMANTINA.png\" alt=\"\" width=\"700\" height=\"981\" srcset=\"https:\/\/portalfloresnoar.com\/floresnoar\/wp-content\/uploads\/2017\/08\/ARTETERAPIA-NA-CHAPADA-DIAMANTINA.png 700w, https:\/\/portalfloresnoar.com\/floresnoar\/wp-content\/uploads\/2017\/08\/ARTETERAPIA-NA-CHAPADA-DIAMANTINA-214x300.png 214w, https:\/\/portalfloresnoar.com\/floresnoar\/wp-content\/uploads\/2017\/08\/ARTETERAPIA-NA-CHAPADA-DIAMANTINA-499x700.png 499w\" sizes=\"(max-width: 700px) 100vw, 700px\" \/><\/p>\n<p>A arteterapeuta e psic\u00f3loga, analista em Bioenerg\u00e9tica, Edna Lopes facilita no Vale do Cap\u00e3o (Chapada Diamantina\/BA), dias 22,23 e 24 de setembro de 2017, o &#8216;Workshop Arteterapia Corporal &#8211; Processos Corporais e Experi\u00eancia Criativa&#8217;. O encontro \u00e9 voltado para profissionais de Sa\u00fade, Educa\u00e7\u00e3o, Artes e demais \u00e1reas onde o criativo possa facilitar o desenvolver de indiv\u00edduos, grupos e institui\u00e7\u00f5es.<\/p>\n<p>&#8220;O workshop visa proporcionar aos participantes experi\u00eancias corporais e atividades de movimento sensibilizadoras da consci\u00eancia corporal, atrav\u00e9s dos exerc\u00edcios da An\u00e1lise Bioenerg\u00e9tica, em conjunto com atividades expressivas com o uso de v\u00e1rios materiais pl\u00e1sticos que possam favorecer e abrir caminhos pessoais e grupais para a expans\u00e3o e express\u00e3o do potencial criativo, que significa o eixo central da proposta arteterap\u00eautica&#8221;, explica Edna.<\/p>\n<p>De acordo com Edna Lopes, a Arteterapia \u00e9 uma disciplina do conhecimento que tem como base o estudo da criatividade, na perspectiva de que atuando nos processos criativos atrav\u00e9s da pintura, colagem, desenhos etc. facilita a express\u00e3o, comunica\u00e7\u00e3o e materializa\u00e7\u00e3o do mundo interno do indiv\u00edduo, ampliando a consci\u00eancia de si mesmo e modelando o criar na vida, no corpo, na arte\u201d.<\/p>\n<p>&#8220;A viv\u00eancia, unindo Corpo e Criatividade, pretende estabelecer rela\u00e7\u00f5es entre os bloqueios corporais e expressivos, atrav\u00e9s das experi\u00eancias com o movimento corporal e o movimento com os materiais expressivos (pintura, colagem Land-arte&#8230;) e suas express\u00f5es simb\u00f3licas.&#8221;<\/p>\n<p>FACILITADORA<br \/>\nEdna Ferreira Lopes (CRP 02\/4739); Arteterapeuta (ARTE-PE 001\/1002); integrante do TRA\u00c7OS \u2013 Estudos em Arteterapia; Analista em Bioenerg\u00e9tica \u2013 Local Trainer; Presidente da Associa\u00e7\u00e3o Pernambucana de Arteterapia ARTE-PE; Membro do Conselho da UBAAT \u2013 Uni\u00e3o Brasileira das Associa\u00e7\u00f5es de Arteterapia.<\/p>\n<p><strong>Data:<\/strong> 22,23 e 24 de Setembro de 2017<br \/>\n<strong>Local:<\/strong> Castelo das Carrapetas \u2013 Instituto Integrativo de Sa\u00fade, Educa\u00e7\u00e3o e Meio-Ambiente &#8211; Vale do Cap\u00e3o \u2013 Chapada Diamantina \u2013Bahia<\/p>\n<p><strong>Mais informa\u00e7\u00f5es e inscri\u00e7\u00f5es:<\/strong><br \/>\nAnna Fl\u00e1via Brasil<br \/>\ncastelodascarrapetas@gmail.com<br \/>\n(75) 99926.1180<\/p>\n","protected":false},"excerpt":{"rendered":"<p>A arteterapeuta e psic\u00f3loga, analista em Bioenerg\u00e9tica, Edna Lopes facilita no Vale do Cap\u00e3o (Chapada Diamantina\/BA), dias 22,23 e 24 de setembro de 2017, o &#8216;Workshop Arteterapia Corporal &#8211; Processos Corporais e Experi\u00eancia Criativa&#8217;. O encontro \u00e9 voltado para profissionais de Sa\u00fade, Educa\u00e7\u00e3o, Artes e demais \u00e1reas onde o criativo possa facilitar o desenvolver de [&hellip;]<\/p>\n","protected":false},"author":1,"featured_media":30364,"comment_status":"open","ping_status":"open","sticky":false,"template":"","format":"standard","meta":{"om_disable_all_campaigns":false,"_monsterinsights_skip_tracking":false,"_monsterinsights_sitenote_active":false,"_monsterinsights_sitenote_note":"","_monsterinsights_sitenote_category":0,"footnotes":""},"categories":[8,217],"tags":[34,132,244,515],"acf":[],"publishpress_future_action":{"enabled":false,"date":"1969-12-31 21:00:00","action":"","terms":[],"taxonomy":"","browser_timezone_offset":0},"_links":{"self":[{"href":"https:\/\/portalfloresnoar.com\/floresnoar\/wp-json\/wp\/v2\/posts\/30361"}],"collection":[{"href":"https:\/\/portalfloresnoar.com\/floresnoar\/wp-json\/wp\/v2\/posts"}],"about":[{"href":"https:\/\/portalfloresnoar.com\/floresnoar\/wp-json\/wp\/v2\/types\/post"}],"author":[{"embeddable":true,"href":"https:\/\/portalfloresnoar.com\/floresnoar\/wp-json\/wp\/v2\/users\/1"}],"replies":[{"embeddable":true,"href":"https:\/\/portalfloresnoar.com\/floresnoar\/wp-json\/wp\/v2\/comments?post=30361"}],"version-history":[{"count":0,"href":"https:\/\/portalfloresnoar.com\/floresnoar\/wp-json\/wp\/v2\/posts\/30361\/revisions"}],"wp:featuredmedia":[{"embeddable":true,"href":"https:\/\/portalfloresnoar.com\/floresnoar\/wp-json\/wp\/v2\/media\/30364"}],"wp:attachment":[{"href":"https:\/\/portalfloresnoar.com\/floresnoar\/wp-json\/wp\/v2\/media?parent=30361"}],"wp:term":[{"taxonomy":"category","embeddable":true,"href":"https:\/\/portalfloresnoar.com\/floresnoar\/wp-json\/wp\/v2\/categories?post=30361"},{"taxonomy":"post_tag","embeddable":true,"href":"https:\/\/portalfloresnoar.com\/floresnoar\/wp-json\/wp\/v2\/tags?post=30361"}],"curies":[{"name":"wp","href":"https:\/\/api.w.org\/{rel}","templated":true}]}}