

{"id":30344,"date":"2017-08-21T12:14:11","date_gmt":"2017-08-21T15:14:11","guid":{"rendered":"https:\/\/portalfloresnoar.com\/floresnoar\/?p=30344"},"modified":"2022-03-04T11:30:04","modified_gmt":"2022-03-04T14:30:04","slug":"eclipse-solar-total-de-2182017-ativa-nosso-poder-de-co-criacao","status":"publish","type":"post","link":"https:\/\/portalfloresnoar.com\/floresnoar\/eclipse-solar-total-de-2182017-ativa-nosso-poder-de-co-criacao\/","title":{"rendered":"Eclipse Solar Total de 21\/8\/2017 ativa o nosso poder de co-cria\u00e7\u00e3o"},"content":{"rendered":"<p><img decoding=\"async\" loading=\"lazy\" class=\"aligncenter wp-image-30345\" src=\"https:\/\/portalfloresnoar.com\/floresnoar\/wp-content\/uploads\/2017\/08\/eclipase-solar_foto-free_wikimedia-commons.jpg\" alt=\"\" width=\"691\" height=\"385\" srcset=\"https:\/\/portalfloresnoar.com\/floresnoar\/wp-content\/uploads\/2017\/08\/eclipase-solar_foto-free_wikimedia-commons.jpg 720w, https:\/\/portalfloresnoar.com\/floresnoar\/wp-content\/uploads\/2017\/08\/eclipase-solar_foto-free_wikimedia-commons-300x167.jpg 300w, https:\/\/portalfloresnoar.com\/floresnoar\/wp-content\/uploads\/2017\/08\/eclipase-solar_foto-free_wikimedia-commons-700x390.jpg 700w\" sizes=\"(max-width: 691px) 100vw, 691px\" \/><\/p>\n<p>| Por Lu Rabelo* |<\/p>\n<p>Desde a antiguidade os eclipses s\u00e3o fen\u00f4menos admirados e temidos. E neste dia 21 de agosto de 2017, \u00e0s 15h30 (hor\u00e1rio de Bras\u00edlia), acontece um Eclipse Solar Total. O fen\u00f4meno ocorre quando a Lua (Nova) se posiciona entre a Terra e o Sol, sombreando o Astro Rei.<\/p>\n<p>De acordo com a astr\u00f3loga <a href=\"https:\/\/www.youtube.com\/channel\/UCdSmm6Wp1vexPuoZh_yRDIw\/videos\" target=\"_blank\" rel=\"noopener\">Claudia Lisboa<\/a>, momentos de eclipse s\u00e3o prop\u00edcios para recolhimento, para olhar e enfrentar o que pode estar escondido na sombra. \u201cDevemos deixar de olhar pra fora e olhar pra dentro, acessando o que est\u00e1 oculto, pra que a gente possa compreender o que se passa na profundeza do nosso ser. \u00c9 preciso acolher nossas sombras e assumir nossas pot\u00eancias\u201d.<\/p>\n<p>No caso deste eclipse solar de 21\/8\/2017 Sol e Lua estar\u00e3o em conjun\u00e7\u00e3o no signo de Le\u00e3o (grau 28). A Lua (emo\u00e7\u00e3o), por uns momentos, ocultar\u00e1 o Sol (consci\u00eancia). O fen\u00f4meno poder\u00e1 ser visto na Am\u00e9rica do Norte, Am\u00e9rica Central e em parte do Norte e Nordeste do Brasil (nessas regi\u00f5es brasileiras o eclipse ser\u00e1 visto encobrindo apenas uma parte da Lua). Mas a energia do eclipse atinge toda a Terra.<\/p>\n<p>A astr\u00f3loga <a href=\"https:\/\/www.youtube.com\/channel\/UCpr-5UMRg5LdZzsUsTKwbSw\/videos\" target=\"_blank\" rel=\"noopener\">D\u00e9bora Mechica<\/a> conta que neste eclipse solar em Le\u00e3o \u00e9 um momento da gente realizar nossas vontades, estruturar nossos desejos, ativar o nosso poder de co-criar na Terra. \u201c\u00c9 um momento de grande empoderamento. \u00c9 preciso olhar para si, reconhecer o poder pessoal, agir com originalidade e criatividade, acreditar no brilho pessoal, ser o que voc\u00ea \u00e9 \u201d. Ela alerta que essas energias ser\u00e3o trabalhadas durante os pr\u00f3ximos seis meses.<\/p>\n<p>\u201cQue sementes vamos plantar hoje e colher daqui a seis meses? O que est\u00e1 emocionalmente mal resolvido? O que eu quero? Para onde vou? Intencione o que voc\u00ea quer criar! \u00c9 momento de ser l\u00edder do pr\u00f3prio destino! \u201c, provoca o astr\u00f3logo <a href=\"https:\/\/www.youtube.com\/channel\/UCYUOHxEaxK0Ev7kC_jMvtIw\/videos\" target=\"_blank\" rel=\"noopener\">Nilton Schutz<\/a>.<\/p>\n<p>O estudioso do Sincron\u00e1rio de 13 Luas\/ 28 dias, <a href=\"https:\/\/www.youtube.com\/user\/factormaya\/videos\" target=\"_blank\" rel=\"noopener\">Ka Munik Balam<\/a>, lembra que para os Maias os eclipses s\u00e3o eventos de muita transforma\u00e7\u00e3o, de morte e renascimento. \u201c\u00c9 necess\u00e1rio canalizar essas energias de forma criativa, ocasi\u00e3o importante para meditar, se movimentar, e se expressar artisticamente\u201d.<\/p>\n<p>A astr\u00f3loga Carolina Le\u00e3o, da <a href=\"https:\/\/www.facebook.com\/nauastrologia\" target=\"_blank\" rel=\"noopener\">Nau Astrologia<\/a>, declara: &#8220;Um eclipse \u00e9 como a Torre, a carta mais temida do tar\u00f4: o que n\u00e3o foi constru\u00eddo sobre bases s\u00f3lidas tende a ser rompido. Por outro lado, uma mudan\u00e7a radical em nossa vida \u00e9 muitas vezes necess\u00e1ria para que a gente se movimente, atue, inicie novos ciclos e outras aventuras que devem acontecer para o nosso amadurecimento. Eclipse s\u00e3o, afinal, o ponto m\u00e1ximo em que o que foi produzido, sentido e realizado na vida de cada indiv\u00edduo tenha agora uma reverbera\u00e7\u00e3o maior&#8221;.<\/p>\n<p>SAIBA MAIS SOBRE O ECLIPSE SOLAR DE 21\/8\/2017 no v\u00eddeo abaixo:<\/p>\n<div style=\"position: relative; height: 0; padding-bottom: 56.25%;\"><iframe loading=\"lazy\" style=\"position: absolute; width: 100%; height: 100%; left: 0;\" src=\"https:\/\/www.youtube.com\/embed\/tixtQe2gkuE?ecver=2\" width=\"640\" height=\"360\" frameborder=\"0\" allowfullscreen=\"allowfullscreen\"><\/iframe><\/div>\n<p>&nbsp;<\/p>\n<p>SUGEST\u00c3O DE RITUAL PARA SER FEITO NO ECLIPSE SOLAR:<\/p>\n<div style=\"position: relative; height: 0; padding-bottom: 56.25%;\"><iframe loading=\"lazy\" style=\"position: absolute; width: 100%; height: 100%; left: 0;\" src=\"https:\/\/www.youtube.com\/embed\/AFnN7PopW9g?ecver=2\" width=\"640\" height=\"360\" frameborder=\"0\" allowfullscreen=\"allowfullscreen\"><\/iframe><\/div>\n<div><\/div>\n<div>\n<pre><em>* Lu Rabelo \u00e9 <a href=\"https:\/\/www.instagram.com\/canto.de.lu\/\" target=\"_blank\" rel=\"noopener noreferrer\">cantadeira,<\/a>\u00a0arteterapeuta, yogaterapeuta, aromaterapeuta, jornalista \r\ne editora do <a href=\"http:\/\/portalfloresnoar.com\/\" target=\"_blank\" rel=\"noopener noreferrer\">Portal Flores no Ar<\/a>. \u00c9 estudiosa de Xamanismo, Astrologia e Tarot.<\/em><\/pre>\n<\/div>\n","protected":false},"excerpt":{"rendered":"<p>| Por Lu Rabelo* | Desde a antiguidade os eclipses s\u00e3o fen\u00f4menos admirados e temidos. E neste dia 21 de agosto de 2017, \u00e0s 15h30 (hor\u00e1rio de Bras\u00edlia), acontece um Eclipse Solar Total. O fen\u00f4meno ocorre quando a Lua (Nova) se posiciona entre a Terra e o Sol, sombreando o Astro Rei. De acordo com [&hellip;]<\/p>\n","protected":false},"author":1,"featured_media":30345,"comment_status":"open","ping_status":"open","sticky":false,"template":"","format":"standard","meta":{"om_disable_all_campaigns":false,"_monsterinsights_skip_tracking":false,"_monsterinsights_sitenote_active":false,"_monsterinsights_sitenote_note":"","_monsterinsights_sitenote_category":0,"footnotes":""},"categories":[10],"tags":[18,136,467,1124,584,588],"acf":[],"publishpress_future_action":{"enabled":false,"date":"1969-12-31 21:00:00","action":"","terms":[],"taxonomy":"","browser_timezone_offset":0},"_links":{"self":[{"href":"https:\/\/portalfloresnoar.com\/floresnoar\/wp-json\/wp\/v2\/posts\/30344"}],"collection":[{"href":"https:\/\/portalfloresnoar.com\/floresnoar\/wp-json\/wp\/v2\/posts"}],"about":[{"href":"https:\/\/portalfloresnoar.com\/floresnoar\/wp-json\/wp\/v2\/types\/post"}],"author":[{"embeddable":true,"href":"https:\/\/portalfloresnoar.com\/floresnoar\/wp-json\/wp\/v2\/users\/1"}],"replies":[{"embeddable":true,"href":"https:\/\/portalfloresnoar.com\/floresnoar\/wp-json\/wp\/v2\/comments?post=30344"}],"version-history":[{"count":0,"href":"https:\/\/portalfloresnoar.com\/floresnoar\/wp-json\/wp\/v2\/posts\/30344\/revisions"}],"wp:featuredmedia":[{"embeddable":true,"href":"https:\/\/portalfloresnoar.com\/floresnoar\/wp-json\/wp\/v2\/media\/30345"}],"wp:attachment":[{"href":"https:\/\/portalfloresnoar.com\/floresnoar\/wp-json\/wp\/v2\/media?parent=30344"}],"wp:term":[{"taxonomy":"category","embeddable":true,"href":"https:\/\/portalfloresnoar.com\/floresnoar\/wp-json\/wp\/v2\/categories?post=30344"},{"taxonomy":"post_tag","embeddable":true,"href":"https:\/\/portalfloresnoar.com\/floresnoar\/wp-json\/wp\/v2\/tags?post=30344"}],"curies":[{"name":"wp","href":"https:\/\/api.w.org\/{rel}","templated":true}]}}