

{"id":30336,"date":"2017-02-20T15:22:34","date_gmt":"2017-02-20T18:22:34","guid":{"rendered":"https:\/\/portalfloresnoar.com\/floresnoar\/?p=30336"},"modified":"2017-09-13T20:08:51","modified_gmt":"2017-09-13T23:08:51","slug":"wallace-liimaa-promove-carava-quantica-percorrendo-10-cidades-brasileiras","status":"publish","type":"post","link":"https:\/\/portalfloresnoar.com\/floresnoar\/wallace-liimaa-promove-carava-quantica-percorrendo-10-cidades-brasileiras\/","title":{"rendered":"Wallace Liimaa promove Caravana Qu\u00e2ntica percorrendo 10 cidades brasileiras"},"content":{"rendered":"<div style=\"position: relative; height: 0; padding-bottom: 56.25%;\"><iframe loading=\"lazy\" style=\"position: absolute; width: 100%; height: 100%; left: 0;\" src=\"https:\/\/www.youtube.com\/embed\/KOXr6dqJ7I4?ecver=2\" width=\"640\" height=\"360\" frameborder=\"0\" allowfullscreen=\"allowfullscreen\"><\/iframe><\/div>\n<p>&nbsp;<\/p>\n<p>O idealizador e organizador do Simp\u00f3sio Internacional de Sa\u00fade Qu\u00e2ntica e Qualidade de Vida, Wallace Liimaa, realiza em agosto e setembro de 2017 uma Caravana Qu\u00e2ntica em v\u00e1rias cidades brasileiras, oferecendo palestras gratuitas e workshops com o tema\u00a0<strong> \u2018A incr\u00edvel m\u00e1quina de criar realidades \u2013 como usar o seu c\u00e9rebro para criar um novo eu\u2019<\/strong>. \u00a0A Caravana Qu\u00e2ntica faz parte da divulga\u00e7\u00e3o do<strong>\u00a0<a href=\"https:\/\/portalfloresnoar.com\/floresnoar\/agenda-pe-inscricoes-abertas-para-o-v-simposio-internacional-de-saude-quantica-e-qualidade-de-vida\/\" target=\"_blank\" rel=\"noopener\">V\u00a0Simp\u00f3sio Internacional de Sa\u00fade Qu\u00e2ntica e Qualidade de Vida<\/a><\/strong>, que ser\u00e1 realizado nos dias 20, 21 e 22 de outubro, no Recife.<\/p>\n<p>Na ocasi\u00e3o, \u00a0ele\u00a0abordar\u00e1 os fundamentos cient\u00edficos da Sa\u00fade Qu\u00e2ntica, Neuroci\u00eancia e Epigen\u00e9tica , para despertar a nas pessoas a capacidade de cuidar de si, do outro e da natureza com conhecimentos aplicados \u00e0 Sa\u00fade e Desenvolvimento Pessoal, que revelam como podemos despertar o potencial inato do pr\u00f3prio corpo de se auto-curar.<\/p>\n<p>\u201cImagine aprender a usar todo o potencial do seu c\u00e9rebro e ser capaz de transformar a sua qu\u00edmica corporal apenas mudando a rela\u00e7\u00e3o que tem consigo mesmo e com o seu estilo de vida. Imagine-se sendo o senhor e a senhora dos seus pensamentos e das suas emo\u00e7\u00f5es, ao inv\u00e9s de ser escravo deles. Imagine-se libertando-se de todo sentimento de autossabotagem, vitimiza\u00e7\u00e3o e reclama\u00e7\u00e3o e sendo protagonista consciente da sua hist\u00f3ria, do seu destino. Essas ser\u00e3o as tem\u00e1ticas que trataremos nas palestras e aprofundaremos nos workshpos\u201d, explica Wallace.<\/p>\n<p><strong>Mais informa\u00e7\u00f5es:\u00a0<\/strong>(81) 9.9335.4148 | 3034.6315<\/p>\n<h4>PROGRAMA\u00c7\u00c3O DA CARAVANA QU\u00c2NTICA<\/h4>\n<p><strong>RECIFE<\/strong><br \/>\nPalestra \u2013 S\u00e1bado \u2013 19\/08 | 9h<br \/>\nWorkshop \u2013 Domingo \u2013 20\/08 | 9h<br \/>\nLocal: ACADEMIA PERNAMBUCANA DE LETRAS \u2013 Av. Rui Barbosa, 1596 \u2013 Gra\u00e7as, Recife\/PE<\/p>\n<p><strong>MACEI\u00d3<\/strong><br \/>\nPalestra \u2013 Quarta-feira \u2013 23\/08 | 19h30<br \/>\nLocal: Audit\u00f3rio da Federa\u00e7\u00e3o das Ind\u00fastrias<br \/>\nRua Fernandes Lima, 385 \u2013 Farol, Macei\u00f3<\/p>\n<p>Workshop \u2013 Quinta-feira \u2013 24\/08 | 18h30<br \/>\nLocal: Instituto Ser Luz<br \/>\nRua Desembargador Valente Lima, 338, Mangabeiras<\/p>\n<p><strong>PETROLINA<\/strong><br \/>\nPalestra \u2013 Quarta-feira \u2013 30\/08 | 19h30<br \/>\nLocal: SESC PETROLINA: Rua Pac\u00edfico da Luz, 618, Centro<\/p>\n<p><strong>SALVADOR<\/strong><br \/>\nPalestra \u2013 Sexta-feira \u2013 01\/09 | 14h<br \/>\nLocal: UFBA \u2013 Escola de Administra\u00e7\u00e3o do Vale do Canela s\/n. Sala 6<\/p>\n<p>Palestra \u2013 Sexta-feira \u2013 01\/09 |19h<br \/>\nLocal: UNIRB Av. Tamburugy, 474 \u2013 Patamares<\/p>\n<p>Workshop \u2013 S\u00e1bado \u2013 02\/09 | 9h<br \/>\nLocal: Esta\u00e7\u00e3o do Ser \u2013 Avenida ACM, 4009 \u2013 Edif\u00edcio Empire Center 1\u00ba andar, Lj 2<\/p>\n<p><strong>CURITIBA<\/strong><br \/>\nPalestra \u2013 Quarta-feira \u2013 13\/09 | 19h00<br \/>\nLocal: Lizon Curitiba Hotel \u2013 Av. 7 de setembro, 2246, Centro.<\/p>\n<p>Workshop \u2013 Quinta-feira 14\/09 | 18h30<br \/>\nLocal: Lizon Curitiba Hotel \u2013 Av. 7 de setembro, 2246, Centro.<\/p>\n<p><strong>RIO DE JANEIRO<\/strong><br \/>\nPalestra \u2013 S\u00e1bado \u2013 16\/09 | 9h<br \/>\nFACULDADE BEZERRA DE ARA\u00daJO \u2013 Campo Grande \u2013 Rio de Janeiro \u2013 rua Carius, 179<\/p>\n<p>Palestra \u2013 Domingo \u2013 17\/09 | 9h<br \/>\nLocal: Hotel Regina, Rua Ferreira Viana, 29, Flamengo<\/p>\n<p>Workshop \u2013 Segunda-feira \u2013 18\/09 \u2013 | 18h30<br \/>\nLocal: ESPA\u00c7O ESTA\u00c7\u00c3O \u2013 Rua Buenos Aires 90 5\u00ba andar sala 501 Centro \u2013 frente ao Mercado das Flores<\/p>\n<p><strong>S\u00c3O PAULO<\/strong><br \/>\nPalestra \u2013 Quarta-feira \u2013 20\/09 | 20h30<br \/>\nLocal: Astrol\u00e1bio Centro Terap\u00eautico<br \/>\nEndere\u00e7o: Dona Ana Pimentel 225 \u2013 \u00c1gua Branca \u2013 S\u00e3o Paulo<\/p>\n<p>Workshop \u2013 Quinta-feira 21\/09| 18h30<br \/>\nLocal: Astrol\u00e1bio Centro Terap\u00eautico<br \/>\nEndere\u00e7o: Dona Ana Pimentel 225 \u2013 \u00c1gua Branca \u2013 S\u00e3o Paulo<\/p>\n<p><strong>BRAS\u00cdLIA<\/strong><br \/>\nPalestra \u2013 S\u00e1bado \u2013 23\/09 | 16h<br \/>\nLocal: Escola Qu\u00e2ntica e Hol\u00edstica \u2013 SGAS \u2013 Qd, 616. Sala 223 Cobertura. Asa Sul \/ Bras\u00edlia \u2013 DF.<\/p>\n<p>Workshop \u2013 Domingo \u2013 24\/09 | 9h<br \/>\nLocal: Escola Qu\u00e2ntica e Hol\u00edstica \u2013 SGAS \u2013 Qd, 616. Sala 223 Cobertura. Asa Sul \/ Bras\u00edlia \u2013 DF<\/p>\n<p><strong>NATAL<\/strong><br \/>\nPalestra \u2013 Quinta-feira \u2013 28\/09 | 19h30<br \/>\nLocal: Audit\u00f3rio UFRN \u2013 Departamento de Enfermagem \u2013 Av. Salgado Filho, S\/N- Lagoa Nova<\/p>\n<p>Workshop \u2013 S\u00e1bado \u2013 30\/09 | 18h30<br \/>\nLocal: Monza Palace hotel &amp; convention, Av. Salgado Filho, 3490, Candel\u00e1ria<br \/>\nHor\u00e1rio: 9h \u00e0s 13h<\/p>\n<p><strong>SERRA TALHADA<\/strong><br \/>\nPalestra \u2013 Quarta-feira \u2013 04\/10 | 19h30<br \/>\nLocal: C\u00e2mara Municipal. Rua: Enock Ign\u00e1cio de Oliveira, 1280.<\/p>\n<h4><a href=\"https:\/\/portalfloresnoar.com\/floresnoar\/agenda-pe-inscricoes-abertas-para-o-v-simposio-internacional-de-saude-quantica-e-qualidade-de-vida\/\" target=\"_blank\" rel=\"noopener\">MAIS INFORMA\u00c7\u00d5ES SOBRE O SIMP\u00d3SIO DE SA\u00daDE QU\u00c2NTICA AQUI!<\/a><\/h4>\n","protected":false},"excerpt":{"rendered":"<p>&nbsp; O idealizador e organizador do Simp\u00f3sio Internacional de Sa\u00fade Qu\u00e2ntica e Qualidade de Vida, Wallace Liimaa, realiza em agosto e setembro de 2017 uma Caravana Qu\u00e2ntica em v\u00e1rias cidades brasileiras, oferecendo palestras gratuitas e workshops com o tema\u00a0 \u2018A incr\u00edvel m\u00e1quina de criar realidades \u2013 como usar o seu c\u00e9rebro para criar um novo [&hellip;]<\/p>\n","protected":false},"author":1,"featured_media":30337,"comment_status":"open","ping_status":"open","sticky":false,"template":"","format":"standard","meta":{"om_disable_all_campaigns":false,"_monsterinsights_skip_tracking":false,"_monsterinsights_sitenote_active":false,"_monsterinsights_sitenote_note":"","_monsterinsights_sitenote_category":0,"footnotes":""},"categories":[9],"tags":[25,496,422],"acf":[],"publishpress_future_action":{"enabled":false,"date":"1969-12-31 21:00:00","action":"","terms":[],"taxonomy":"","browser_timezone_offset":0},"_links":{"self":[{"href":"https:\/\/portalfloresnoar.com\/floresnoar\/wp-json\/wp\/v2\/posts\/30336"}],"collection":[{"href":"https:\/\/portalfloresnoar.com\/floresnoar\/wp-json\/wp\/v2\/posts"}],"about":[{"href":"https:\/\/portalfloresnoar.com\/floresnoar\/wp-json\/wp\/v2\/types\/post"}],"author":[{"embeddable":true,"href":"https:\/\/portalfloresnoar.com\/floresnoar\/wp-json\/wp\/v2\/users\/1"}],"replies":[{"embeddable":true,"href":"https:\/\/portalfloresnoar.com\/floresnoar\/wp-json\/wp\/v2\/comments?post=30336"}],"version-history":[{"count":0,"href":"https:\/\/portalfloresnoar.com\/floresnoar\/wp-json\/wp\/v2\/posts\/30336\/revisions"}],"wp:featuredmedia":[{"embeddable":true,"href":"https:\/\/portalfloresnoar.com\/floresnoar\/wp-json\/wp\/v2\/media\/30337"}],"wp:attachment":[{"href":"https:\/\/portalfloresnoar.com\/floresnoar\/wp-json\/wp\/v2\/media?parent=30336"}],"wp:term":[{"taxonomy":"category","embeddable":true,"href":"https:\/\/portalfloresnoar.com\/floresnoar\/wp-json\/wp\/v2\/categories?post=30336"},{"taxonomy":"post_tag","embeddable":true,"href":"https:\/\/portalfloresnoar.com\/floresnoar\/wp-json\/wp\/v2\/tags?post=30336"}],"curies":[{"name":"wp","href":"https:\/\/api.w.org\/{rel}","templated":true}]}}